{"id":30883669,"date":"2024-10-04T10:16:34","date_gmt":"2024-10-04T08:16:34","guid":{"rendered":"https:\/\/www.upo.es\/diario\/?p=30883669"},"modified":"2024-12-03T12:34:22","modified_gmt":"2024-12-03T11:34:22","slug":"el-equipo-interdisciplinar-espanol-del-proyecto-atlas-se-reune-en-la-universidad-pablo-de-olavide","status":"publish","type":"post","link":"https:\/\/www.upo.es\/diario\/docencia-formacion\/2024\/10\/el-equipo-interdisciplinar-espanol-del-proyecto-atlas-se-reune-en-la-universidad-pablo-de-olavide\/","title":{"rendered":"El equipo interdisciplinar espa\u00f1ol del Proyecto Atlas se re\u00fane en la Universidad Pablo de Olavide"},"content":{"rendered":"<figure id=\"attachment_30883670\" aria-describedby=\"caption-attachment-30883670\" style=\"width: 750px\" class=\"wp-caption aligncenter\"><a href=\"https:\/\/www.upo.es\/diario\/wp-content\/uploads\/2024\/10\/ProyectoAtlas-scaled.jpg\"><img loading=\"lazy\" decoding=\"async\" class=\"size-large wp-image-30883670\" src=\"https:\/\/www.upo.es\/diario\/wp-content\/uploads\/2024\/10\/ProyectoAtlas-750x500.jpg\" alt=\"Las personas integrantes del equipo espa\u00f1ol han participado tanto de manera presencial como online.\" width=\"750\" height=\"500\" srcset=\"https:\/\/www.upo.es\/diario\/wp-content\/uploads\/2024\/10\/ProyectoAtlas-750x500.jpg 750w, https:\/\/www.upo.es\/diario\/wp-content\/uploads\/2024\/10\/ProyectoAtlas-420x280.jpg 420w, https:\/\/www.upo.es\/diario\/wp-content\/uploads\/2024\/10\/ProyectoAtlas-768x512.jpg 768w, https:\/\/www.upo.es\/diario\/wp-content\/uploads\/2024\/10\/ProyectoAtlas-1536x1024.jpg 1536w, https:\/\/www.upo.es\/diario\/wp-content\/uploads\/2024\/10\/ProyectoAtlas-2048x1365.jpg 2048w, https:\/\/www.upo.es\/diario\/wp-content\/uploads\/2024\/10\/ProyectoAtlas-165x109.jpg 165w, https:\/\/www.upo.es\/diario\/wp-content\/uploads\/2024\/10\/ProyectoAtlas-1320x880.jpg 1320w\" sizes=\"auto, (max-width: 750px) 100vw, 750px\" \/><\/a><figcaption id=\"caption-attachment-30883670\" class=\"wp-caption-text\">Las personas integrantes del equipo espa\u00f1ol han participado tanto de manera presencial como online.<\/figcaption><\/figure>\n<p>El equipo interdisciplinar espa\u00f1ol del <strong>Proyecto ATLAS<\/strong> ha celebrado esta semana en la Universidad Pablo de Olavide su primera reuni\u00f3n de coordinaci\u00f3n. Bajo la direcci\u00f3n de <strong>Pilar Ortiz Calder\u00f3n<\/strong>, catedr\u00e1tica del Departamento de Sistemas F\u00edsicos, Qu\u00edmicos y Naturales de la UPO, este encuentro ha tenido como fin organizar la carga de trabajo y planificar las actividades del equipo nacional para el primer a\u00f1o del proyecto, cuya agenda se defini\u00f3 el pasado mes de julio en la reuni\u00f3n inicial del equipo internacional, celebrada en la Universidad Ca&#8217; Foscari de Venecia.<\/p>\n<p>El Proyecto ATLAS, cuyo objetivo principal es desarrollar metodolog\u00edas interdisciplinarias y tecnolog\u00edas digitales para monitorear los peligros clim\u00e1ticos y evaluar la vulnerabilidad de las ciudades hist\u00f3ricas y sus infraestructuras verdes ante el cambio clim\u00e1tico, cuenta con la financiaci\u00f3n del Ministerio de Ciencia, Innovaci\u00f3n y Universidades (MICIU\/AEI) y el cofinanciamiento de la Uni\u00f3n Europea.<\/p>\n<figure id=\"attachment_30883671\" aria-describedby=\"caption-attachment-30883671\" style=\"width: 420px\" class=\"wp-caption alignright\"><a href=\"https:\/\/www.upo.es\/diario\/wp-content\/uploads\/2024\/10\/ProyectoAtlas-1-scaled.jpg\"><img loading=\"lazy\" decoding=\"async\" class=\"size-medium wp-image-30883671\" src=\"https:\/\/www.upo.es\/diario\/wp-content\/uploads\/2024\/10\/ProyectoAtlas-1-420x280.jpg\" alt=\"De izquierda a derecha, Macarena Tejada, Laura Toro, M\u00f3nica Moreno, V\u00edctor Ba\u00f1uls y Pilar Ortiz. \" width=\"420\" height=\"280\" srcset=\"https:\/\/www.upo.es\/diario\/wp-content\/uploads\/2024\/10\/ProyectoAtlas-1-420x280.jpg 420w, https:\/\/www.upo.es\/diario\/wp-content\/uploads\/2024\/10\/ProyectoAtlas-1-750x500.jpg 750w, https:\/\/www.upo.es\/diario\/wp-content\/uploads\/2024\/10\/ProyectoAtlas-1-768x512.jpg 768w, https:\/\/www.upo.es\/diario\/wp-content\/uploads\/2024\/10\/ProyectoAtlas-1-1536x1024.jpg 1536w, https:\/\/www.upo.es\/diario\/wp-content\/uploads\/2024\/10\/ProyectoAtlas-1-2048x1365.jpg 2048w, https:\/\/www.upo.es\/diario\/wp-content\/uploads\/2024\/10\/ProyectoAtlas-1-165x109.jpg 165w, https:\/\/www.upo.es\/diario\/wp-content\/uploads\/2024\/10\/ProyectoAtlas-1-1320x880.jpg 1320w\" sizes=\"auto, (max-width: 420px) 100vw, 420px\" \/><\/a><figcaption id=\"caption-attachment-30883671\" class=\"wp-caption-text\">De izquierda a derecha, Macarena Tejada, Laura Toro, M\u00f3nica Moreno, V\u00edctor Ba\u00f1uls y Pilar Ortiz.<\/figcaption><\/figure>\n<p>La reuni\u00f3n ha contado con la asistencia de manera presencial de la catedr\u00e1tica <strong>Pilar Ortiz Calder\u00f3n<\/strong>; <strong>M\u00f3nica Moreno Falc\u00f3n<\/strong> y <strong>Laura Toro Murillo <\/strong>investigadoras del Departamento de Sistemas F\u00edsicos, Qu\u00edmicos y Naturales; <strong>V\u00edctor Ba\u00f1uls<\/strong> profesor del Departamento de Organizaci\u00f3n de Empresas y Marketing de la UPO; y <strong>Macarena Tejada Tejada<\/strong>, profesora del Departamento de Geograf\u00eda, Historia y Filosof\u00eda, de esta universidad. Por su parte <strong>Gemma Contreras<\/strong> e <strong>Inmaculada Chuli\u00e1<\/strong> (IVRC+i), Instituto Valenciano de Restauraci\u00f3n Conservaci\u00f3n e investigaci\u00f3n; y <strong>Sonsoles Leguey Gal\u00e1n<\/strong>, del Departamento de Econom\u00eda Financiera y Contabilidad de la Universidad Rey Juan Carlos, han participado v\u00eda online.<\/p>\n<p>Pilar Ortiz realiz\u00f3 una presentaci\u00f3n del proyecto, objetivos y casos de estudios en Espa\u00f1a, Francia e Italia, con objeto de estudiar escenarios que vinculen bienes patrimoniales y \u00e1reas verdes para preparar ciudades hist\u00f3ricas para enfrentar los cambios clim\u00e1ticos.<\/p>\n<p>A continuaci\u00f3n, M\u00f3nica Moreno present\u00f3 los bloques de trabajo (WP) correspondientes al primer a\u00f1o, plazos esperados e investigadores que participar\u00e1n para el desarrollo de las actividades y resultados esperados.<\/p>\n<h3><strong>Enfoque innovador e interdisciplinar<\/strong><\/h3>\n<p>El Proyecto ATLAS (<em>Studying symbiotic scenarios linking Heritage assets and green areas to prepare Historic Cities to face Climate Changes<\/em> &#8211; PCI2024-153441) tiene como objetivo mitigar el impacto del cambio clim\u00e1tico en las ciudades hist\u00f3ricas mediante la gesti\u00f3n del patrimonio cultural y la infraestructura verde.<\/p>\n<p>Adem\u00e1s, se trabaja en mejorar la capacidad de respuesta ante emergencias, aumentando la resiliencia de estos entornos urbanos. Este enfoque innovador incluye un an\u00e1lisis interdisciplinar que abarca campos como la historia, la restauraci\u00f3n del patrimonio, la geograf\u00eda y la administraci\u00f3n de emergencias.<\/p>\n<h3><strong>Entidades colaboradoras<\/strong><\/h3>\n<p>El consorcio de ATLAS est\u00e1 liderado por la Universidad Pablo de Olavide, la University Ca&#8217; Foscari Venezia (Italia) y la University Grenoble Alpes (Francia), y cuenta con la participaci\u00f3n de diversas entidades locales e internacionales como el Ayuntamiento de Antequera (Espa\u00f1a), el Instituto Valenciano de Conservaci\u00f3n, Restauraci\u00f3n e Investigaci\u00f3n (IVCR+i), el Ayuntamiento de Treviso (Italia), y la ONG francesa P\u00f4le Alpin Risques Naturels (PARN).<\/p>\n<h3><strong>Actividades iniciales del proyecto<\/strong><\/h3>\n<figure id=\"attachment_30883673\" aria-describedby=\"caption-attachment-30883673\" style=\"width: 420px\" class=\"wp-caption alignleft\"><a href=\"https:\/\/www.upo.es\/diario\/wp-content\/uploads\/2024\/10\/Kickoff-meeting-11-0702024_3-partners.jpeg\"><img loading=\"lazy\" decoding=\"async\" class=\"size-medium wp-image-30883673\" src=\"https:\/\/www.upo.es\/diario\/wp-content\/uploads\/2024\/10\/Kickoff-meeting-11-0702024_3-partners-420x236.jpeg\" alt=\"Imagen de la reuni\u00f3n inicial del proyecto, celebrada el pasado mes de julio en la Universidad Ca' Foscari de Venecia.\" width=\"420\" height=\"236\" srcset=\"https:\/\/www.upo.es\/diario\/wp-content\/uploads\/2024\/10\/Kickoff-meeting-11-0702024_3-partners-420x236.jpeg 420w, https:\/\/www.upo.es\/diario\/wp-content\/uploads\/2024\/10\/Kickoff-meeting-11-0702024_3-partners-750x422.jpeg 750w, https:\/\/www.upo.es\/diario\/wp-content\/uploads\/2024\/10\/Kickoff-meeting-11-0702024_3-partners-768x432.jpeg 768w, https:\/\/www.upo.es\/diario\/wp-content\/uploads\/2024\/10\/Kickoff-meeting-11-0702024_3-partners-1536x864.jpeg 1536w, https:\/\/www.upo.es\/diario\/wp-content\/uploads\/2024\/10\/Kickoff-meeting-11-0702024_3-partners-1320x743.jpeg 1320w, https:\/\/www.upo.es\/diario\/wp-content\/uploads\/2024\/10\/Kickoff-meeting-11-0702024_3-partners.jpeg 1600w\" sizes=\"auto, (max-width: 420px) 100vw, 420px\" \/><\/a><figcaption id=\"caption-attachment-30883673\" class=\"wp-caption-text\">Imagen de la reuni\u00f3n inicial del proyecto, celebrada el pasado mes de julio en la Universidad Ca&#8217; Foscari de Venecia.<\/figcaption><\/figure>\n<p>El pasado 11 de julio tuvo lugar en la Universidad Ca&#8217; Foscari de Venecia la reuni\u00f3n inicial del proyecto, acto que fue inaugurado por el vicerrector y profesor <strong>Antonio Marcomini<\/strong> y el teniente de alcalde del Ayuntamiento de Treviso, <strong>Alessandro Manera<\/strong>. Durante dos d\u00edas, los equipos cient\u00edficos discutieron las l\u00edneas de trabajo iniciales, destacando las intervenciones de la <strong>Pilar Ortiz Calder\u00f3n<\/strong>, l\u00edder del proyecto, y otros expertos como <strong>Elisabetta Zendri<\/strong> (UNIVE),<strong> Edy Fantinato<\/strong> (UNIVE), <strong>Julie Dugdale <\/strong>(UGA), <strong>Gemma Contreras<\/strong> (IVCR+i), <strong>V\u00edctor Ba\u00f1uls<\/strong> (UPO), <strong>Sonsoles Leguey<\/strong> (URJC), <strong>Roc\u00edo Ortiz<\/strong> (UPO), <strong>Laura Toro (<\/strong>UPO) y <strong>M\u00f3nica Moreno<\/strong> (UPO).<\/p>\n<p>Por otro lado, la reuni\u00f3n celebrada esta semana en la Universidad Pablo de Olavide ha sido clave para coordinar los esfuerzos del equipo espa\u00f1ol y avanzar en las tareas programadas. Este encuentro ha establecido las bases para desarrollar los primeros estudios metodol\u00f3gicos y tecnol\u00f3gicos que enfrentar\u00e1n los retos del cambio clim\u00e1tico en las ciudades hist\u00f3ricas, contribuyendo a su preservaci\u00f3n y adaptaci\u00f3n.<\/p>\n","protected":false},"excerpt":{"rendered":"<p>El equipo interdisciplinar espa\u00f1ol del Proyecto ATLAS ha celebrado esta semana en la Universidad Pablo de Olavide su primera reuni\u00f3n de coordinaci\u00f3n. Bajo la direcci\u00f3n de Pilar Ortiz Calder\u00f3n, catedr\u00e1tica del Departamento de Sistemas F\u00edsicos, Qu\u00edmicos y Naturales de la UPO, este encuentro ha tenido como fin organizar la carga de trabajo y planificar las actividades del equipo nacional para el primer a\u00f1o del proyecto, cuya agenda se defini\u00f3 el pasado mes de julio en la reuni\u00f3n inicial del equipo internacional, celebrada en la Universidad Ca&#8217; Foscari de Venecia.<\/p>\n","protected":false},"author":2,"featured_media":30883670,"comment_status":"closed","ping_status":"open","sticky":false,"template":"","format":"standard","meta":{"_monsterinsights_skip_tracking":false,"_monsterinsights_sitenote_active":false,"_monsterinsights_sitenote_note":"","_monsterinsights_sitenote_category":0,"footnotes":""},"categories":[2779],"tags":[593,8954,129,1161,1603,8952,8953],"class_list":["post-30883669","post","type-post","status-publish","format-standard","has-post-thumbnail","hentry","category-docencia-formacion","tag-cambio-climatico","tag-ciudades-historicas","tag-patrimonio","tag-patrimonio-cultural","tag-pilar-ortiz","tag-pilar-ortiz-calderon","tag-proyecto-atlas"],"_links":{"self":[{"href":"https:\/\/www.upo.es\/diario\/wp-json\/wp\/v2\/posts\/30883669","targetHints":{"allow":["GET"]}}],"collection":[{"href":"https:\/\/www.upo.es\/diario\/wp-json\/wp\/v2\/posts"}],"about":[{"href":"https:\/\/www.upo.es\/diario\/wp-json\/wp\/v2\/types\/post"}],"author":[{"embeddable":true,"href":"https:\/\/www.upo.es\/diario\/wp-json\/wp\/v2\/users\/2"}],"replies":[{"embeddable":true,"href":"https:\/\/www.upo.es\/diario\/wp-json\/wp\/v2\/comments?post=30883669"}],"version-history":[{"count":3,"href":"https:\/\/www.upo.es\/diario\/wp-json\/wp\/v2\/posts\/30883669\/revisions"}],"predecessor-version":[{"id":30883675,"href":"https:\/\/www.upo.es\/diario\/wp-json\/wp\/v2\/posts\/30883669\/revisions\/30883675"}],"wp:featuredmedia":[{"embeddable":true,"href":"https:\/\/www.upo.es\/diario\/wp-json\/wp\/v2\/media\/30883670"}],"wp:attachment":[{"href":"https:\/\/www.upo.es\/diario\/wp-json\/wp\/v2\/media?parent=30883669"}],"wp:term":[{"taxonomy":"category","embeddable":true,"href":"https:\/\/www.upo.es\/diario\/wp-json\/wp\/v2\/categories?post=30883669"},{"taxonomy":"post_tag","embeddable":true,"href":"https:\/\/www.upo.es\/diario\/wp-json\/wp\/v2\/tags?post=30883669"}],"curies":[{"name":"wp","href":"https:\/\/api.w.org\/{rel}","templated":true}]}}