{"id":30883697,"date":"2024-10-09T05:54:55","date_gmt":"2024-10-09T03:54:55","guid":{"rendered":"https:\/\/www.upo.es\/diario\/?p=30883697"},"modified":"2024-10-09T11:56:29","modified_gmt":"2024-10-09T09:56:29","slug":"las-elecciones-de-representantes-de-grupos-de-clase-seran-del-14-al-18-de-octubre","status":"publish","type":"post","link":"https:\/\/www.upo.es\/diario\/comunidad\/2024\/10\/las-elecciones-de-representantes-de-grupos-de-clase-seran-del-14-al-18-de-octubre\/","title":{"rendered":"Las elecciones de representantes de grupos de clase ser\u00e1n del 14 al 18 de octubre"},"content":{"rendered":"<p><a href=\"https:\/\/www.upo.es\/diario\/wp-content\/uploads\/2024\/10\/Comienzo-clases-2024-25-3-scaled.jpg\"><img loading=\"lazy\" decoding=\"async\" class=\"aligncenter wp-image-30883704 size-large\" src=\"https:\/\/www.upo.es\/diario\/wp-content\/uploads\/2024\/10\/Comienzo-clases-2024-25-3-750x338.jpg\" alt=\"\" width=\"750\" height=\"338\" srcset=\"https:\/\/www.upo.es\/diario\/wp-content\/uploads\/2024\/10\/Comienzo-clases-2024-25-3-750x338.jpg 750w, https:\/\/www.upo.es\/diario\/wp-content\/uploads\/2024\/10\/Comienzo-clases-2024-25-3-420x189.jpg 420w, https:\/\/www.upo.es\/diario\/wp-content\/uploads\/2024\/10\/Comienzo-clases-2024-25-3-768x346.jpg 768w, https:\/\/www.upo.es\/diario\/wp-content\/uploads\/2024\/10\/Comienzo-clases-2024-25-3-1536x691.jpg 1536w, https:\/\/www.upo.es\/diario\/wp-content\/uploads\/2024\/10\/Comienzo-clases-2024-25-3-2048x922.jpg 2048w, https:\/\/www.upo.es\/diario\/wp-content\/uploads\/2024\/10\/Comienzo-clases-2024-25-3-1320x594.jpg 1320w\" sizes=\"auto, (max-width: 750px) 100vw, 750px\" \/><\/a>La Comisi\u00f3n Electoral de la Universidad Pablo de Olavide ha aprobado los censos que coforman los grupos de clase, que<strong> elegir\u00e1n entre el lunes d\u00eda 14 y el viernes 18 de octubre a sus representantes: delegado o delegada y subdelegado o subdelegada<\/strong>. Cada estudiante figurar\u00e1 como elector, y como elegible, en el grupo en el que tenga mayor n\u00famero de cr\u00e9ditos matriculados.<\/p>\n<p>La informaci\u00f3n con <strong>fechas y horarios en los que se celebrar\u00e1 cada elecci\u00f3n, seg\u00fan grado, curso y clase<\/strong> puede consultarse en <a href=\"https:\/\/www.upo.es\/elecciones\/procesos-electorales\/representantes\/\">www.upo.es\/elecciones <\/a>. <strong>Alumnas y alumnos podr\u00e1n presentar su programa y l\u00edneas de actuaci\u00f3n antes del comienzo de la votaci\u00f3n<\/strong>, y la presentar su candidatura a la presidencia de la Mesa, que ser\u00e1 ejercida por el profesorado que le corresponda la docencia en ese horario.<\/p>\n<p>Las candidaturas electas provisionales ser\u00e1n proclamadas el viernes 25 de octubre, el lunes 28 se podr\u00e1n presentar reclamaciones y el martes 29 quedar\u00e1n proclamados los delegados y delegadas del curso 2024\/2025.<\/p>\n<p>Los representantes de grupos de clase, tanto <strong>delegados y delegadas como sus suplentes, pasar\u00e1n a formar parte del Consejo de Estudiantes de la Universidad Pablo de Olavide (CEUPO), con voz y voto.<\/strong> As\u00ed mismo, designar\u00e1n de entre ellos a los representantes del alumnado en las Juntas de Centro y al delegado o delegada de cada Facultad y de la Escuela Polit\u00e9cnica Superior. En los Consejos de Departamento, el estudiantado contar\u00e1 con un representante por cada titulaci\u00f3n, que ser\u00e1 designado entre por todos los delegados y delegadas de la misma.<\/p>\n<p><strong>M\u00e1s informaci\u00f3n:<\/strong> <a href=\"https:\/\/www.upo.es\/elecciones\/procesos-electorales\/representantes\/\">www.upo.es\/elecciones\/procesos-electorales\/representantes<\/a><\/p>\n","protected":false},"excerpt":{"rendered":"<p>La Comisi\u00f3n Electoral de la Universidad Pablo de Olavide ha aprobado los censos que coforman los grupos de clase, que elegir\u00e1n entre el lunes d\u00eda 14 y el viernes 18 de octubre a sus representantes: delegado o delegada y subdelegado o subdelegada. Cada estudiante figurar\u00e1 como elector, y como elegible, en el grupo en el que tenga mayor n\u00famero de cr\u00e9ditos matriculados.<\/p>\n","protected":false},"author":6,"featured_media":30883704,"comment_status":"closed","ping_status":"open","sticky":false,"template":"","format":"standard","meta":{"_monsterinsights_skip_tracking":false,"_monsterinsights_sitenote_active":false,"_monsterinsights_sitenote_note":"","_monsterinsights_sitenote_category":0,"footnotes":""},"categories":[5842],"tags":[1930,69,21,266,8039],"class_list":["post-30883697","post","type-post","status-publish","format-standard","has-post-thumbnail","hentry","category-comunidad","tag-delegadosas-de-clase","tag-elecciones","tag-estudiantes","tag-grados","tag-representantes"],"_links":{"self":[{"href":"https:\/\/www.upo.es\/diario\/wp-json\/wp\/v2\/posts\/30883697","targetHints":{"allow":["GET"]}}],"collection":[{"href":"https:\/\/www.upo.es\/diario\/wp-json\/wp\/v2\/posts"}],"about":[{"href":"https:\/\/www.upo.es\/diario\/wp-json\/wp\/v2\/types\/post"}],"author":[{"embeddable":true,"href":"https:\/\/www.upo.es\/diario\/wp-json\/wp\/v2\/users\/6"}],"replies":[{"embeddable":true,"href":"https:\/\/www.upo.es\/diario\/wp-json\/wp\/v2\/comments?post=30883697"}],"version-history":[{"count":3,"href":"https:\/\/www.upo.es\/diario\/wp-json\/wp\/v2\/posts\/30883697\/revisions"}],"predecessor-version":[{"id":30883707,"href":"https:\/\/www.upo.es\/diario\/wp-json\/wp\/v2\/posts\/30883697\/revisions\/30883707"}],"wp:featuredmedia":[{"embeddable":true,"href":"https:\/\/www.upo.es\/diario\/wp-json\/wp\/v2\/media\/30883704"}],"wp:attachment":[{"href":"https:\/\/www.upo.es\/diario\/wp-json\/wp\/v2\/media?parent=30883697"}],"wp:term":[{"taxonomy":"category","embeddable":true,"href":"https:\/\/www.upo.es\/diario\/wp-json\/wp\/v2\/categories?post=30883697"},{"taxonomy":"post_tag","embeddable":true,"href":"https:\/\/www.upo.es\/diario\/wp-json\/wp\/v2\/tags?post=30883697"}],"curies":[{"name":"wp","href":"https:\/\/api.w.org\/{rel}","templated":true}]}}