{"id":30883745,"date":"2024-10-11T22:35:13","date_gmt":"2024-10-11T20:35:13","guid":{"rendered":"https:\/\/www.upo.es\/diario\/?p=30883745"},"modified":"2024-11-18T09:18:40","modified_gmt":"2024-11-18T08:18:40","slug":"comunicado-de-aupa-sobre-la-pau-2025","status":"publish","type":"post","link":"https:\/\/www.upo.es\/diario\/institucional\/2024\/10\/comunicado-de-aupa-sobre-la-pau-2025\/","title":{"rendered":"Comunicado de AUPA sobre la PAU 2025"},"content":{"rendered":"<p><a href=\"https:\/\/www.upo.es\/diario\/wp-content\/uploads\/2024\/05\/np_LOGOS_AUPA.jpg\"><img loading=\"lazy\" decoding=\"async\" class=\"aligncenter wp-image-30882167 size-large\" src=\"https:\/\/www.upo.es\/diario\/wp-content\/uploads\/2024\/05\/np_LOGOS_AUPA-750x384.jpg\" alt=\"Universidades P\u00fablicas Andaluzas\" width=\"750\" height=\"384\" srcset=\"https:\/\/www.upo.es\/diario\/wp-content\/uploads\/2024\/05\/np_LOGOS_AUPA-750x384.jpg 750w, https:\/\/www.upo.es\/diario\/wp-content\/uploads\/2024\/05\/np_LOGOS_AUPA-420x215.jpg 420w, https:\/\/www.upo.es\/diario\/wp-content\/uploads\/2024\/05\/np_LOGOS_AUPA-768x393.jpg 768w, https:\/\/www.upo.es\/diario\/wp-content\/uploads\/2024\/05\/np_LOGOS_AUPA.jpg 880w\" sizes=\"auto, (max-width: 750px) 100vw, 750px\" \/><\/a>En el d\u00eda de hoy ha tenido lugar en la Universidad de Almer\u00eda la reuni\u00f3n de la Comisi\u00f3n de Coordinaci\u00f3n Interuniversitaria. En ella, se ha procedido<strong> a la aprobaci\u00f3n de todas las fechas, calendarios y procesos relacionados con la celebraci\u00f3n en Andaluc\u00eda de la PAU 2025<\/strong>. Para ello, se han seguido las indicaciones recogidas en los acuerdos consensuados en la sectorial de Crue-Asuntos Estudiantiles, reunida en sesi\u00f3n plenaria a finales de septiembre. El objetivo de estos acuerdos es armonizar la celebraci\u00f3n de esta prueba en todo el Estado.<\/p>\n<p>Estas decisiones adoptadas en el d\u00eda de hoy, al igual que las especificaciones de materiales y orientaciones, junto a los criterios generales de evaluaci\u00f3n de cada una de las materias, elaborados en las distintas ponencias, se elevar\u00e1n de inmediato al Distrito \u00danico Andaluz para su publicaci\u00f3n y difusi\u00f3n el pr\u00f3ximo lunes.<\/p>\n<p>La rectora y los rectores de las universidades p\u00fablicas andaluzas quieren agradecer a sus direcciones de acceso y a las distintas ponencias de la PAU el intenso trabajo realizado durante los \u00faltimos meses, aplicando su larga experiencia t\u00e9cnica en la organizaci\u00f3n de estas pruebas, buscando siempre las mejores condiciones y la mayor<br \/>\ncertidumbre posible para el estudiantado que a ellas se presenta.<\/p>\n<hr \/>\n<p>Jos\u00e9 Joaqu\u00edn C\u00e9spedes Lorente, Rector de la Universidad de Almer\u00eda<br \/>\nCasimiro Mantell Serrano, Rector Universidad de C\u00e1diz<br \/>\nManuel Torralbo Rodr\u00edguez, Rector de la Universidad de C\u00f3rdoba<br \/>\nPedro Mercado Pacheco, Rector de la Universidad de Granada<br \/>\nM\u00aa Antonia Pe\u00f1a Guerrero, Rectora de la Universidad de Huelva<br \/>\nJos\u00e9 Ignacio Garc\u00eda P\u00e9rez, Rector de la Universidad Internacional de Andaluc\u00eda<br \/>\nNicol\u00e1s Ruiz Reyes, Rector de la Universidad de Ja\u00e9n<br \/>\nJuan Teodomiro L\u00f3pez Navarrete, Rector Universidad de M\u00e1laga<br \/>\nFrancisco Oliva Bl\u00e1zquez, Rector de la Universidad Pablo de Olavide<br \/>\nMiguel \u00c1ngel Castro Arroyo, Rector de la Universidad de Sevilla<\/p>\n","protected":false},"excerpt":{"rendered":"<p>En el d\u00eda de hoy ha tenido lugar en la Universidad de Almer\u00eda la reuni\u00f3n de la Comisi\u00f3n de Coordinaci\u00f3n Interuniversitaria. En ella, se ha procedido a la aprobaci\u00f3n de todas las fechas, calendarios y procesos relacionados con la celebraci\u00f3n en Andaluc\u00eda de la PAU 2025. Para ello, se han seguido las indicaciones recogidas en los acuerdos consensuados en la<a class=\"read-more\" href=\"https:\/\/www.upo.es\/diario\/institucional\/2024\/10\/comunicado-de-aupa-sobre-la-pau-2025\/\">[Read More&#8230;]<\/a><\/p>\n","protected":false},"author":4,"featured_media":30882167,"comment_status":"closed","ping_status":"open","sticky":false,"template":"","format":"standard","meta":{"_monsterinsights_skip_tracking":false,"_monsterinsights_sitenote_active":false,"_monsterinsights_sitenote_note":"","_monsterinsights_sitenote_category":0,"footnotes":""},"categories":[6],"tags":[2842,243,717,668,8621],"class_list":["post-30883745","post","type-post","status-publish","format-standard","has-post-thumbnail","hentry","category-institucional","tag-aupa","tag-crue","tag-distrito-unico-andaluz","tag-pau","tag-portada"],"_links":{"self":[{"href":"https:\/\/www.upo.es\/diario\/wp-json\/wp\/v2\/posts\/30883745","targetHints":{"allow":["GET"]}}],"collection":[{"href":"https:\/\/www.upo.es\/diario\/wp-json\/wp\/v2\/posts"}],"about":[{"href":"https:\/\/www.upo.es\/diario\/wp-json\/wp\/v2\/types\/post"}],"author":[{"embeddable":true,"href":"https:\/\/www.upo.es\/diario\/wp-json\/wp\/v2\/users\/4"}],"replies":[{"embeddable":true,"href":"https:\/\/www.upo.es\/diario\/wp-json\/wp\/v2\/comments?post=30883745"}],"version-history":[{"count":1,"href":"https:\/\/www.upo.es\/diario\/wp-json\/wp\/v2\/posts\/30883745\/revisions"}],"predecessor-version":[{"id":30883746,"href":"https:\/\/www.upo.es\/diario\/wp-json\/wp\/v2\/posts\/30883745\/revisions\/30883746"}],"wp:featuredmedia":[{"embeddable":true,"href":"https:\/\/www.upo.es\/diario\/wp-json\/wp\/v2\/media\/30882167"}],"wp:attachment":[{"href":"https:\/\/www.upo.es\/diario\/wp-json\/wp\/v2\/media?parent=30883745"}],"wp:term":[{"taxonomy":"category","embeddable":true,"href":"https:\/\/www.upo.es\/diario\/wp-json\/wp\/v2\/categories?post=30883745"},{"taxonomy":"post_tag","embeddable":true,"href":"https:\/\/www.upo.es\/diario\/wp-json\/wp\/v2\/tags?post=30883745"}],"curies":[{"name":"wp","href":"https:\/\/api.w.org\/{rel}","templated":true}]}}