{"id":30883768,"date":"2024-10-15T09:52:26","date_gmt":"2024-10-15T07:52:26","guid":{"rendered":"https:\/\/www.upo.es\/diario\/?p=30883768"},"modified":"2024-10-15T15:33:01","modified_gmt":"2024-10-15T13:33:01","slug":"presentacion-del-libro-el-sujeto-de-derecho-experiencia-juridica-romana-y-actualidad","status":"publish","type":"post","link":"https:\/\/www.upo.es\/diario\/docencia-formacion\/2024\/10\/presentacion-del-libro-el-sujeto-de-derecho-experiencia-juridica-romana-y-actualidad\/","title":{"rendered":"Presentaci\u00f3n del libro \u2018El sujeto de derecho.  Experiencia jur\u00eddica romana y actualidad\u2019"},"content":{"rendered":"<figure id=\"attachment_30883764\" aria-describedby=\"caption-attachment-30883764\" style=\"width: 750px\" class=\"wp-caption aligncenter\"><a href=\"https:\/\/www.upo.es\/diario\/wp-content\/uploads\/2024\/10\/Libro-Derecho-Romano-1-scaled.jpg\"><img loading=\"lazy\" decoding=\"async\" class=\"size-large wp-image-30883764\" src=\"https:\/\/www.upo.es\/diario\/wp-content\/uploads\/2024\/10\/Libro-Derecho-Romano-1-750x500.jpg\" alt=\"Bernardo Peri\u00f1\u00e1n junto a Aurora L\u00f3pez (izquierda) y Anna Karabowicz (derecha), autoras del libro.\" width=\"750\" height=\"500\" srcset=\"https:\/\/www.upo.es\/diario\/wp-content\/uploads\/2024\/10\/Libro-Derecho-Romano-1-750x500.jpg 750w, https:\/\/www.upo.es\/diario\/wp-content\/uploads\/2024\/10\/Libro-Derecho-Romano-1-420x280.jpg 420w, https:\/\/www.upo.es\/diario\/wp-content\/uploads\/2024\/10\/Libro-Derecho-Romano-1-768x512.jpg 768w, https:\/\/www.upo.es\/diario\/wp-content\/uploads\/2024\/10\/Libro-Derecho-Romano-1-1536x1024.jpg 1536w, https:\/\/www.upo.es\/diario\/wp-content\/uploads\/2024\/10\/Libro-Derecho-Romano-1-2048x1365.jpg 2048w, https:\/\/www.upo.es\/diario\/wp-content\/uploads\/2024\/10\/Libro-Derecho-Romano-1-165x109.jpg 165w, https:\/\/www.upo.es\/diario\/wp-content\/uploads\/2024\/10\/Libro-Derecho-Romano-1-1320x880.jpg 1320w\" sizes=\"auto, (max-width: 750px) 100vw, 750px\" \/><\/a><figcaption id=\"caption-attachment-30883764\" class=\"wp-caption-text\">Bernardo Peri\u00f1\u00e1n junto a Aurora L\u00f3pez (izquierda) y Anna Karabowicz (derecha), autoras del libro.<\/figcaption><\/figure>\n<p>Ayer lunes 14 de octubre tuvo lugar la presentaci\u00f3n del libro <strong>\u2018El sujeto de derecho. Experiencia jur\u00eddica romana y actualidad\u2019<\/strong> (Comares editorial) coordinado por el catedr\u00e1tico de Derecho Romano de la Universidad Pablo de Olavide, <strong>Bernardo Peri\u00f1\u00e1n G\u00f3mez<\/strong>.<\/p>\n<figure id=\"attachment_30883765\" aria-describedby=\"caption-attachment-30883765\" style=\"width: 420px\" class=\"wp-caption alignright\"><a href=\"https:\/\/www.upo.es\/diario\/wp-content\/uploads\/2024\/10\/presentacion_libro_sujetodederecho.jpg\"><img loading=\"lazy\" decoding=\"async\" class=\"size-medium wp-image-30883765\" src=\"https:\/\/www.upo.es\/diario\/wp-content\/uploads\/2024\/10\/presentacion_libro_sujetodederecho-420x281.jpg\" alt=\"El libro fue presentado en la sede del Decanato Territorial de los Registradores de la Propiedad y Mercantil de Andaluc\u00eda Occidental.\" width=\"420\" height=\"281\" srcset=\"https:\/\/www.upo.es\/diario\/wp-content\/uploads\/2024\/10\/presentacion_libro_sujetodederecho-420x281.jpg 420w, https:\/\/www.upo.es\/diario\/wp-content\/uploads\/2024\/10\/presentacion_libro_sujetodederecho-750x501.jpg 750w, https:\/\/www.upo.es\/diario\/wp-content\/uploads\/2024\/10\/presentacion_libro_sujetodederecho-768x513.jpg 768w, https:\/\/www.upo.es\/diario\/wp-content\/uploads\/2024\/10\/presentacion_libro_sujetodederecho-1536x1026.jpg 1536w, https:\/\/www.upo.es\/diario\/wp-content\/uploads\/2024\/10\/presentacion_libro_sujetodederecho-165x109.jpg 165w, https:\/\/www.upo.es\/diario\/wp-content\/uploads\/2024\/10\/presentacion_libro_sujetodederecho-1320x882.jpg 1320w, https:\/\/www.upo.es\/diario\/wp-content\/uploads\/2024\/10\/presentacion_libro_sujetodederecho.jpg 1600w\" sizes=\"auto, (max-width: 420px) 100vw, 420px\" \/><\/a><figcaption id=\"caption-attachment-30883765\" class=\"wp-caption-text\">El libro fue presentado en la sede del Decanato Territorial de los Registradores de la Propiedad y Mercantil de Andaluc\u00eda Occidental.<\/figcaption><\/figure>\n<p>El Decano Territorial de Andaluc\u00eda Occidental <strong>Manuel Ridruejo Ram\u00edrez<\/strong>, present\u00f3 el acto que se celebr\u00f3 en la sede del Decanato Territorial de los Registradores de la Propiedad y Mercantil de Andaluc\u00eda Occidental, y que cont\u00f3 con las intervenciones del catedr\u00e1tico de la UPO <strong>Bernardo Peri\u00f1\u00e1n; Juan Jos\u00e9 Pretel Serrano<\/strong>, registrador de Sevilla Mercantil II; y del notario <strong>Manuel Seda Hermos\u00edn<\/strong>. <strong>Jos\u00e9 \u00c1ngel Gallego Vega<\/strong>, registrador de la Propiedad de Sevilla n\u00ba 6, fue el moderador de este encuentro.<\/p>\n<p>Como indica la sinopsis del libro, \u201cla experiencia jur\u00eddica romana, vista en su globalidad, es un poderoso elemento para la reflexi\u00f3n. Quiz\u00e1 la mejor prueba de ello consiste en imaginar nuestro presente sin la referencia al pasado jur\u00eddico de Roma, tambi\u00e9n en el terreno de la subjetividad jur\u00eddica, en el que la evoluci\u00f3n va desde un sistema cerrado en torno al protagonismo de unos pocos individuos -como es propio en el mundo antiguo- a uno mucho m\u00e1s abierto y diverso. Si partimos del viejo Derecho quiritario y llegamos al que reflejan las fuentes justinianeas, los cambios nacidos de las necesidades sociales y pol\u00edticas son evidentes y paulatinos: pasan por la apertura de espacios de participaci\u00f3n jur\u00eddica a los extranjeros, a los hijos de familia y a las mujeres, por ejemplo, pero tambi\u00e9n por la consolidaci\u00f3n de una pr\u00e1ctica que ser\u00e1 la base para el desarrollo de la personalidad jur\u00eddica p\u00fablica y privada. Sin el conocimiento de esa experiencia jur\u00eddica, s\u00ed, hist\u00f3rica, simplemente no es posible entender el mundo occidental en nuestro tiempo\u201d.<\/p>\n<p>Esta publicaci\u00f3n ha sido coeditada por <strong>Carmen Cort\u00e9s Rom\u00e1n<\/strong>, <strong>Anna Karabowicz<\/strong>, <strong>Aurora L\u00f3pez G\u00fceto <\/strong>y<strong> Francisco J. Tejada Hern\u00e1ndez<\/strong>.<\/p>\n<p><strong>Bernardo Peri\u00f1\u00e1n G\u00f3mez<\/strong> es catedr\u00e1tico de Derecho Romano en la Universidad Pablo de Olavide, de Sevilla. Ha realizado estancias de investigaci\u00f3n en prestigiosas Universidades, como Pav\u00eda y Padua (Italia), Harvard (EE.UU.) y Cambridge (Reino Unido). Asimismo, ha dirigido varias tesis doctorales, distintos Proyectos I+D de investigaci\u00f3n y es Responsable del Grupo de Investigaci\u00f3n \u2018Del Derecho com\u00fan europeo al Derecho civil\u2019. Autor de monograf\u00edas y art\u00edculos jur\u00eddicos de su especialidad, publicados en las principales editoriales y revistas de su disciplina, forma parte de seis comit\u00e9s cient\u00edficos internacionales. Es director de la Colecci\u00f3n \u2018Persona\u2019 de la Editorial Comares y miembro del Collegio dei docenti stranieri del Dottorato di ricerca \u2018Diritto e tutela: esperienza contemporanea, comparazione, sistema giuridico romanistico\u2019, de la Universit\u00e0 degli Studi di Roma \u2018Tor Vergata\u2019.<\/p>\n<p>El acto de presentaci\u00f3n fue organizado por el Colegio de Registradores de la Propiedad y Mercantiles de Espa\u00f1a y la Universidad Pablo de Olavide.<\/p>\n<h3><strong>Referencia:<\/strong><\/h3>\n<p><strong>El sujeto de derecho. Experiencia jur\u00eddica romana y actualidad<\/strong>. (2024). Bernardo Peri\u00f1\u00e1n G\u00f3mez. Comares editorial.<\/p>\n<p><a href=\"https:\/\/www.comares.com\/libro\/el-sujeto-de-derecho_156393\/\">https:\/\/www.comares.com\/libro\/el-sujeto-de-derecho_156393\/<\/a><\/p>\n<p>&nbsp;<\/p>\n","protected":false},"excerpt":{"rendered":"<p>Ayer lunes 14 de octubre tuvo lugar la presentaci\u00f3n del libro \u2018El sujeto de derecho. Experiencia jur\u00eddica romana y actualidad\u2019 (Comares editorial) coordinado por el catedr\u00e1tico de Derecho Romano de la Universidad Pablo de Olavide, Bernardo Peri\u00f1\u00e1n G\u00f3mez.<\/p>\n","protected":false},"author":2,"featured_media":30883764,"comment_status":"closed","ping_status":"open","sticky":false,"template":"","format":"standard","meta":{"_monsterinsights_skip_tracking":false,"_monsterinsights_sitenote_active":false,"_monsterinsights_sitenote_note":"","_monsterinsights_sitenote_category":0,"footnotes":""},"categories":[2779],"tags":[5226,2910,333,5835,406,8962],"class_list":["post-30883768","post","type-post","status-publish","format-standard","has-post-thumbnail","hentry","category-docencia-formacion","tag-bernardo-perinan-gomez","tag-derecho-romano","tag-libro","tag-libros","tag-publicacion","tag-registradores-de-la-propiedad-y-mercantil-de-andalucia-occidental"],"_links":{"self":[{"href":"https:\/\/www.upo.es\/diario\/wp-json\/wp\/v2\/posts\/30883768","targetHints":{"allow":["GET"]}}],"collection":[{"href":"https:\/\/www.upo.es\/diario\/wp-json\/wp\/v2\/posts"}],"about":[{"href":"https:\/\/www.upo.es\/diario\/wp-json\/wp\/v2\/types\/post"}],"author":[{"embeddable":true,"href":"https:\/\/www.upo.es\/diario\/wp-json\/wp\/v2\/users\/2"}],"replies":[{"embeddable":true,"href":"https:\/\/www.upo.es\/diario\/wp-json\/wp\/v2\/comments?post=30883768"}],"version-history":[{"count":2,"href":"https:\/\/www.upo.es\/diario\/wp-json\/wp\/v2\/posts\/30883768\/revisions"}],"predecessor-version":[{"id":30883770,"href":"https:\/\/www.upo.es\/diario\/wp-json\/wp\/v2\/posts\/30883768\/revisions\/30883770"}],"wp:featuredmedia":[{"embeddable":true,"href":"https:\/\/www.upo.es\/diario\/wp-json\/wp\/v2\/media\/30883764"}],"wp:attachment":[{"href":"https:\/\/www.upo.es\/diario\/wp-json\/wp\/v2\/media?parent=30883768"}],"wp:term":[{"taxonomy":"category","embeddable":true,"href":"https:\/\/www.upo.es\/diario\/wp-json\/wp\/v2\/categories?post=30883768"},{"taxonomy":"post_tag","embeddable":true,"href":"https:\/\/www.upo.es\/diario\/wp-json\/wp\/v2\/tags?post=30883768"}],"curies":[{"name":"wp","href":"https:\/\/api.w.org\/{rel}","templated":true}]}}