{"id":30883903,"date":"2024-10-28T12:54:46","date_gmt":"2024-10-28T11:54:46","guid":{"rendered":"https:\/\/www.upo.es\/diario\/?p=30883903"},"modified":"2024-10-29T15:24:56","modified_gmt":"2024-10-29T14:24:56","slug":"cordoba-y-sevilla-se-convierten-en-la-capital-global-de-la-participacion-estudiantil","status":"publish","type":"post","link":"https:\/\/www.upo.es\/diario\/docencia-formacion\/2024\/10\/cordoba-y-sevilla-se-convierten-en-la-capital-global-de-la-participacion-estudiantil\/","title":{"rendered":"C\u00f3rdoba y Sevilla se convierten en la capital global de la participaci\u00f3n estudiantil"},"content":{"rendered":"<p><a href=\"https:\/\/www.upo.es\/diario\/wp-content\/uploads\/2024\/10\/cartel_congreso_participacion_estudiantil.jpg\"><img loading=\"lazy\" decoding=\"async\" class=\"aligncenter size-large wp-image-30883905\" src=\"https:\/\/www.upo.es\/diario\/wp-content\/uploads\/2024\/10\/cartel_congreso_participacion_estudiantil-750x400.jpg\" alt=\"\" width=\"750\" height=\"400\" srcset=\"https:\/\/www.upo.es\/diario\/wp-content\/uploads\/2024\/10\/cartel_congreso_participacion_estudiantil-750x400.jpg 750w, https:\/\/www.upo.es\/diario\/wp-content\/uploads\/2024\/10\/cartel_congreso_participacion_estudiantil-420x224.jpg 420w, https:\/\/www.upo.es\/diario\/wp-content\/uploads\/2024\/10\/cartel_congreso_participacion_estudiantil-768x410.jpg 768w, https:\/\/www.upo.es\/diario\/wp-content\/uploads\/2024\/10\/cartel_congreso_participacion_estudiantil.jpg 900w\" sizes=\"auto, (max-width: 750px) 100vw, 750px\" \/><\/a><\/p>\n<p>Desde hoy lunes 28 al mi\u00e9rcoles 30 de octubre, la <strong>Universidad de C\u00f3rdoba<\/strong> y la <strong>Universidad Pablo de Olavide<\/strong> de Sevilla se convertir\u00e1n en el epicentro de la participaci\u00f3n del estudiantado universitario a escala global, al convertirse en las sedes del<strong> <a href=\"https:\/\/www.ispnconference.info\/\">I Congreso Internacional de Participaci\u00f3n Estudiantil<\/a><\/strong>, un evento pionero que congregar\u00e1 a un centenar de j\u00f3venes l\u00edderes, autoridades acad\u00e9micas y gubernamentales, e investigadoras y expertos de m\u00e1s de 20 pa\u00edses de todas las regiones.<\/p>\n<p>Este Congreso ha sido promovido por ambas universidades junto a la <strong>Red Internacional de Participaci\u00f3n Estudiantil<\/strong>, y apoyado por <em><strong>Global Student Forum<\/strong><\/em> y el <strong>Ayuntamiento de C\u00f3rdoba<\/strong>. En su programaci\u00f3n est\u00e1n previstas <strong>cinco mesas redondas<\/strong> que abordan algunos de los debates actuales m\u00e1s relevantes para definir el futuro de la educaci\u00f3n superior, como los diferentes modelos de gobernanza, la calidad de las ense\u00f1anzas, el compromiso estudiantil, la salud mental y la igualdad y la inclusi\u00f3n en el \u00e1mbito universitario, entre otros temas. Adem\u00e1s, en el marco del evento, tendr\u00e1n lugar casi <strong>una treintena de ponencias cient\u00edficas y talleres<\/strong> impartidos por investigadoras e investigadores de primer nivel.<\/p>\n<p>La conferencia inaugural correr\u00e1 a cargo de <strong>Manja Klemen\u010di\u010d<\/strong>, investigadora de la Facultad de Artes y Ciencias de Harvard, <u>ma\u00f1ana martes 29 de octubre<\/u> en el Rectorado de la Universidad de C\u00f3rdoba. Acompa\u00f1an a los dos rectores promotores de la iniciativa, <strong>Francisco Oliva<\/strong> y <strong>Manuel Torralbo<\/strong>, sus hom\u00f3logos <strong>Mar\u00eda Antonia Pe\u00f1a<\/strong>, rectora de la Universidad de Huelva y presidenta de Crue-Asuntos Estudiantiles; <strong>Herminia V\u00edlar<\/strong>, rectora de la Universidad de \u00c9vora; <strong>Paulo Falc\u00f3n<\/strong>, rector de CAECE, y <strong>Josep Garrel<\/strong>, presidente de la <em>European University Association<\/em>.<\/p>\n<p>Tambi\u00e9n tendr\u00e1n un papel destacado en este congreso <strong>Francisco Garc\u00eda<\/strong>, secretario general de Universidades del Gobierno de Espa\u00f1a; <strong>Francis Azubuike<\/strong>, representante de <em>Global Student Forum <\/em>(GSF); <strong>Alfonso Campuzano<\/strong>, presidente de Coordinadora de Representantes de Estudiantes de Universidades P\u00fablicas (CREUP); <strong>Bosen Lily Liu<\/strong>, de UNESCO; y <strong>Cintia Bustos<\/strong>, segunda teniente de alcalde del Ayuntamiento de C\u00f3rdoba.<\/p>\n<p>El encuentro se trasladar\u00e1 <u>el mi\u00e9rcoles 30<\/u> a la Universidad Pablo de Olavide, donde continuar\u00e1 la celebraci\u00f3n de mesas redondas, ponencias cient\u00edficas y talleres, y donde se celebrar\u00e1 la clausura, a las 17:15 horas en el Paraninfo, de la mano de <strong>Francisco Oliva<\/strong> y <strong>Manuel Torralbo<\/strong>, rectores de la UPO y la UCO; <strong>Amapola Povedano<\/strong>, vicerrectora de Estudiantes, Empleabilidad y Emprendimiento de la UPO; y <strong>Francis<\/strong> <strong>Azubuike <\/strong>(GSF).<\/p>\n<p>Los organizadores esperan que este hito suponga un punto de inflexi\u00f3n en el dise\u00f1o y desarrollo d las pol\u00edticas de educaci\u00f3n superior, a todos los niveles, que a su juicio deben ser m\u00e1s participadas por sus principales interesados, el estudiantado presente y futuro, que es la raz\u00f3n de ser de las universidades contempor\u00e1neas.<\/p>\n<h3><strong>M\u00e1s informaci\u00f3n:<\/strong><\/h3>\n<p><a href=\"https:\/\/www.ispnconference.info\/\">https:\/\/www.ispnconference.info\/<\/a><\/p>\n<p>&nbsp;<\/p>\n","protected":false},"excerpt":{"rendered":"<p>Desde hoy lunes 28 al mi\u00e9rcoles 30 de octubre, la Universidad de C\u00f3rdoba y la Universidad Pablo de Olavide de Sevilla se convertir\u00e1n en el epicentro de la participaci\u00f3n del estudiantado universitario a escala global, al convertirse en las sedes del I Congreso Internacional de Participaci\u00f3n Estudiantil, un evento pionero que congregar\u00e1 a un centenar de j\u00f3venes l\u00edderes, autoridades acad\u00e9micas y gubernamentales, e investigadoras y expertos de m\u00e1s de 20 pa\u00edses de todas las regiones.<\/p>\n","protected":false},"author":2,"featured_media":30883905,"comment_status":"closed","ping_status":"open","sticky":false,"template":"","format":"standard","meta":{"_monsterinsights_skip_tracking":false,"_monsterinsights_sitenote_active":false,"_monsterinsights_sitenote_note":"","_monsterinsights_sitenote_category":0,"footnotes":""},"categories":[2779],"tags":[354,839,4021,38,1583],"class_list":["post-30883903","post","type-post","status-publish","format-standard","has-post-thumbnail","hentry","category-docencia-formacion","tag-congreso","tag-estudiante","tag-francisco-oliva-blazquez","tag-rector","tag-universidad-de-cordoba"],"_links":{"self":[{"href":"https:\/\/www.upo.es\/diario\/wp-json\/wp\/v2\/posts\/30883903","targetHints":{"allow":["GET"]}}],"collection":[{"href":"https:\/\/www.upo.es\/diario\/wp-json\/wp\/v2\/posts"}],"about":[{"href":"https:\/\/www.upo.es\/diario\/wp-json\/wp\/v2\/types\/post"}],"author":[{"embeddable":true,"href":"https:\/\/www.upo.es\/diario\/wp-json\/wp\/v2\/users\/2"}],"replies":[{"embeddable":true,"href":"https:\/\/www.upo.es\/diario\/wp-json\/wp\/v2\/comments?post=30883903"}],"version-history":[{"count":1,"href":"https:\/\/www.upo.es\/diario\/wp-json\/wp\/v2\/posts\/30883903\/revisions"}],"predecessor-version":[{"id":30883906,"href":"https:\/\/www.upo.es\/diario\/wp-json\/wp\/v2\/posts\/30883903\/revisions\/30883906"}],"wp:featuredmedia":[{"embeddable":true,"href":"https:\/\/www.upo.es\/diario\/wp-json\/wp\/v2\/media\/30883905"}],"wp:attachment":[{"href":"https:\/\/www.upo.es\/diario\/wp-json\/wp\/v2\/media?parent=30883903"}],"wp:term":[{"taxonomy":"category","embeddable":true,"href":"https:\/\/www.upo.es\/diario\/wp-json\/wp\/v2\/categories?post=30883903"},{"taxonomy":"post_tag","embeddable":true,"href":"https:\/\/www.upo.es\/diario\/wp-json\/wp\/v2\/tags?post=30883903"}],"curies":[{"name":"wp","href":"https:\/\/api.w.org\/{rel}","templated":true}]}}