{"id":30883930,"date":"2024-10-28T22:27:16","date_gmt":"2024-10-28T21:27:16","guid":{"rendered":"https:\/\/www.upo.es\/diario\/?p=30883930"},"modified":"2024-10-29T11:38:11","modified_gmt":"2024-10-29T10:38:11","slug":"jornadas-profesiones-con-futuro-grado-informatica-ciencia-datos","status":"publish","type":"post","link":"https:\/\/www.upo.es\/diario\/docencia-formacion\/2024\/10\/jornadas-profesiones-con-futuro-grado-informatica-ciencia-datos\/","title":{"rendered":"Las Jornadas Profesiones con Futuro de la EPS re\u00fanen en la UPO a empresas y estudiantes del sector TIC"},"content":{"rendered":"<figure id=\"attachment_30883932\" aria-describedby=\"caption-attachment-30883932\" style=\"width: 750px\" class=\"wp-caption aligncenter\"><a href=\"https:\/\/www.upo.es\/diario\/wp-content\/uploads\/2024\/10\/Jornadas-Porf-Futuro_20241025-1-scaled.jpg\"><img loading=\"lazy\" decoding=\"async\" class=\"size-large wp-image-30883932\" src=\"https:\/\/www.upo.es\/diario\/wp-content\/uploads\/2024\/10\/Jornadas-Porf-Futuro_20241025-1-750x500.jpg\" alt=\"Jornadas Profesiones con Futuro de la EPS\" width=\"750\" height=\"500\" srcset=\"https:\/\/www.upo.es\/diario\/wp-content\/uploads\/2024\/10\/Jornadas-Porf-Futuro_20241025-1-750x500.jpg 750w, https:\/\/www.upo.es\/diario\/wp-content\/uploads\/2024\/10\/Jornadas-Porf-Futuro_20241025-1-420x280.jpg 420w, https:\/\/www.upo.es\/diario\/wp-content\/uploads\/2024\/10\/Jornadas-Porf-Futuro_20241025-1-768x512.jpg 768w, https:\/\/www.upo.es\/diario\/wp-content\/uploads\/2024\/10\/Jornadas-Porf-Futuro_20241025-1-1536x1024.jpg 1536w, https:\/\/www.upo.es\/diario\/wp-content\/uploads\/2024\/10\/Jornadas-Porf-Futuro_20241025-1-2048x1365.jpg 2048w\" sizes=\"auto, (max-width: 750px) 100vw, 750px\" \/><\/a><figcaption id=\"caption-attachment-30883932\" class=\"wp-caption-text\">Jornadas Profesiones con Futuro de la EPS<\/figcaption><\/figure>\n<p>La VII edici\u00f3n de las Jornadas Profesiones con Futuro, organizadas por la <a href=\"https:\/\/www.upo.es\/escuela-politecnica-superior\/\">Escuela Polit\u00e9cnica Superior de la UPO<\/a> (EPS) en colaboraci\u00f3n con su Delegaci\u00f3n de estudiantes, se han celebrado el pasado viernes 25 de octubre con m\u00e1s de<strong> 400 j\u00f3venes inscritos y la participaci\u00f3n de una docena de empresas del sector de la inform\u00e1tica y la tecnolog\u00eda<\/strong>.<\/p>\n<p>La vicerrectora de Estudiantes de la Olavide, <strong>Amapola Povedano<\/strong>, junto al director de la Escuela Polit\u00e9cnica Superior, <strong>Luis Merino<\/strong>, y el delegado de Estudiantes del centro, <strong>Pedro Jes\u00fas L\u00e1zaro<\/strong>, han dado la bienvenida a los estudiantes que han podido contactar con representantes de <strong>Accenture, Aertec, Ayesa, Emergya, Deloitte, Fortec, Inetum, Keedio, NTTData, Tier 1, Sopra Steria y Viewnext<\/strong>. De este modo, j\u00f3venes estudiantes que est\u00e1n pr\u00f3ximos a terminar sus estudios universitarios, o de Formaci\u00f3n Profesional, han conocido los perfiles m\u00e1s demandados por las empresas y consultoras tecnol\u00f3gicas en la actualidad.<\/p>\n<p>Amapola Povedano ha recordado a los estudiantes la importancia de las habilidades blandas, <em>soft skills<\/em>, que siempre deben acompa\u00f1ar el conocimiento adquirido durante su formaci\u00f3n acad\u00e9mica. Asimismo, ha animado a los estudiantes a emprender en su futuro profesional, \u201cpero tened en cuenta que emprender no es solo crear una empresa\u201d, ha remarcado.<\/p>\n<figure id=\"attachment_30883934\" aria-describedby=\"caption-attachment-30883934\" style=\"width: 350px\" class=\"wp-caption alignright\"><a href=\"https:\/\/www.upo.es\/diario\/wp-content\/uploads\/2024\/10\/Jornadas-Porf-Futuro_20241025-2-scaled.jpg\"><img loading=\"lazy\" decoding=\"async\" class=\"size-large wp-image-30883934\" src=\"https:\/\/www.upo.es\/diario\/wp-content\/uploads\/2024\/10\/Jornadas-Porf-Futuro_20241025-2-350x525.jpg\" alt=\"Amapola Povedano, Luis Merino y Pedro Jes\u00fas L\u00e1zaro\" width=\"350\" height=\"525\" srcset=\"https:\/\/www.upo.es\/diario\/wp-content\/uploads\/2024\/10\/Jornadas-Porf-Futuro_20241025-2-350x525.jpg 350w, https:\/\/www.upo.es\/diario\/wp-content\/uploads\/2024\/10\/Jornadas-Porf-Futuro_20241025-2-280x420.jpg 280w, https:\/\/www.upo.es\/diario\/wp-content\/uploads\/2024\/10\/Jornadas-Porf-Futuro_20241025-2-768x1152.jpg 768w, https:\/\/www.upo.es\/diario\/wp-content\/uploads\/2024\/10\/Jornadas-Porf-Futuro_20241025-2-1024x1536.jpg 1024w, https:\/\/www.upo.es\/diario\/wp-content\/uploads\/2024\/10\/Jornadas-Porf-Futuro_20241025-2-1365x2048.jpg 1365w, https:\/\/www.upo.es\/diario\/wp-content\/uploads\/2024\/10\/Jornadas-Porf-Futuro_20241025-2-1320x1980.jpg 1320w, https:\/\/www.upo.es\/diario\/wp-content\/uploads\/2024\/10\/Jornadas-Porf-Futuro_20241025-2-scaled.jpg 1706w\" sizes=\"auto, (max-width: 350px) 100vw, 350px\" \/><\/a><figcaption id=\"caption-attachment-30883934\" class=\"wp-caption-text\">Amapola Povedano, Luis Merino y Pedro Jes\u00fas L\u00e1zaro<\/figcaption><\/figure>\n<p>El director de la Escuela Polit\u00e9cnica Superior ha agradecido a sus estudiantes la organizaci\u00f3n de las VII Jornadas Profesiones con Futuro, y ha anunciado durante la presentaci\u00f3n que la Universidad impartir\u00e1 a partir del pr\u00f3ximo curso el <strong>Grado en Ingenier\u00eda Inform\u00e1tica con menci\u00f3n en Ciencia de Datos<\/strong>, cuyo proceso de verificaci\u00f3n ha sido autorizado por la Consejer\u00eda de Universidad, Investigaci\u00f3n e Innovaci\u00f3n y ya se ha iniciado. \u201cEste Grado combinar\u00e1 una s\u00f3lida formaci\u00f3n en Ingenier\u00eda Inform\u00e1tica con un \u00e9nfasis muy importante en Ciencia e Ingenier\u00eda de Datos, es decir, en todas las t\u00e9cnicas para la captura, gesti\u00f3n y anal\u00edtica de grandes cantidades de datos, y en toda la formaci\u00f3n necesaria en <em>machine learning<\/em> e inteligencia artificial para procesarlos de cara a la resoluci\u00f3n de problemas reales\u201d. La especializaci\u00f3n de este Grado tendr\u00e1 <strong>60 plazas<\/strong> diferenciadas en la oferta acad\u00e9mica de la Pablo de Olavide en el Distrito \u00danico Andaluz para el <strong>curso 2025\/2026<\/strong>.<\/p>\n<p>Luis Merino ha aportado algunos datos sobre el <strong>buen momento para el empleo de las empresas y profesionales del sector de la inform\u00e1tica<\/strong>. As\u00ed, se ha referido al <a href=\"https:\/\/www.fundacioncyd.org\/publicaciones-cyd\/la-empleabilidad-de-los-jovenes-en-espana-2024-como-es-la-insercion-de-los-graduados-universitarios\/\">informe de la Fundaci\u00f3n CYD<\/a> publicado esta semana sobre la empleabilidad de los egresados en Espa\u00f1a. \u201cLa Inform\u00e1tica es el \u00e1mbito con mayor porcentaje de contratos indefinidos (92,5%), de empleos a tiempo completo (96,96%) y con la base media de cotizaci\u00f3n m\u00e1s alta; \u00a0es por tanto una profesi\u00f3n de presente y con unas perspectivas de futuro muy positivas\u201d, ha afirmado.<\/p>\n<p>Asimismo, indic\u00f3 como el <a href=\"https:\/\/www.weforum.org\/publications\/the-future-of-jobs-report-2023\/\">\u201cInforme sobre el futuro del empleo 2023\u201d del World Economic Forum<\/a> prev\u00e9 que, entre los empleos de m\u00e1s r\u00e1pido crecimiento en los pr\u00f3ximos a\u00f1os, se encontrar\u00e1n aquellos relacionados con la tecnolog\u00eda y la digitalizaci\u00f3n y, en concreto, analistas y cient\u00edficos de datos, especialistas en Big Data y especialistas en aprendizaje autom\u00e1tico.<\/p>\n","protected":false},"excerpt":{"rendered":"<p>El director de la Escuela Polit\u00e9cnica Superior ha agradecido a sus estudiantes la organizaci\u00f3n de las VII Jornadas Profesiones con Futuro, y ha anunciado durante la presentaci\u00f3n que la Universidad impartir\u00e1 a partir del pr\u00f3ximo curso el Grado en Ingenier\u00eda Inform\u00e1tica con menci\u00f3n en Ciencia de Datos, cuyo proceso de verificaci\u00f3n ha sido autorizado por la Consejer\u00eda de Universidad, Investigaci\u00f3n e Innovaci\u00f3n y ya se ha iniciado.<\/p>\n","protected":false},"author":6,"featured_media":30883932,"comment_status":"closed","ping_status":"open","sticky":false,"template":"","format":"standard","meta":{"_monsterinsights_skip_tracking":false,"_monsterinsights_sitenote_active":false,"_monsterinsights_sitenote_note":"","_monsterinsights_sitenote_category":0,"footnotes":""},"categories":[2779],"tags":[8779,3989,1059,616,152,392,986,84,8238,1224,2114],"class_list":["post-30883930","post","type-post","status-publish","format-standard","has-post-thumbnail","hentry","category-docencia-formacion","tag-amapola-povedano","tag-empleabilidad","tag-empresas","tag-eps","tag-escuela-politecnica-superior","tag-informatica","tag-ingenieria-informatica","tag-jornadas","tag-luis-merino","tag-tecnologia","tag-vicerrectorado-de-estudiantes"],"_links":{"self":[{"href":"https:\/\/www.upo.es\/diario\/wp-json\/wp\/v2\/posts\/30883930","targetHints":{"allow":["GET"]}}],"collection":[{"href":"https:\/\/www.upo.es\/diario\/wp-json\/wp\/v2\/posts"}],"about":[{"href":"https:\/\/www.upo.es\/diario\/wp-json\/wp\/v2\/types\/post"}],"author":[{"embeddable":true,"href":"https:\/\/www.upo.es\/diario\/wp-json\/wp\/v2\/users\/6"}],"replies":[{"embeddable":true,"href":"https:\/\/www.upo.es\/diario\/wp-json\/wp\/v2\/comments?post=30883930"}],"version-history":[{"count":3,"href":"https:\/\/www.upo.es\/diario\/wp-json\/wp\/v2\/posts\/30883930\/revisions"}],"predecessor-version":[{"id":30883935,"href":"https:\/\/www.upo.es\/diario\/wp-json\/wp\/v2\/posts\/30883930\/revisions\/30883935"}],"wp:featuredmedia":[{"embeddable":true,"href":"https:\/\/www.upo.es\/diario\/wp-json\/wp\/v2\/media\/30883932"}],"wp:attachment":[{"href":"https:\/\/www.upo.es\/diario\/wp-json\/wp\/v2\/media?parent=30883930"}],"wp:term":[{"taxonomy":"category","embeddable":true,"href":"https:\/\/www.upo.es\/diario\/wp-json\/wp\/v2\/categories?post=30883930"},{"taxonomy":"post_tag","embeddable":true,"href":"https:\/\/www.upo.es\/diario\/wp-json\/wp\/v2\/tags?post=30883930"}],"curies":[{"name":"wp","href":"https:\/\/api.w.org\/{rel}","templated":true}]}}