{"id":30883943,"date":"2024-10-29T15:22:04","date_gmt":"2024-10-29T14:22:04","guid":{"rendered":"https:\/\/www.upo.es\/diario\/?p=30883943"},"modified":"2024-10-31T09:13:27","modified_gmt":"2024-10-31T08:13:27","slug":"arranca-el-i-congreso-internacional-de-participacion-estudiantil-organizado-por-la-universidad-de-cordoba-y-universidad-pablo-de-olavide","status":"publish","type":"post","link":"https:\/\/www.upo.es\/diario\/docencia-formacion\/2024\/10\/arranca-el-i-congreso-internacional-de-participacion-estudiantil-organizado-por-la-universidad-de-cordoba-y-universidad-pablo-de-olavide\/","title":{"rendered":"Arranca el I Congreso Internacional de Participaci\u00f3n Estudiantil organizado por la Universidad de C\u00f3rdoba y Universidad Pablo de Olavide"},"content":{"rendered":"<figure id=\"attachment_30883941\" aria-describedby=\"caption-attachment-30883941\" style=\"width: 750px\" class=\"wp-caption aligncenter\"><a href=\"https:\/\/www.upo.es\/diario\/wp-content\/uploads\/2024\/10\/congreso_participacion_estudiantil02-scaled.jpg\"><img loading=\"lazy\" decoding=\"async\" class=\"size-large wp-image-30883941\" src=\"https:\/\/www.upo.es\/diario\/wp-content\/uploads\/2024\/10\/congreso_participacion_estudiantil02-750x500.jpg\" alt=\"\" width=\"750\" height=\"500\" srcset=\"https:\/\/www.upo.es\/diario\/wp-content\/uploads\/2024\/10\/congreso_participacion_estudiantil02-750x500.jpg 750w, https:\/\/www.upo.es\/diario\/wp-content\/uploads\/2024\/10\/congreso_participacion_estudiantil02-420x280.jpg 420w, https:\/\/www.upo.es\/diario\/wp-content\/uploads\/2024\/10\/congreso_participacion_estudiantil02-768x512.jpg 768w, https:\/\/www.upo.es\/diario\/wp-content\/uploads\/2024\/10\/congreso_participacion_estudiantil02-1536x1024.jpg 1536w, https:\/\/www.upo.es\/diario\/wp-content\/uploads\/2024\/10\/congreso_participacion_estudiantil02-2048x1365.jpg 2048w, https:\/\/www.upo.es\/diario\/wp-content\/uploads\/2024\/10\/congreso_participacion_estudiantil02-165x109.jpg 165w, https:\/\/www.upo.es\/diario\/wp-content\/uploads\/2024\/10\/congreso_participacion_estudiantil02-1320x880.jpg 1320w\" sizes=\"auto, (max-width: 750px) 100vw, 750px\" \/><\/a><figcaption id=\"caption-attachment-30883941\" class=\"wp-caption-text\">De izqda. a dcha.: Alejandro de Pablo, Francisco Oliva, Manuel Torralbo, M.\u00aa Antonia Pe\u00f1a y Cintia Bustos.<\/figcaption><\/figure>\n<p>Esta ma\u00f1ana ha comenzado en el Rectorado de la UCO el <strong>I Congreso Internacional de Participaci\u00f3n Estudiantil<\/strong>, un evento pionero que congrega a un centenar de j\u00f3venes l\u00edderes, autoridades acad\u00e9micas y gubernamentales, e investigadoras y expertos de m\u00e1s de 20 pa\u00edses de todas las regiones.<\/p>\n<p>Este congreso ha sido promovido por la <strong>Universidad de C\u00f3rdoba<\/strong> y <strong>Universidad Pablo de Olavide<\/strong> junto a la <strong>Red Internacional de Participaci\u00f3n Estudiantil<\/strong>, y est\u00e1 apoyado por <em>Global Student Forum<\/em> y el Ayuntamiento de C\u00f3rdoba. El rector de la UCO, <strong>Manuel Torralbo Rodr\u00edguez<\/strong>, ha indicado que \u201cqueremos trabajar por nuestros estudiantes, as\u00ed como poner en valor la parte vocacional que tiene la representaci\u00f3n estudiantil de trabajo por lo com\u00fan, porque mejorando la participaci\u00f3n se consigue una universidad m\u00e1s democr\u00e1tica, m\u00e1s representativa y m\u00e1s inclusiva\u201d. El rector ha recordado que la participaci\u00f3n estudiantil es un trabajo circular que nunca termina, puesto que siempre precisa de reemplazo cada cuatro o cinco a\u00f1os. En este sentido, ha animado al estudiantado a participar en todos los aspectos de la vida universitaria \u201cpor las capacidades que se adquieren y por la necesidad imprescindible de trabajar por lo com\u00fan\u201d.<\/p>\n<p><a href=\"https:\/\/www.upo.es\/diario\/wp-content\/uploads\/2024\/10\/congreso_participacion_estudiantil01.jpg\"><img loading=\"lazy\" decoding=\"async\" class=\"alignright size-medium wp-image-30883942\" src=\"https:\/\/www.upo.es\/diario\/wp-content\/uploads\/2024\/10\/congreso_participacion_estudiantil01-420x280.jpg\" alt=\"\" width=\"420\" height=\"280\" srcset=\"https:\/\/www.upo.es\/diario\/wp-content\/uploads\/2024\/10\/congreso_participacion_estudiantil01-420x280.jpg 420w, https:\/\/www.upo.es\/diario\/wp-content\/uploads\/2024\/10\/congreso_participacion_estudiantil01-750x500.jpg 750w, https:\/\/www.upo.es\/diario\/wp-content\/uploads\/2024\/10\/congreso_participacion_estudiantil01-768x512.jpg 768w, https:\/\/www.upo.es\/diario\/wp-content\/uploads\/2024\/10\/congreso_participacion_estudiantil01-1536x1024.jpg 1536w, https:\/\/www.upo.es\/diario\/wp-content\/uploads\/2024\/10\/congreso_participacion_estudiantil01-2048x1366.jpg 2048w, https:\/\/www.upo.es\/diario\/wp-content\/uploads\/2024\/10\/congreso_participacion_estudiantil01-165x109.jpg 165w, https:\/\/www.upo.es\/diario\/wp-content\/uploads\/2024\/10\/congreso_participacion_estudiantil01-1320x880.jpg 1320w\" sizes=\"auto, (max-width: 420px) 100vw, 420px\" \/><\/a>Por su parte, el rector de la Pablo de Olavide y presidente de la Asociaci\u00f3n de Universidades P\u00fablicas de Andaluc\u00eda, <strong>Francisco Oliva Bl\u00e1zquez<\/strong>, ha destacado el sello andaluz del encuentro, organizado por dos universidades p\u00fablicas andaluzas, a lo que se suma la presidencia de la Sectorial de Estudiantes de CRUE, que ostenta la rectora de la Universidad de Huelva, <strong>Mar\u00eda Antonia Pe\u00f1a Guerrero<\/strong>, tambi\u00e9n presente en el evento. Oliva ha indicado que las universidades tienen que hacer un esfuerzo por convertir en realidad lo que aparece en la letra de la norma escrita, incentivando programas concretos de actuaci\u00f3n. \u201cLos estudiantes tienen much\u00edsimas cosas que hacer: estudiar, trabajar, prepararse, viajar&#8230; y, por lo tanto, tenemos que ponerles encima de la mesa todas las facilidades posibles para que tambi\u00e9n puedan participar en la vida estudiantil, porque el d\u00eda tiene 24 horas y no lo pueden hacer absolutamente todo. Por eso es muy importante reflexionar y ser autocr\u00edticos sobre c\u00f3mo hacer todo lo posible por incentivar su participaci\u00f3n y por mejorarla, pues si mejoramos su participaci\u00f3n mejorar\u00e1 la vida democr\u00e1tica de la universidad, sin ning\u00fan tipo de duda\u201d.<\/p>\n<p>En representaci\u00f3n del Ministerio de Ciencia, Innovaci\u00f3n y Universidades ha intervenido su vocal asesor <strong>Alejandro de Pablo Serrano<\/strong>, quien ha recordado \u201cel profundo compromiso del Ministerio con la mejora de las herramientas de la participaci\u00f3n estudiantil, cuyo punto de partida es la LOSU\u201d. A la inauguraci\u00f3n ha asistido tambi\u00e9n la teniente de alcalde delegada de Juventud, <strong>Cintia Bustos<\/strong>, quien ha indicado que gracias a la participaci\u00f3n estudiantil las universidades se vuelven m\u00e1s abiertas y plurales, y el representante del <em>Global Student Forum<\/em>, <strong>Francis Azubuike<\/strong>, se ha conectado online desde \u00c1frica para dar la bienvenida a los participantes.<\/p>\n<p>Durante estas jornadas, se celebrar\u00e1n cinco mesas redondas que abordan algunos de los debates actuales m\u00e1s relevantes para definir el futuro de la educaci\u00f3n superior, como los diferentes modelos de gobernanza, la calidad de las ense\u00f1anzas, el compromiso estudiantil, la salud mental y la igualdad y la inclusi\u00f3n en el \u00e1mbito universitario, entre otros temas. Adem\u00e1s, en el marco del evento, tendr\u00e1n lugar casi una treintena de ponencias cient\u00edficas y talleres impartidos por investigadoras e investigadores de primer nivel. La conferencia inaugural ha corrido a cargo de <strong>Manja Klemen\u010di\u010d,<\/strong> investigadora de la Facultad de Artes y Ciencias de Harvard.<\/p>\n<p>El encuentro se trasladar\u00e1 ma\u00f1ana<u>\u00a0mi\u00e9rcoles 30<\/u>\u00a0a la Universidad Pablo de Olavide, donde continuar\u00e1 la celebraci\u00f3n de mesas redondas, ponencias cient\u00edficas y talleres, y donde se celebrar\u00e1 la clausura, a las 17:15 horas en el Paraninfo, de la mano de\u00a0<strong>Francisco Oliva<\/strong>\u00a0y\u00a0<strong>Manuel Torralbo<\/strong>, rectores de la UPO y la UCO;\u00a0<strong>Amapola Povedano<\/strong>, vicerrectora de Estudiantes, Empleabilidad y Emprendimiento de la UPO; y\u00a0<strong>Francis<\/strong>\u00a0<strong>Azubuike\u00a0<\/strong>(GSF).<\/p>\n<h3><strong>M\u00e1s informaci\u00f3n:<\/strong><\/h3>\n<p><a href=\"https:\/\/www.ispnconference.info\/\">https:\/\/www.ispnconference.info\/<\/a><\/p>\n","protected":false},"excerpt":{"rendered":"<p>Esta ma\u00f1ana ha comenzado en el Rectorado de la UCO el I Congreso Internacional de Participaci\u00f3n Estudiantil, un evento pionero que congrega a un centenar de j\u00f3venes l\u00edderes, autoridades acad\u00e9micas y gubernamentales, e investigadoras y expertos de m\u00e1s de 20 pa\u00edses de todas las regiones.<\/p>\n","protected":false},"author":2,"featured_media":30883942,"comment_status":"closed","ping_status":"open","sticky":false,"template":"","format":"standard","meta":{"_monsterinsights_skip_tracking":false,"_monsterinsights_sitenote_active":false,"_monsterinsights_sitenote_note":"","_monsterinsights_sitenote_category":0,"footnotes":""},"categories":[2779],"tags":[354,839,4021,38,1583],"class_list":["post-30883943","post","type-post","status-publish","format-standard","has-post-thumbnail","hentry","category-docencia-formacion","tag-congreso","tag-estudiante","tag-francisco-oliva-blazquez","tag-rector","tag-universidad-de-cordoba"],"_links":{"self":[{"href":"https:\/\/www.upo.es\/diario\/wp-json\/wp\/v2\/posts\/30883943","targetHints":{"allow":["GET"]}}],"collection":[{"href":"https:\/\/www.upo.es\/diario\/wp-json\/wp\/v2\/posts"}],"about":[{"href":"https:\/\/www.upo.es\/diario\/wp-json\/wp\/v2\/types\/post"}],"author":[{"embeddable":true,"href":"https:\/\/www.upo.es\/diario\/wp-json\/wp\/v2\/users\/2"}],"replies":[{"embeddable":true,"href":"https:\/\/www.upo.es\/diario\/wp-json\/wp\/v2\/comments?post=30883943"}],"version-history":[{"count":4,"href":"https:\/\/www.upo.es\/diario\/wp-json\/wp\/v2\/posts\/30883943\/revisions"}],"predecessor-version":[{"id":30883954,"href":"https:\/\/www.upo.es\/diario\/wp-json\/wp\/v2\/posts\/30883943\/revisions\/30883954"}],"wp:featuredmedia":[{"embeddable":true,"href":"https:\/\/www.upo.es\/diario\/wp-json\/wp\/v2\/media\/30883942"}],"wp:attachment":[{"href":"https:\/\/www.upo.es\/diario\/wp-json\/wp\/v2\/media?parent=30883943"}],"wp:term":[{"taxonomy":"category","embeddable":true,"href":"https:\/\/www.upo.es\/diario\/wp-json\/wp\/v2\/categories?post=30883943"},{"taxonomy":"post_tag","embeddable":true,"href":"https:\/\/www.upo.es\/diario\/wp-json\/wp\/v2\/tags?post=30883943"}],"curies":[{"name":"wp","href":"https:\/\/api.w.org\/{rel}","templated":true}]}}