{"id":30883985,"date":"2024-10-31T09:12:41","date_gmt":"2024-10-31T08:12:41","guid":{"rendered":"https:\/\/www.upo.es\/diario\/?p=30883985"},"modified":"2024-11-14T08:42:07","modified_gmt":"2024-11-14T07:42:07","slug":"comunicado-en-solidaridad-con-las-victimas-de-la-dana","status":"publish","type":"post","link":"https:\/\/www.upo.es\/diario\/institucional\/2024\/10\/comunicado-en-solidaridad-con-las-victimas-de-la-dana\/","title":{"rendered":"Comunicado en solidaridad con las v\u00edctimas de la DANA"},"content":{"rendered":"<p><a href=\"https:\/\/www.upo.es\/diario\/wp-content\/uploads\/2024\/05\/np_LOGOS_AUPA.jpg\"><img loading=\"lazy\" decoding=\"async\" class=\"aligncenter wp-image-30882167 size-large\" src=\"https:\/\/www.upo.es\/diario\/wp-content\/uploads\/2024\/05\/np_LOGOS_AUPA-750x384.jpg\" alt=\"Universidades P\u00fablicas Andaluzas\" width=\"750\" height=\"384\" srcset=\"https:\/\/www.upo.es\/diario\/wp-content\/uploads\/2024\/05\/np_LOGOS_AUPA-750x384.jpg 750w, https:\/\/www.upo.es\/diario\/wp-content\/uploads\/2024\/05\/np_LOGOS_AUPA-420x215.jpg 420w, https:\/\/www.upo.es\/diario\/wp-content\/uploads\/2024\/05\/np_LOGOS_AUPA-768x393.jpg 768w, https:\/\/www.upo.es\/diario\/wp-content\/uploads\/2024\/05\/np_LOGOS_AUPA.jpg 880w\" sizes=\"auto, (max-width: 750px) 100vw, 750px\" \/><\/a>Desde las Universidades P\u00fablicas de Andaluc\u00eda queremos hacer llegar nuestras m\u00e1s sentidas condolencias a los familiares y amigos de las v\u00edctimas de esta tr\u00e1gica DANA, que ha afectado a buena parte del pa\u00eds, incluida Andaluc\u00eda, resultando gravemente devastadora en la Comunidad Valenciana.<\/p>\n<p>Por ese motivo, <strong>convocamos a toda la comunidad universitaria andaluza a unirse en un minuto de silencio en solidaridad con las personas afectadas hoy jueves 31 de octubre a las 12:00 horas<\/strong>.<\/p>\n<p>Este acto simb\u00f3lico, que se suma a los <strong>tres d\u00edas declarados de luto oficial<\/strong>, tendr\u00e1 lugar a las puertas de los centros acad\u00e9micos, centros e institutos de investigaci\u00f3n, y dem\u00e1s centros de trabajo de cada una de las Universidades P\u00fablicas de Andaluc\u00eda.<\/p>\n<hr \/>\n<p>Jos\u00e9 Joaqu\u00edn C\u00e9spedes Lorente, Rector de la Universidad de Almer\u00eda<br \/>\nCasimiro Mantell Serrano, Rector Universidad de C\u00e1diz<br \/>\nManuel Torralbo Rodr\u00edguez, Rector de la Universidad de C\u00f3rdoba<br \/>\nPedro Mercado Pacheco, Rector de la Universidad de Granada<br \/>\nM\u00aa Antonia Pe\u00f1a Guerrero, Rectora de la Universidad de Huelva<br \/>\nJos\u00e9 Ignacio Garc\u00eda P\u00e9rez, Rector de la Universidad Internacional de Andaluc\u00eda<br \/>\nNicol\u00e1s Ruiz Reyes, Rector de la Universidad de Ja\u00e9n<br \/>\nJuan Teodomiro L\u00f3pez Navarrete, Rector Universidad de M\u00e1laga<br \/>\nFrancisco Oliva Bl\u00e1zquez, Rector de la Universidad Pablo de Olavide<br \/>\nMiguel \u00c1ngel Castro Arroyo, Rector de la Universidad de Sevilla<\/p>\n","protected":false},"excerpt":{"rendered":"<p>Desde las Universidades P\u00fablicas de Andaluc\u00eda queremos hacer llegar nuestras m\u00e1s sentidas condolencias a los familiares y amigos de las v\u00edctimas de esta tr\u00e1gica DANA, que ha afectado a buena parte del pa\u00eds, incluida Andaluc\u00eda, resultando gravemente devastadora en la Comunidad Valenciana.<\/p>\n","protected":false},"author":6,"featured_media":30882167,"comment_status":"closed","ping_status":"open","sticky":false,"template":"","format":"standard","meta":{"_monsterinsights_skip_tracking":false,"_monsterinsights_sitenote_active":false,"_monsterinsights_sitenote_note":"","_monsterinsights_sitenote_category":0,"footnotes":""},"categories":[6],"tags":[2842,37,8621,5488],"class_list":["post-30883985","post","type-post","status-publish","format-standard","has-post-thumbnail","hentry","category-institucional","tag-aupa","tag-comunicado","tag-portada","tag-universidades-publicas-andaluzas"],"_links":{"self":[{"href":"https:\/\/www.upo.es\/diario\/wp-json\/wp\/v2\/posts\/30883985","targetHints":{"allow":["GET"]}}],"collection":[{"href":"https:\/\/www.upo.es\/diario\/wp-json\/wp\/v2\/posts"}],"about":[{"href":"https:\/\/www.upo.es\/diario\/wp-json\/wp\/v2\/types\/post"}],"author":[{"embeddable":true,"href":"https:\/\/www.upo.es\/diario\/wp-json\/wp\/v2\/users\/6"}],"replies":[{"embeddable":true,"href":"https:\/\/www.upo.es\/diario\/wp-json\/wp\/v2\/comments?post=30883985"}],"version-history":[{"count":1,"href":"https:\/\/www.upo.es\/diario\/wp-json\/wp\/v2\/posts\/30883985\/revisions"}],"predecessor-version":[{"id":30883986,"href":"https:\/\/www.upo.es\/diario\/wp-json\/wp\/v2\/posts\/30883985\/revisions\/30883986"}],"wp:featuredmedia":[{"embeddable":true,"href":"https:\/\/www.upo.es\/diario\/wp-json\/wp\/v2\/media\/30882167"}],"wp:attachment":[{"href":"https:\/\/www.upo.es\/diario\/wp-json\/wp\/v2\/media?parent=30883985"}],"wp:term":[{"taxonomy":"category","embeddable":true,"href":"https:\/\/www.upo.es\/diario\/wp-json\/wp\/v2\/categories?post=30883985"},{"taxonomy":"post_tag","embeddable":true,"href":"https:\/\/www.upo.es\/diario\/wp-json\/wp\/v2\/tags?post=30883985"}],"curies":[{"name":"wp","href":"https:\/\/api.w.org\/{rel}","templated":true}]}}