{"id":30883999,"date":"2024-10-31T09:31:53","date_gmt":"2024-10-31T08:31:53","guid":{"rendered":"https:\/\/www.upo.es\/diario\/?p=30883999"},"modified":"2024-11-04T15:50:32","modified_gmt":"2024-11-04T14:50:32","slug":"cafe-con-ciencia-abre-la-semana-de-la-ciencia-en-la-universidad-pablo-de-olavide","status":"publish","type":"post","link":"https:\/\/www.upo.es\/diario\/docencia-formacion\/2024\/10\/cafe-con-ciencia-abre-la-semana-de-la-ciencia-en-la-universidad-pablo-de-olavide\/","title":{"rendered":"\u2018Caf\u00e9 con Ciencia\u2019 abre la Semana de la Ciencia en la Universidad Pablo de Olavide"},"content":{"rendered":"<p><a href=\"https:\/\/www.upo.es\/diario\/wp-content\/uploads\/2024\/10\/INFOGRAFIA_XXIV_SEMANACIENCIA_CMYK.jpg\"><img loading=\"lazy\" decoding=\"async\" class=\"aligncenter size-medium wp-image-30884001\" src=\"https:\/\/www.upo.es\/diario\/wp-content\/uploads\/2024\/10\/INFOGRAFIA_XXIV_SEMANACIENCIA_CMYK.jpg\" alt=\"\" width=\"1\" height=\"1\" \/><\/a><a href=\"https:\/\/www.upo.es\/diario\/wp-content\/uploads\/2024\/10\/INFOGRAFIA_XXIV_SEMANACIENCIA_CMYKb-1.jpg\"><img loading=\"lazy\" decoding=\"async\" class=\"aligncenter size-large wp-image-30884005\" src=\"https:\/\/www.upo.es\/diario\/wp-content\/uploads\/2024\/10\/INFOGRAFIA_XXIV_SEMANACIENCIA_CMYKb-1-742x525.jpg\" alt=\"\" width=\"742\" height=\"525\" srcset=\"https:\/\/www.upo.es\/diario\/wp-content\/uploads\/2024\/10\/INFOGRAFIA_XXIV_SEMANACIENCIA_CMYKb-1-742x525.jpg 742w, https:\/\/www.upo.es\/diario\/wp-content\/uploads\/2024\/10\/INFOGRAFIA_XXIV_SEMANACIENCIA_CMYKb-1-420x297.jpg 420w, https:\/\/www.upo.es\/diario\/wp-content\/uploads\/2024\/10\/INFOGRAFIA_XXIV_SEMANACIENCIA_CMYKb-1-768x543.jpg 768w, https:\/\/www.upo.es\/diario\/wp-content\/uploads\/2024\/10\/INFOGRAFIA_XXIV_SEMANACIENCIA_CMYKb-1-1536x1086.jpg 1536w, https:\/\/www.upo.es\/diario\/wp-content\/uploads\/2024\/10\/INFOGRAFIA_XXIV_SEMANACIENCIA_CMYKb-1-2048x1448.jpg 2048w, https:\/\/www.upo.es\/diario\/wp-content\/uploads\/2024\/10\/INFOGRAFIA_XXIV_SEMANACIENCIA_CMYKb-1-1320x934.jpg 1320w, https:\/\/www.upo.es\/diario\/wp-content\/uploads\/2024\/10\/INFOGRAFIA_XXIV_SEMANACIENCIA_CMYKb-1-95x67.jpg 95w\" sizes=\"auto, (max-width: 742px) 100vw, 742px\" \/><\/a>La Universidad Pablo de Olavide participa un a\u00f1o m\u00e1s en la <strong>Semana de la Ciencia<\/strong>, evento anual de divulgaci\u00f3n cient\u00edfica que se celebra en toda Europa del 4 al 19 de noviembre de 2024. La cita, que en esta universidad se organiza a trav\u00e9s de la <strong><a href=\"https:\/\/www.upo.es\/otri\/\">Oficina de Transferencia de Resultados de Investigaci\u00f3n<\/a><\/strong> (OTRI) del Vicerrectorado de Investigaci\u00f3n, Transferencia y Doctorado, contar\u00e1 con la participaci\u00f3n de m\u00e1s de 300 estudiantes de Educaci\u00f3n Secundaria, Bachillerato y Ciclos Formativos de la provincia de Sevilla.<\/p>\n<p><strong><a href=\"https:\/\/cafeconciencia.fundaciondescubre.es\/encuentra-tu-cafe\/universidad-pablo-de-olavide-semana-de-la-ciencia-2023\/\">\u2018Caf\u00e9 con Ciencia\u2019<\/a><\/strong> ser\u00e1 la actividad que abrir\u00e1 la Semana de la Ciencia en la UPO <u>el pr\u00f3ximo lunes 4 de noviembre, a las 10:00 horas en el Rectorado<\/u>. Se trata de encuentros de cient\u00edficos y cient\u00edficas con grupos reducidos de estudiantes y su respectivo profesorado con el objetivo compartir experiencias y acercar a los y las m\u00e1s j\u00f3venes a la investigaci\u00f3n. De esta forma, cada cient\u00edfico se sentar\u00e1 a \u201ctomar caf\u00e9\u201d y charlar con grupos de alumnos y alumnas.<\/p>\n<p>Este a\u00f1o se han organizado en la Olavide un total de 20 Caf\u00e9s con Ciencia que tratar\u00e1n temas tan diversos como fertilidad en humanos; prote\u00ednas recombinantes; matem\u00e1ticas para tomar decisiones; contabilidad y negocios; salud mental: el entrenamiento y mejora de la condici\u00f3n f\u00edsica; transformaci\u00f3n urbana; qu\u00e9 significa ser andaluz; neuroestimulaci\u00f3n; inteligencia artificial en medicina; desigualdad y estratificaci\u00f3n Social; el fen\u00f3meno de la migraci\u00f3n; biolog\u00eda y longevidad;\u00a0 qu\u00edmica en el patrimonio;\u00a0 luz solar para el tratamiento de aguas; c\u00f3mo hacer un diccionario pol\u00edticamente correcto; cambio clim\u00e1tico; los incendios forestales; c\u00f3mo hacer una sociedad m\u00e1s justa e inclusiva desde las ciencias sociales; <em>fake news<\/em> y la resiliencia comunitaria.<\/p>\n<p>Finalizados los Caf\u00e9s, gracias a la colaboraci\u00f3n del Vicerrectorado de Estudiantes, Empleabilidad y Emprendimiento de la Universidad Pablo de Olavide, los centros educativos participar\u00e1n adem\u00e1s en una visita guiada al campus de la UPO.<\/p>\n<p>Caf\u00e9 con Ciencia es una iniciativa de la <strong>Fundaci\u00f3n Descubre<\/strong>, en colaboraci\u00f3n con las principales entidades de investigaci\u00f3n y divulgaci\u00f3n de Andaluc\u00eda. Se enmarca dentro de las actividades de la Semana de la Ciencia y cuenta con la financiaci\u00f3n de la Consejer\u00eda de Universidad, Investigaci\u00f3n e Innovaci\u00f3n y de la Fundaci\u00f3n Espa\u00f1ola para la Ciencia y la Tecnolog\u00eda (FECYT).<\/p>\n<p>Para conocer d\u00f3nde se lleva a cabo y c\u00f3mo es el trabajo diario del personal investigador, el <strong>Centro Andaluz de Biolog\u00eda del Desarrollo<\/strong> (CABD), centro mixto del CSIC, UPO y Junta de Andaluc\u00eda, ha organizado unas Jornadas de Puertas Abiertas el <u>jueves 14 de noviembre<\/u>. \u00a0El alumnado de centros educativos, tras ser recibidos por la direcci\u00f3n del CABD, podr\u00e1 visitar sus instalaciones y participar en talleres en los laboratorios del Servicio de Prote\u00f3mica y Bioqu\u00edmica; Animalario Acu\u00e1tico; y Servicio de Gen\u00f3mica Funcional.<\/p>\n<p>Adem\u00e1s, se ha programado la <strong>charla \u2018Dejar de ser gota para convertirse en mar. Experiencias en torno a la transici\u00f3n socioecol\u00f3gica\u2019<\/strong> que se impartir\u00e1 <u>en la Casa de la Ciencia, de Sevilla, el mi\u00e9rcoles 13 de noviembre, de 18.00 a 19.30 horas.<\/u> Coordinada por la investigadora del \u00c1rea de Filosof\u00eda de la UPO, Marian P\u00e9rez Bernal, la charla tratar\u00e1 sobre la resiliencia social entre miembros del grupo de la Universidad Pablo de Olavide del Proyecto CoNECT (<em>Collective Networks for Everyday Community Resilience and Ecological Transition<\/em>) y miembros de la Fundaci\u00f3n Alal\u00e1, El Huerto del Rey Moro y Parque Estoril. <u>La entrada libre hasta agotar aforo<\/u>.<\/p>\n<p>En esta edici\u00f3n de la Semana de la Ciencia participan investigadores e investigadoras de la Universidad Pablo de Olavide de las \u00c1reas de Biolog\u00eda Molecular; Microbiolog\u00eda; M\u00e9todos Cuantitativos para la Econom\u00eda y la Empresa; Matem\u00e1tica Aplicada; Econom\u00eda Financiera y Contabilidad; Educaci\u00f3n F\u00edsica y Deportiva; Sociolog\u00eda; Fisiolog\u00eda; Lenguaje y Sistemas Inform\u00e1ticos; Did\u00e1ctica y Organizaci\u00f3n educativa; Biolog\u00eda Celular; Cristalograf\u00eda y Mineralog\u00eda; Qu\u00edmica F\u00edsica; Lengua Espa\u00f1ola; Ecolog\u00eda;\u00a0 Geograf\u00eda Humana; Trabajo Social y Servicios Sociales; Filosof\u00eda; y del Centro Andaluz de Biolog\u00eda del Desarrollo (CABD).<\/p>\n<h3><strong>23 a\u00f1os divulgando ciencia en Andaluc\u00eda<\/strong><\/h3>\n<p>La Semana de la Ciencia en Andaluc\u00eda es una cita ineludible para conocer los avances experimentados por la ciencia y la investigaci\u00f3n en nuestra comunidad aut\u00f3noma, una aut\u00e9ntica fiesta de la divulgaci\u00f3n cient\u00edfica que se dar\u00e1 en toda Europa del 4 al 17 de noviembre de 2024.<\/p>\n<p>Seminarios, conferencias, itinerarios did\u00e1cticos, proyecciones, visitas guiadas, jornadas de puertas abiertas, talleres, actividades 2.0\u2026 De forma distinta, original y amena, la Semana de la Ciencia en Andaluc\u00eda cumple 23 a\u00f1os acercando ciencia de calidad, sostenible e inclusiva a todos los andaluces y andaluzas, poniendo a su vez en valor la inversi\u00f3n en investigaci\u00f3n y conocimiento, indispensable para superar momentos complicados como los vividos en los \u00faltimos a\u00f1os.<\/p>\n<p>Asimismo, la Semana de la Ciencia en Andaluc\u00eda es un escaparate primordial para hacer visible un trabajo fundamental que en ocasiones permanece oculto, un valor seguro e inestimable que es garant\u00eda de futuro y desarrollo.<\/p>\n<p>La iniciativa, promovida en Andaluc\u00eda por la <strong>Consejer\u00eda de Universidad, Investigaci\u00f3n e Innovaci\u00f3n<\/strong>, est\u00e1 coordinada por la <strong>Fundaci\u00f3n Descubre<\/strong>.<\/p>\n<p>&nbsp;<\/p>\n<h3><strong>M\u00e1s informaci\u00f3n:<\/strong><\/h3>\n<p><a href=\"https:\/\/www.upo.es\/cms3\/export\/sites\/otri-cms3\/otri\/cultura-cientifica\/.galleries\/DOCUMENTOS-Historico-CULTURA-CIENTIFICA\/PROGRAMA-SEMANA-CIENCIA-UPO-2024.pdf\">Programa Semana Ciencia UPO 2024<\/a><\/p>\n<p><a href=\"https:\/\/semanadelaciencia.fundaciondescubre.es\/agenda\/semana-de-la-ciencia-en-la-universidad-pablo-de-olavide-2\/\">https:\/\/semanadelaciencia.fundaciondescubre.es\/agenda\/semana-de-la-ciencia-en-la-universidad-pablo-de-olavide-2\/<\/a><\/p>\n<p><a href=\"https:\/\/cafeconciencia.fundaciondescubre.es\/encuentra-tu-cafe\/?localizacion=sevilla\">https:\/\/cafeconciencia.fundaciondescubre.es\/encuentra-tu-cafe\/?localizacion=sevilla<\/a><\/p>\n<p>&nbsp;<\/p>\n<p><strong>Fuente:<\/strong> Oficina de Transferencia de Resultado de Investigaci\u00f3n.<\/p>\n","protected":false},"excerpt":{"rendered":"<p>La Universidad Pablo de Olavide participa un a\u00f1o m\u00e1s en la Semana de la Ciencia, evento anual de divulgaci\u00f3n cient\u00edfica que se celebra en toda Europa del 4 al 19 de noviembre de 2024. La cita, que en esta universidad se organiza a trav\u00e9s de la Oficina de Transferencia de Resultados de Investigaci\u00f3n (OTRI) del Vicerrectorado de Investigaci\u00f3n, Transferencia y Doctorado, contar\u00e1 con la participaci\u00f3n de m\u00e1s de 300 estudiantes de Educaci\u00f3n Secundaria, Bachillerato y Ciclos Formativos de la provincia de Sevilla.<\/p>\n","protected":false},"author":2,"featured_media":30884005,"comment_status":"closed","ping_status":"open","sticky":false,"template":"","format":"standard","meta":{"_monsterinsights_skip_tracking":false,"_monsterinsights_sitenote_active":false,"_monsterinsights_sitenote_note":"","_monsterinsights_sitenote_category":0,"footnotes":""},"categories":[2779],"tags":[2702,644,43,1783,2645,2312,83,1382,969,549],"class_list":["post-30883999","post","type-post","status-publish","format-standard","has-post-thumbnail","hentry","category-docencia-formacion","tag-alumnado","tag-bachillerato","tag-cabd","tag-ciclos-formativos","tag-divulgacion-cientifica","tag-jornadas-de-puertas-abiertas","tag-otri","tag-secundaria","tag-semana-de-la-ciencia","tag-talleres"],"_links":{"self":[{"href":"https:\/\/www.upo.es\/diario\/wp-json\/wp\/v2\/posts\/30883999","targetHints":{"allow":["GET"]}}],"collection":[{"href":"https:\/\/www.upo.es\/diario\/wp-json\/wp\/v2\/posts"}],"about":[{"href":"https:\/\/www.upo.es\/diario\/wp-json\/wp\/v2\/types\/post"}],"author":[{"embeddable":true,"href":"https:\/\/www.upo.es\/diario\/wp-json\/wp\/v2\/users\/2"}],"replies":[{"embeddable":true,"href":"https:\/\/www.upo.es\/diario\/wp-json\/wp\/v2\/comments?post=30883999"}],"version-history":[{"count":2,"href":"https:\/\/www.upo.es\/diario\/wp-json\/wp\/v2\/posts\/30883999\/revisions"}],"predecessor-version":[{"id":30884006,"href":"https:\/\/www.upo.es\/diario\/wp-json\/wp\/v2\/posts\/30883999\/revisions\/30884006"}],"wp:featuredmedia":[{"embeddable":true,"href":"https:\/\/www.upo.es\/diario\/wp-json\/wp\/v2\/media\/30884005"}],"wp:attachment":[{"href":"https:\/\/www.upo.es\/diario\/wp-json\/wp\/v2\/media?parent=30883999"}],"wp:term":[{"taxonomy":"category","embeddable":true,"href":"https:\/\/www.upo.es\/diario\/wp-json\/wp\/v2\/categories?post=30883999"},{"taxonomy":"post_tag","embeddable":true,"href":"https:\/\/www.upo.es\/diario\/wp-json\/wp\/v2\/tags?post=30883999"}],"curies":[{"name":"wp","href":"https:\/\/api.w.org\/{rel}","templated":true}]}}