{"id":30884034,"date":"2024-11-04T15:49:06","date_gmt":"2024-11-04T14:49:06","guid":{"rendered":"https:\/\/www.upo.es\/diario\/?p=30884034"},"modified":"2024-11-06T12:57:17","modified_gmt":"2024-11-06T11:57:17","slug":"comienzan-los-43-masteres-de-la-universidad-pablo-de-olavide","status":"publish","type":"post","link":"https:\/\/www.upo.es\/diario\/institucional\/2024\/11\/comienzan-los-43-masteres-de-la-universidad-pablo-de-olavide\/","title":{"rendered":"Comienzan los 43 M\u00e1steres de la Universidad Pablo de Olavide"},"content":{"rendered":"<figure id=\"attachment_30884035\" aria-describedby=\"caption-attachment-30884035\" style=\"width: 750px\" class=\"wp-caption aligncenter\"><a href=\"https:\/\/www.upo.es\/diario\/wp-content\/uploads\/2024\/11\/Masteres-UPO-2024-25-2-scaled.jpg\"><img loading=\"lazy\" decoding=\"async\" class=\"size-large wp-image-30884035\" src=\"https:\/\/www.upo.es\/diario\/wp-content\/uploads\/2024\/11\/Masteres-UPO-2024-25-2-750x422.jpg\" alt=\"Juan Manuel Cort\u00e9s Copete durante la conferencia inaugural de los M\u00e1steres\" width=\"750\" height=\"422\" srcset=\"https:\/\/www.upo.es\/diario\/wp-content\/uploads\/2024\/11\/Masteres-UPO-2024-25-2-750x422.jpg 750w, https:\/\/www.upo.es\/diario\/wp-content\/uploads\/2024\/11\/Masteres-UPO-2024-25-2-420x236.jpg 420w, https:\/\/www.upo.es\/diario\/wp-content\/uploads\/2024\/11\/Masteres-UPO-2024-25-2-768x432.jpg 768w, https:\/\/www.upo.es\/diario\/wp-content\/uploads\/2024\/11\/Masteres-UPO-2024-25-2-1536x864.jpg 1536w, https:\/\/www.upo.es\/diario\/wp-content\/uploads\/2024\/11\/Masteres-UPO-2024-25-2-2048x1152.jpg 2048w\" sizes=\"auto, (max-width: 750px) 100vw, 750px\" \/><\/a><figcaption id=\"caption-attachment-30884035\" class=\"wp-caption-text\">Juan Manuel Cort\u00e9s Copete durante la conferencia inaugural de los M\u00e1steres Universitarios 2024\/25<\/figcaption><\/figure>\n<p>David Naranjo Gil, vicerrector de Grado y Postgrado, ha inaugurado esta ma\u00f1ana en el Paraninfo los programas de M\u00e1ster Universitario que la Universidad Pablo de Olavide imparte este curso. De este modo, <strong>1139 estudiantes han comenzado su formaci\u00f3n de postgrado con un acto de bienvenida institucional en el que Juan Manuel Cort\u00e9s Copete, catedr\u00e1tico de Historia Antigua, ha impartido la conferencia inaugural titulada <em>\u2018\u00bfCiencia o Religi\u00f3n?<\/em>\u2019<\/strong>.<\/p>\n<figure id=\"attachment_30884041\" aria-describedby=\"caption-attachment-30884041\" style=\"width: 350px\" class=\"wp-caption alignright\"><a href=\"https:\/\/www.upo.es\/diario\/wp-content\/uploads\/2024\/11\/Masteres-UPO-2024-25-1-scaled.jpg\"><img loading=\"lazy\" decoding=\"async\" class=\"wp-image-30884041 size-large\" src=\"https:\/\/www.upo.es\/diario\/wp-content\/uploads\/2024\/11\/Masteres-UPO-2024-25-1-350x525.jpg\" alt=\"Roc\u00edo Ruiz, DAvid Naranjo y Juan Manuel Cort\u00e9s\" width=\"350\" height=\"525\" srcset=\"https:\/\/www.upo.es\/diario\/wp-content\/uploads\/2024\/11\/Masteres-UPO-2024-25-1-350x525.jpg 350w, https:\/\/www.upo.es\/diario\/wp-content\/uploads\/2024\/11\/Masteres-UPO-2024-25-1-280x420.jpg 280w, https:\/\/www.upo.es\/diario\/wp-content\/uploads\/2024\/11\/Masteres-UPO-2024-25-1-768x1152.jpg 768w, https:\/\/www.upo.es\/diario\/wp-content\/uploads\/2024\/11\/Masteres-UPO-2024-25-1-1024x1536.jpg 1024w, https:\/\/www.upo.es\/diario\/wp-content\/uploads\/2024\/11\/Masteres-UPO-2024-25-1-1365x2048.jpg 1365w, https:\/\/www.upo.es\/diario\/wp-content\/uploads\/2024\/11\/Masteres-UPO-2024-25-1-scaled.jpg 1707w\" sizes=\"auto, (max-width: 350px) 100vw, 350px\" \/><\/a><figcaption id=\"caption-attachment-30884041\" class=\"wp-caption-text\">Roc\u00edo Ruiz, David Naranjo y Juan M. Cort\u00e9s<\/figcaption><\/figure>\n<p>La Universidad Pablo de Olavide cuenta con <strong><a href=\"https:\/\/www.upo.es\/master\/es\">43 M\u00e1steres Universitarios<\/a>, dos de ellos dobles t\u00edtulos, cuya docencia se imparte en formato presencial, virtual o semipresencial<\/strong>, y orientados tanto a la especializaci\u00f3n profesional como a la investigadora. Al total de estudiantes que comienzan hoy su postgrado en la UPO \u2014de los que el 16% son internacionales, procedentes tanto de Europa como de Iberoam\u00e9rica\u2014 hay que sumar m\u00e1s de 400 que est\u00e1n en su segundo a\u00f1o, ya que cursan programas de m\u00e1s de 60 cr\u00e9ditos.<\/p>\n<p><strong>Roc\u00edo Ruiz Ben\u00edtez, directora general de M\u00e1ster, ha dado la bienvenida a los nuevos y nuevas estudiantes de postgrado y ha destacado el trabajo llevado a cabo por las comisiones acad\u00e9micas<\/strong> de cada programa: \u201cpor el trabajo y el esfuerzo realizado para actualizar los planes de estudio, manteniendo de este modo el atractivo e inter\u00e9s de los m\u00e1steres de la Olavide para estudiantes y empresas\u201d. Ruiz Ben\u00edtez ha animado asimismo al alumnado a aprovechar esta nueva etapa \u201cde crecimiento profesional y personal, ya que el campus de la UPO facilita la interacci\u00f3n entre estudiantes de distintas disciplinas\u201d.<\/p>\n<p>En este sentido ha incidido David Naranjo: \u201csomos una Universidad cercana, que permite una relaci\u00f3n directa entre profesorado y estudiantes, esto enriquece mucho la formaci\u00f3n universitaria, especialmente en los M\u00e1steres\u201d. <strong>El vicerrector de Grado y Postgrado de la Olavide ha remarcado el car\u00e1cter interdisciplinar de los programas y la flexibilidad de sus formatos, adem\u00e1s de la gesti\u00f3n acad\u00e9mica realizada por el equipo del Centro de Estudios de Postgrado<\/strong> (CEDEP), localizado en el edificio Alexander von Humboldt. Asimismo, se ha referido a la empleabilidad y a la formaci\u00f3n en competencias emprendedoras, a la colaboraci\u00f3n con el CSIC y con otras universidades en muchos de los m\u00e1steres, adem\u00e1s de a las pr\u00e1cticas externas \u201cgracias a la estrecha colaboraci\u00f3n con el tejido productivo de nuestro entorno\u201d. Pero, sobre todo, y para terminar, Naranjo Gil ha querido agradecer y dar la bienvenida \u201ca quienes sois la raz\u00f3n de ser de la Universidad Pablo de Olavide, los y las estudiantes\u201d.<\/p>\n<h3><strong><em> \u00bfCiencia o Religi\u00f3n?<\/em><\/strong><\/h3>\n<figure id=\"attachment_30884044\" aria-describedby=\"caption-attachment-30884044\" style=\"width: 280px\" class=\"wp-caption alignright\"><a href=\"https:\/\/www.upo.es\/diario\/wp-content\/uploads\/2024\/11\/Masteres-UPO-2024-25-JMCC-1-scaled.jpg\"><img loading=\"lazy\" decoding=\"async\" class=\"size-medium wp-image-30884044\" src=\"https:\/\/www.upo.es\/diario\/wp-content\/uploads\/2024\/11\/Masteres-UPO-2024-25-JMCC-1-280x420.jpg\" alt=\"Juan Manuel Cort\u00e9s Copete\" width=\"280\" height=\"420\" srcset=\"https:\/\/www.upo.es\/diario\/wp-content\/uploads\/2024\/11\/Masteres-UPO-2024-25-JMCC-1-280x420.jpg 280w, https:\/\/www.upo.es\/diario\/wp-content\/uploads\/2024\/11\/Masteres-UPO-2024-25-JMCC-1-350x525.jpg 350w, https:\/\/www.upo.es\/diario\/wp-content\/uploads\/2024\/11\/Masteres-UPO-2024-25-JMCC-1-768x1152.jpg 768w, https:\/\/www.upo.es\/diario\/wp-content\/uploads\/2024\/11\/Masteres-UPO-2024-25-JMCC-1-1024x1536.jpg 1024w, https:\/\/www.upo.es\/diario\/wp-content\/uploads\/2024\/11\/Masteres-UPO-2024-25-JMCC-1-1365x2048.jpg 1365w, https:\/\/www.upo.es\/diario\/wp-content\/uploads\/2024\/11\/Masteres-UPO-2024-25-JMCC-1-1320x1980.jpg 1320w, https:\/\/www.upo.es\/diario\/wp-content\/uploads\/2024\/11\/Masteres-UPO-2024-25-JMCC-1-scaled.jpg 1706w\" sizes=\"auto, (max-width: 280px) 100vw, 280px\" \/><\/a><figcaption id=\"caption-attachment-30884044\" class=\"wp-caption-text\">Juan Manuel Cort\u00e9s Copete<\/figcaption><\/figure>\n<p>En su conferencia inaugural, Juan Manuel Cort\u00e9s Copete, ha repasado conceptos y hechos para evidenciar c\u00f3mo \u201cla fe es colectiva y un componente crucial en la sociedad en la que vivimos\u201d. El catedr\u00e1tico de Historia Antigua ha destacado \u201cla distancia que existe entre lo que sabemos y las razones por las que actuamos\u201d, ya descrita por los sofistas, y ha puesto la Biblia como ejemplo de texto \u201cen di\u00e1logo con la tradici\u00f3n cl\u00e1sica\u201d. <strong>\u2018Homo sum, humani nihil a me alienum puto\u2019<\/strong> (<em>Soy humano, y no considero nada propio de los hombres ajeno<\/em>), ha concluido Cort\u00e9s Copete, \u201cni la Ciencia ni la Religi\u00f3n\u201d.<\/p>\n","protected":false},"excerpt":{"rendered":"<p>David Naranjo Gil, vicerrector de Grado y Postgrado, ha inaugurado esta ma\u00f1ana en el Paraninfo los programas de M\u00e1ster Universitario que la Universidad Pablo de Olavide imparte este curso. De este modo, 1139 estudiantes han comenzado su formaci\u00f3n de postgrado con un acto de bienvenida institucional en el que Juan Manuel Cort\u00e9s Copete, catedr\u00e1tico de Historia Antigua, ha impartido la conferencia inaugural titulada \u2018\u00bfCiencia o Religi\u00f3n?\u2019.<\/p>\n","protected":false},"author":6,"featured_media":30884035,"comment_status":"closed","ping_status":"open","sticky":false,"template":"","format":"standard","meta":{"_monsterinsights_skip_tracking":false,"_monsterinsights_sitenote_active":false,"_monsterinsights_sitenote_note":"","_monsterinsights_sitenote_category":0,"footnotes":""},"categories":[6],"tags":[614,3203,4568,2720,1577,82,8433],"class_list":["post-30884034","post","type-post","status-publish","format-standard","has-post-thumbnail","hentry","category-institucional","tag-cedep","tag-centro-de-estudios-de-postgrado","tag-david-naranjo-gil","tag-leccion-inaugural","tag-master-universitario","tag-postgrado","tag-vicerrectorado-de-grado-y-postgrado"],"_links":{"self":[{"href":"https:\/\/www.upo.es\/diario\/wp-json\/wp\/v2\/posts\/30884034","targetHints":{"allow":["GET"]}}],"collection":[{"href":"https:\/\/www.upo.es\/diario\/wp-json\/wp\/v2\/posts"}],"about":[{"href":"https:\/\/www.upo.es\/diario\/wp-json\/wp\/v2\/types\/post"}],"author":[{"embeddable":true,"href":"https:\/\/www.upo.es\/diario\/wp-json\/wp\/v2\/users\/6"}],"replies":[{"embeddable":true,"href":"https:\/\/www.upo.es\/diario\/wp-json\/wp\/v2\/comments?post=30884034"}],"version-history":[{"count":8,"href":"https:\/\/www.upo.es\/diario\/wp-json\/wp\/v2\/posts\/30884034\/revisions"}],"predecessor-version":[{"id":30884050,"href":"https:\/\/www.upo.es\/diario\/wp-json\/wp\/v2\/posts\/30884034\/revisions\/30884050"}],"wp:featuredmedia":[{"embeddable":true,"href":"https:\/\/www.upo.es\/diario\/wp-json\/wp\/v2\/media\/30884035"}],"wp:attachment":[{"href":"https:\/\/www.upo.es\/diario\/wp-json\/wp\/v2\/media?parent=30884034"}],"wp:term":[{"taxonomy":"category","embeddable":true,"href":"https:\/\/www.upo.es\/diario\/wp-json\/wp\/v2\/categories?post=30884034"},{"taxonomy":"post_tag","embeddable":true,"href":"https:\/\/www.upo.es\/diario\/wp-json\/wp\/v2\/tags?post=30884034"}],"curies":[{"name":"wp","href":"https:\/\/api.w.org\/{rel}","templated":true}]}}