{"id":30884073,"date":"2024-11-06T09:48:57","date_gmt":"2024-11-06T08:48:57","guid":{"rendered":"https:\/\/www.upo.es\/diario\/?p=30884073"},"modified":"2024-11-08T16:24:45","modified_gmt":"2024-11-08T15:24:45","slug":"la-universidad-pablo-de-olavide-acoge-por-primera-vez-el-encuentro-internacional-de-estudios-anglo-norteamericanos","status":"publish","type":"post","link":"https:\/\/www.upo.es\/diario\/docencia-formacion\/2024\/11\/la-universidad-pablo-de-olavide-acoge-por-primera-vez-el-encuentro-internacional-de-estudios-anglo-norteamericanos\/","title":{"rendered":"La Universidad Pablo de Olavide acoge por primera vez el Encuentro Internacional de Estudios Anglo-Norteamericanos"},"content":{"rendered":"<p>&nbsp;<\/p>\n<figure id=\"attachment_30884093\" aria-describedby=\"caption-attachment-30884093\" style=\"width: 750px\" class=\"wp-caption aligncenter\"><a href=\"https:\/\/www.upo.es\/diario\/wp-content\/uploads\/2024\/11\/AEDEAN01-scaled.jpg\"><img loading=\"lazy\" decoding=\"async\" class=\"size-large wp-image-30884093\" src=\"https:\/\/www.upo.es\/diario\/wp-content\/uploads\/2024\/11\/AEDEAN01-750x500.jpg\" alt=\"\" width=\"750\" height=\"500\" srcset=\"https:\/\/www.upo.es\/diario\/wp-content\/uploads\/2024\/11\/AEDEAN01-750x500.jpg 750w, https:\/\/www.upo.es\/diario\/wp-content\/uploads\/2024\/11\/AEDEAN01-420x280.jpg 420w, https:\/\/www.upo.es\/diario\/wp-content\/uploads\/2024\/11\/AEDEAN01-768x512.jpg 768w, https:\/\/www.upo.es\/diario\/wp-content\/uploads\/2024\/11\/AEDEAN01-1536x1024.jpg 1536w, https:\/\/www.upo.es\/diario\/wp-content\/uploads\/2024\/11\/AEDEAN01-2048x1365.jpg 2048w, https:\/\/www.upo.es\/diario\/wp-content\/uploads\/2024\/11\/AEDEAN01-165x109.jpg 165w, https:\/\/www.upo.es\/diario\/wp-content\/uploads\/2024\/11\/AEDEAN01-1320x880.jpg 1320w\" sizes=\"auto, (max-width: 750px) 100vw, 750px\" \/><\/a><figcaption id=\"caption-attachment-30884093\" class=\"wp-caption-text\">Imagen de la Inauguraci\u00f3n del encuentro.<\/figcaption><\/figure>\n<p>Con el objetivo de crear un espacio de encuentro, an\u00e1lisis y debate sobre los estudios de lengua inglesa impulsados desde instituciones acad\u00e9micas en clave contempor\u00e1nea, durante los d\u00edas <u>6, 7 y 8 de noviembre<\/u> se celebra en el campus de la Universidad Pablo de Olavide el <strong>47 Congreso Internacional de la Asociaci\u00f3n Espa\u00f1ola de Estudios Anglo-Norteamericanos (AEDEAN)<\/strong>.<\/p>\n<figure id=\"attachment_30884095\" aria-describedby=\"caption-attachment-30884095\" style=\"width: 420px\" class=\"wp-caption alignright\"><a href=\"https:\/\/www.upo.es\/diario\/wp-content\/uploads\/2024\/11\/AEDEAN02-scaled.jpg\"><img loading=\"lazy\" decoding=\"async\" class=\"size-medium wp-image-30884095\" src=\"https:\/\/www.upo.es\/diario\/wp-content\/uploads\/2024\/11\/AEDEAN02-420x280.jpg\" alt=\"\" width=\"420\" height=\"280\" srcset=\"https:\/\/www.upo.es\/diario\/wp-content\/uploads\/2024\/11\/AEDEAN02-420x280.jpg 420w, https:\/\/www.upo.es\/diario\/wp-content\/uploads\/2024\/11\/AEDEAN02-750x500.jpg 750w, https:\/\/www.upo.es\/diario\/wp-content\/uploads\/2024\/11\/AEDEAN02-768x512.jpg 768w, https:\/\/www.upo.es\/diario\/wp-content\/uploads\/2024\/11\/AEDEAN02-1536x1024.jpg 1536w, https:\/\/www.upo.es\/diario\/wp-content\/uploads\/2024\/11\/AEDEAN02-2048x1365.jpg 2048w, https:\/\/www.upo.es\/diario\/wp-content\/uploads\/2024\/11\/AEDEAN02-165x109.jpg 165w, https:\/\/www.upo.es\/diario\/wp-content\/uploads\/2024\/11\/AEDEAN02-1320x880.jpg 1320w\" sizes=\"auto, (max-width: 420px) 100vw, 420px\" \/><\/a><figcaption id=\"caption-attachment-30884095\" class=\"wp-caption-text\">De izquierda a derecha, Juan Miguel Cuartero Otal, Rosario Arias Doblas, Laura L\u00f3pez de la Cruz, Mar\u00eda Losada Friend y Montserrat Mart\u00ednez V\u00e1zquez.<\/figcaption><\/figure>\n<p>Este congreso, que promueve en Espa\u00f1a la investigaci\u00f3n de diversos aspectos culturales y ling\u00fc\u00edsticos de los pa\u00edses de habla inglesa, es uno de los encuentros m\u00e1s relevantes en el \u00e1mbito acad\u00e9mico de los estudios anglo-norteamericanos. Con una tradici\u00f3n consolidada en las universidades espa\u00f1olas, es la primera vez que se celebra en la UPO y se espera la asistencia de 454 delegados y delegadas.<\/p>\n<p>El evento cuenta con la destacada participaci\u00f3n de figuras internacionales como el presidente de la Asociaci\u00f3n Europea para el Estudio del Ingl\u00e9s (ESSE), <strong>Andreas H. Jucker<\/strong>; la presidenta de la Asociaci\u00f3n Europea de Estudios Americanos (EAAS), <strong>Ingrid Gessner<\/strong>, y representantes de las asociaciones alemana y francesa. Tambi\u00e9n estar\u00e1n presentes la Junta Directiva de AEDEAN, cinco expresidentes de la organizaci\u00f3n y la representante del Instituto Franklin.<\/p>\n<p>El congreso est\u00e1 organizado por el \u00c1rea de Filolog\u00eda Inglesa de la UPO, con el apoyo de distintos grupos de investigaci\u00f3n del Departamento de Filolog\u00eda y Traducci\u00f3n, la Facultad de Humanidades, <em>Cambridge University Press<\/em> y GALE (CENGAGE group).<\/p>\n<p><a href=\"https:\/\/www.upo.es\/diario\/wp-content\/uploads\/2024\/11\/cartel-aedean-1.jpg\"><img loading=\"lazy\" decoding=\"async\" class=\"alignleft size-medium wp-image-30884077\" src=\"https:\/\/www.upo.es\/diario\/wp-content\/uploads\/2024\/11\/cartel-aedean-1-297x420.jpg\" alt=\"\" width=\"297\" height=\"420\" srcset=\"https:\/\/www.upo.es\/diario\/wp-content\/uploads\/2024\/11\/cartel-aedean-1-297x420.jpg 297w, https:\/\/www.upo.es\/diario\/wp-content\/uploads\/2024\/11\/cartel-aedean-1-371x525.jpg 371w, https:\/\/www.upo.es\/diario\/wp-content\/uploads\/2024\/11\/cartel-aedean-1-768x1087.jpg 768w, https:\/\/www.upo.es\/diario\/wp-content\/uploads\/2024\/11\/cartel-aedean-1.jpg 786w\" sizes=\"auto, (max-width: 297px) 100vw, 297px\" \/><\/a>Entre los momentos m\u00e1s destacados se encuentran las cuatro conferencias plenarias a cargo de acad\u00e9micos de renombre: el profesor <strong>Antonio Ballesteros Gonz\u00e1lez<\/strong> (UNED), la profesora <strong>Kyria Rebeca Finardi<\/strong> (Universidad Federal del Esp\u00edritu Santo, Brasil), el profesor <strong>Pascual Cantos G\u00f3mez<\/strong> (Universidad de Murcia) y el poeta irland\u00e9s <strong>Theo Dorgan<\/strong>.<\/p>\n<p>Asimismo, los asistentes podr\u00e1n participar en m\u00e1s de trescientas ponencias cient\u00edficas y veinte mesas redondas, organizadas en paneles tem\u00e1ticos que abarcan desde la ling\u00fc\u00edstica te\u00f3rica y aplicada, pasando por la literatura anglosajona, los estudios culturales y cinematogr\u00e1ficos, hasta \u00e1reas como la traducci\u00f3n, la fonolog\u00eda, y el an\u00e1lisis de las nuevas tecnolog\u00edas en el \u00e1mbito ling\u00fc\u00edstico.<\/p>\n<p>El acto de inauguraci\u00f3n celebrado en la ma\u00f1ana de hoy ha sido\u00a0presidido por la vicerrectora de Relaciones Institucionales, Formaci\u00f3n Permanente y Fundaciones, <strong>Laura L\u00f3pez de la Cruz<\/strong>, quien ha estado acompa\u00f1ada de <strong>Juan Miguel Cuartero Otal<\/strong>, director del Departamento de Filolog\u00eda y Traducci\u00f3n de la UPO; <strong>Rosario Arias Doblas<\/strong>, presidenta de AEDEAN; <strong>Mar\u00eda Losada Friend<\/strong>, decana de la Facultad de Humanidades de la UPO; y <strong>Montserrat Mart\u00ednez V\u00e1zquez<\/strong>, presidenta del Comit\u00e9 Organizador.<\/p>\n<p>El rector de la Universidad Pablo de Olavide <strong>Francisco Oliva Bl\u00e1zquez<\/strong>, clausurar\u00e1 el congreso el <u>viernes 8 de noviembre a las 17:00 horas en el Paraninfo<\/u>.<\/p>\n<h3><strong>M\u00e1s informaci\u00f3n:<\/strong><\/h3>\n<p><a href=\"https:\/\/eventos.upo.es\/91834\/detail\/47th-aedean-conference.html\">47th AEDEAN Conference<\/a><\/p>\n","protected":false},"excerpt":{"rendered":"<p>Con el objetivo de crear un espacio de encuentro, an\u00e1lisis y debate sobre los estudios de lengua inglesa impulsados desde instituciones acad\u00e9micas en clave contempor\u00e1nea, durante los d\u00edas 6, 7 y 8 de noviembre se celebrar\u00e1 en el campus de la Universidad Pablo de Olavide el 47 Congreso Internacional de la Asociaci\u00f3n Espa\u00f1ola de Estudios Anglo-Norteamericanos (AEDEAN).<\/p>\n","protected":false},"author":2,"featured_media":30884093,"comment_status":"closed","ping_status":"open","sticky":false,"template":"","format":"standard","meta":{"_monsterinsights_skip_tracking":false,"_monsterinsights_sitenote_active":false,"_monsterinsights_sitenote_note":"","_monsterinsights_sitenote_category":0,"footnotes":""},"categories":[2779],"tags":[8989,8992,8990,8991,354,96,8993],"class_list":["post-30884073","post","type-post","status-publish","format-standard","has-post-thumbnail","hentry","category-docencia-formacion","tag-aedean","tag-aedean-conference","tag-area-de-filologia-inglesa","tag-asociacion-espanola-de-estudios-anglo-norteamericanos","tag-congreso","tag-facultad-de-humanidades","tag-lengua-inglesa"],"_links":{"self":[{"href":"https:\/\/www.upo.es\/diario\/wp-json\/wp\/v2\/posts\/30884073","targetHints":{"allow":["GET"]}}],"collection":[{"href":"https:\/\/www.upo.es\/diario\/wp-json\/wp\/v2\/posts"}],"about":[{"href":"https:\/\/www.upo.es\/diario\/wp-json\/wp\/v2\/types\/post"}],"author":[{"embeddable":true,"href":"https:\/\/www.upo.es\/diario\/wp-json\/wp\/v2\/users\/2"}],"replies":[{"embeddable":true,"href":"https:\/\/www.upo.es\/diario\/wp-json\/wp\/v2\/comments?post=30884073"}],"version-history":[{"count":3,"href":"https:\/\/www.upo.es\/diario\/wp-json\/wp\/v2\/posts\/30884073\/revisions"}],"predecessor-version":[{"id":30884096,"href":"https:\/\/www.upo.es\/diario\/wp-json\/wp\/v2\/posts\/30884073\/revisions\/30884096"}],"wp:featuredmedia":[{"embeddable":true,"href":"https:\/\/www.upo.es\/diario\/wp-json\/wp\/v2\/media\/30884093"}],"wp:attachment":[{"href":"https:\/\/www.upo.es\/diario\/wp-json\/wp\/v2\/media?parent=30884073"}],"wp:term":[{"taxonomy":"category","embeddable":true,"href":"https:\/\/www.upo.es\/diario\/wp-json\/wp\/v2\/categories?post=30884073"},{"taxonomy":"post_tag","embeddable":true,"href":"https:\/\/www.upo.es\/diario\/wp-json\/wp\/v2\/tags?post=30884073"}],"curies":[{"name":"wp","href":"https:\/\/api.w.org\/{rel}","templated":true}]}}