{"id":30884114,"date":"2024-11-06T15:29:03","date_gmt":"2024-11-06T14:29:03","guid":{"rendered":"https:\/\/www.upo.es\/diario\/?p=30884114"},"modified":"2024-11-18T12:20:37","modified_gmt":"2024-11-18T11:20:37","slug":"esoliupo-estudiantes-solidaridad-dana","status":"publish","type":"post","link":"https:\/\/www.upo.es\/diario\/comunidad\/2024\/11\/esoliupo-estudiantes-solidaridad-dana\/","title":{"rendered":"De un mensaje de \u2018WhatsApp\u2019 a un cami\u00f3n con 24 toneladas de material para Valencia"},"content":{"rendered":"<figure id=\"attachment_30884115\" aria-describedby=\"caption-attachment-30884115\" style=\"width: 750px\" class=\"wp-caption aligncenter\"><a href=\"https:\/\/www.upo.es\/diario\/wp-content\/uploads\/2024\/11\/ESOLIUPO-DANA-estudiantes-1-scaled.jpg\"><img loading=\"lazy\" decoding=\"async\" class=\"size-large wp-image-30884115\" src=\"https:\/\/www.upo.es\/diario\/wp-content\/uploads\/2024\/11\/ESOLIUPO-DANA-estudiantes-1-750x422.jpg\" alt=\"Natalia Bermejo, en primer t\u00e9rmino, con estudiantes que han colaborado en la campa\u00f1a\" width=\"750\" height=\"422\" srcset=\"https:\/\/www.upo.es\/diario\/wp-content\/uploads\/2024\/11\/ESOLIUPO-DANA-estudiantes-1-750x422.jpg 750w, https:\/\/www.upo.es\/diario\/wp-content\/uploads\/2024\/11\/ESOLIUPO-DANA-estudiantes-1-420x236.jpg 420w, https:\/\/www.upo.es\/diario\/wp-content\/uploads\/2024\/11\/ESOLIUPO-DANA-estudiantes-1-768x432.jpg 768w, https:\/\/www.upo.es\/diario\/wp-content\/uploads\/2024\/11\/ESOLIUPO-DANA-estudiantes-1-1536x864.jpg 1536w, https:\/\/www.upo.es\/diario\/wp-content\/uploads\/2024\/11\/ESOLIUPO-DANA-estudiantes-1-2048x1152.jpg 2048w, https:\/\/www.upo.es\/diario\/wp-content\/uploads\/2024\/11\/ESOLIUPO-DANA-estudiantes-1-1320x742.jpg 1320w\" sizes=\"auto, (max-width: 750px) 100vw, 750px\" \/><\/a><figcaption id=\"caption-attachment-30884115\" class=\"wp-caption-text\">Natalia Bermejo, en primer t\u00e9rmino, y Luc\u00eda Rubio, tercera por la derecha, con estudiantes que han colaborado en la campa\u00f1a<\/figcaption><\/figure>\n<p><strong>Natalia Bermejo<\/strong> se pregunt\u00f3 el pasado jueves si podr\u00eda hacer algo. Las noticias y las im\u00e1genes de la cat\u00e1strofe natural causada por la DANA la llevaron a enviar un mensaje a sus compa\u00f1eros y compa\u00f1eras de <strong>ESOLIUPO, la Asociaci\u00f3n de Estudiantes de Software Libre de la Universidad Pablo de Olavide<\/strong>. Su mensaje circul\u00f3 por los grupos de \u2018WhatsApp\u2019, entre las dem\u00e1s asociaciones del campus, de un estudiante a otro, lleg\u00f3 por redes sociales a j\u00f3venes de Sevilla y, finalmente, tuvo tambi\u00e9n reflejo en los medios de la ciudad.<\/p>\n<p><strong>El local de la asociaci\u00f3n del edificio 24 pronto se les qued\u00f3 peque\u00f1o para guardar el material que recib\u00edan<\/strong> y, con el apoyo del <strong>Vicerrectorado de Estudiantes<\/strong>, dispusieron de m\u00e1s espacio y del soporte necesario para almacenar las cajas en el Pabell\u00f3n 41.<\/p>\n<figure id=\"attachment_30884118\" aria-describedby=\"caption-attachment-30884118\" style=\"width: 420px\" class=\"wp-caption alignright\"><a href=\"https:\/\/www.upo.es\/diario\/wp-content\/uploads\/2024\/11\/ESOLIUPO-DANA-estudiantes-3-scaled.jpg\"><img loading=\"lazy\" decoding=\"async\" class=\"wp-image-30884118 size-medium\" src=\"https:\/\/www.upo.es\/diario\/wp-content\/uploads\/2024\/11\/ESOLIUPO-DANA-estudiantes-3-420x280.jpg\" alt=\"Estudiantes cargan en el campus el cami\u00f3n donado por transportes Amado Miguel\" width=\"420\" height=\"280\" srcset=\"https:\/\/www.upo.es\/diario\/wp-content\/uploads\/2024\/11\/ESOLIUPO-DANA-estudiantes-3-420x280.jpg 420w, https:\/\/www.upo.es\/diario\/wp-content\/uploads\/2024\/11\/ESOLIUPO-DANA-estudiantes-3-750x500.jpg 750w, https:\/\/www.upo.es\/diario\/wp-content\/uploads\/2024\/11\/ESOLIUPO-DANA-estudiantes-3-768x512.jpg 768w, https:\/\/www.upo.es\/diario\/wp-content\/uploads\/2024\/11\/ESOLIUPO-DANA-estudiantes-3-1536x1024.jpg 1536w, https:\/\/www.upo.es\/diario\/wp-content\/uploads\/2024\/11\/ESOLIUPO-DANA-estudiantes-3-2048x1365.jpg 2048w\" sizes=\"auto, (max-width: 420px) 100vw, 420px\" \/><\/a><figcaption id=\"caption-attachment-30884118\" class=\"wp-caption-text\">Estudiantes cargan en el campus el cami\u00f3n donado por transportes Amado Miguel<\/figcaption><\/figure>\n<p>Alimentos, material sanitario y de limpieza, mantas y ropa de abrigo, juguetes y hasta comida para mascotas, la solidaridad de los estudiantes de la Olavide consigui\u00f3 en solo cuatro d\u00edas desbordar sus previsiones. Tuvieron que dejar de recoger ayuda este lunes, antes de lo previsto.<\/p>\n<p>Pero \u00bfc\u00f3mo hacer llegar ahora la ayuda a quien lo necesita? De nuevo en el boca a boca, o m\u00e1s bien en el reenv\u00edo de mensajes a trav\u00e9s de WhatsApp e Instagram, se hall\u00f3 la soluci\u00f3n. El padre de <strong>Luc\u00eda Rubio<\/strong>, estudiante del Doble Grado en Derecho y Relaciones Laborales, trabaja en Amado Miguel, una empresa de transportes, y \u00e9sta don\u00f3 un cami\u00f3n de gran tonelaje para llevar a Valencia todo el material.<\/p>\n<p><a href=\"https:\/\/www.upo.es\/diario\/wp-content\/uploads\/2024\/11\/ESOLIUPO-DANA-estudiantes-2-scaled.jpg\"><img loading=\"lazy\" decoding=\"async\" class=\"alignright size-medium wp-image-30884116\" src=\"https:\/\/www.upo.es\/diario\/wp-content\/uploads\/2024\/11\/ESOLIUPO-DANA-estudiantes-2-420x236.jpg\" alt=\"\" width=\"420\" height=\"236\" srcset=\"https:\/\/www.upo.es\/diario\/wp-content\/uploads\/2024\/11\/ESOLIUPO-DANA-estudiantes-2-420x236.jpg 420w, https:\/\/www.upo.es\/diario\/wp-content\/uploads\/2024\/11\/ESOLIUPO-DANA-estudiantes-2-750x422.jpg 750w, https:\/\/www.upo.es\/diario\/wp-content\/uploads\/2024\/11\/ESOLIUPO-DANA-estudiantes-2-768x432.jpg 768w, https:\/\/www.upo.es\/diario\/wp-content\/uploads\/2024\/11\/ESOLIUPO-DANA-estudiantes-2-1536x864.jpg 1536w, https:\/\/www.upo.es\/diario\/wp-content\/uploads\/2024\/11\/ESOLIUPO-DANA-estudiantes-2-2048x1152.jpg 2048w\" sizes=\"auto, (max-width: 420px) 100vw, 420px\" \/><\/a>Contactaron con <a href=\"https:\/\/www.ayudaunafamilia.es\/\">Fundaci\u00f3n Ayuda Una Familia<\/a>, una ONG de Paterna, y el cami\u00f3n ha salido esta ma\u00f1ana con destino a la comunidad valenciana. Han sido cuatro d\u00edas de no parar con el tel\u00e9fono, de embalar y trasladar cajas, de gestionar todo tipo de inconvenientes que no se esperaban, pero la pregunta que se hizo Natalia el jueves viaja, gracias a la ayuda de muchas y muchos j\u00f3venes, camino de quienes lo necesitan.<\/p>\n<p><a href=\"https:\/\/www.upo.es\/diario\/wp-content\/uploads\/2024\/10\/ayuda-DANA-AUPA.jpg\"><img loading=\"lazy\" decoding=\"async\" class=\"alignright size-medium wp-image-30884048\" src=\"https:\/\/www.upo.es\/diario\/wp-content\/uploads\/2024\/10\/ayuda-DANA-AUPA-236x420.jpg\" alt=\"Ayuda universitaria para damnificados por la DANA de Valencia\" width=\"236\" height=\"420\" srcset=\"https:\/\/www.upo.es\/diario\/wp-content\/uploads\/2024\/10\/ayuda-DANA-AUPA-236x420.jpg 236w, https:\/\/www.upo.es\/diario\/wp-content\/uploads\/2024\/10\/ayuda-DANA-AUPA-295x525.jpg 295w, https:\/\/www.upo.es\/diario\/wp-content\/uploads\/2024\/10\/ayuda-DANA-AUPA-768x1365.jpg 768w, https:\/\/www.upo.es\/diario\/wp-content\/uploads\/2024\/10\/ayuda-DANA-AUPA-864x1536.jpg 864w, https:\/\/www.upo.es\/diario\/wp-content\/uploads\/2024\/10\/ayuda-DANA-AUPA.jpg 900w\" sizes=\"auto, (max-width: 236px) 100vw, 236px\" \/><\/a>Para <strong>Amapola Povedano<\/strong>, vicerrectora de Estudiantes, Empleabilidad y Emprendimiento, \u201ccomo comunidad universitaria debemos sentirnos muy orgullosos de nuestro estudiantado, que refleja con estas acciones los valores sociales y humanitarios que son marca de identidad de nuestra Universidad de su inicio\u201d.<\/p>\n<p>Las Universidades P\u00fablicas de Andaluc\u00eda han lanzado la campa\u00f1a <strong><a href=\"https:\/\/www.upo.es\/diario\/infoupo\/2024\/11\/ayudas-a-la-ciudadania-afectada-por-la-dana\/\">#<em>AUPAconValencia<\/em><\/a><\/strong>, en colaboraci\u00f3n con <strong>Cruz Roja Espa\u00f1ola<\/strong>, que anima a realizar aportaciones econ\u00f3micas para poder atender las necesidades de la poblaci\u00f3n afectada por las inundaciones.<\/p>\n<p>&nbsp;<\/p>\n","protected":false},"excerpt":{"rendered":"<p>La asociaci\u00f3n estudiantil ESOLIUPO logra movilizar a estudiantes del campus, y a j\u00f3venes de Sevilla, en una campa\u00f1a de recogida de ayuda para los damnificados por la DANA.<\/p>\n","protected":false},"author":6,"featured_media":30884115,"comment_status":"closed","ping_status":"open","sticky":false,"template":"","format":"standard","meta":{"_monsterinsights_skip_tracking":false,"_monsterinsights_sitenote_active":false,"_monsterinsights_sitenote_note":"","_monsterinsights_sitenote_category":0,"footnotes":""},"categories":[5842],"tags":[8982,100,8473,8719,21,930,1024,8949],"class_list":["post-30884114","post","type-post","status-publish","format-standard","has-post-thumbnail","hentry","category-comunidad","tag-ayuda-dana","tag-ceupo","tag-desastres-naturales","tag-esoliupo","tag-estudiantes","tag-jovenes","tag-solidaridad","tag-vicerrectorado-de-estudiantes-empleabilidad-y-emprendimiento"],"_links":{"self":[{"href":"https:\/\/www.upo.es\/diario\/wp-json\/wp\/v2\/posts\/30884114","targetHints":{"allow":["GET"]}}],"collection":[{"href":"https:\/\/www.upo.es\/diario\/wp-json\/wp\/v2\/posts"}],"about":[{"href":"https:\/\/www.upo.es\/diario\/wp-json\/wp\/v2\/types\/post"}],"author":[{"embeddable":true,"href":"https:\/\/www.upo.es\/diario\/wp-json\/wp\/v2\/users\/6"}],"replies":[{"embeddable":true,"href":"https:\/\/www.upo.es\/diario\/wp-json\/wp\/v2\/comments?post=30884114"}],"version-history":[{"count":6,"href":"https:\/\/www.upo.es\/diario\/wp-json\/wp\/v2\/posts\/30884114\/revisions"}],"predecessor-version":[{"id":30884126,"href":"https:\/\/www.upo.es\/diario\/wp-json\/wp\/v2\/posts\/30884114\/revisions\/30884126"}],"wp:featuredmedia":[{"embeddable":true,"href":"https:\/\/www.upo.es\/diario\/wp-json\/wp\/v2\/media\/30884115"}],"wp:attachment":[{"href":"https:\/\/www.upo.es\/diario\/wp-json\/wp\/v2\/media?parent=30884114"}],"wp:term":[{"taxonomy":"category","embeddable":true,"href":"https:\/\/www.upo.es\/diario\/wp-json\/wp\/v2\/categories?post=30884114"},{"taxonomy":"post_tag","embeddable":true,"href":"https:\/\/www.upo.es\/diario\/wp-json\/wp\/v2\/tags?post=30884114"}],"curies":[{"name":"wp","href":"https:\/\/api.w.org\/{rel}","templated":true}]}}