{"id":30884130,"date":"2024-11-07T14:08:02","date_gmt":"2024-11-07T13:08:02","guid":{"rendered":"https:\/\/www.upo.es\/diario\/?p=30884130"},"modified":"2024-11-08T16:25:03","modified_gmt":"2024-11-08T15:25:03","slug":"nace-en-la-universidad-pablo-de-olavide-un-observatorio-para-mejorar-la-salud-mental-y-el-bienestar-integral-de-deportistas","status":"publish","type":"post","link":"https:\/\/www.upo.es\/diario\/docencia-formacion\/2024\/11\/nace-en-la-universidad-pablo-de-olavide-un-observatorio-para-mejorar-la-salud-mental-y-el-bienestar-integral-de-deportistas\/","title":{"rendered":"Nace en la Universidad Pablo de Olavide un Observatorio para mejorar la salud mental y el bienestar integral de deportistas"},"content":{"rendered":"<figure id=\"attachment_30884132\" aria-describedby=\"caption-attachment-30884132\" style=\"width: 750px\" class=\"wp-caption aligncenter\"><a href=\"https:\/\/www.upo.es\/diario\/wp-content\/uploads\/2024\/11\/jcjaenes_davidalarcon01-scaled.jpg\"><img loading=\"lazy\" decoding=\"async\" class=\"size-large wp-image-30884132\" src=\"https:\/\/www.upo.es\/diario\/wp-content\/uploads\/2024\/11\/jcjaenes_davidalarcon01-750x500.jpg\" alt=\"Los profesores de la UPO Jos\u00e9 Carlos Jaenes S\u00e1nchez y David Alarc\u00f3n Rubio.\" width=\"750\" height=\"500\" srcset=\"https:\/\/www.upo.es\/diario\/wp-content\/uploads\/2024\/11\/jcjaenes_davidalarcon01-750x500.jpg 750w, https:\/\/www.upo.es\/diario\/wp-content\/uploads\/2024\/11\/jcjaenes_davidalarcon01-420x280.jpg 420w, https:\/\/www.upo.es\/diario\/wp-content\/uploads\/2024\/11\/jcjaenes_davidalarcon01-768x512.jpg 768w, https:\/\/www.upo.es\/diario\/wp-content\/uploads\/2024\/11\/jcjaenes_davidalarcon01-1536x1024.jpg 1536w, https:\/\/www.upo.es\/diario\/wp-content\/uploads\/2024\/11\/jcjaenes_davidalarcon01-2048x1365.jpg 2048w, https:\/\/www.upo.es\/diario\/wp-content\/uploads\/2024\/11\/jcjaenes_davidalarcon01-165x109.jpg 165w, https:\/\/www.upo.es\/diario\/wp-content\/uploads\/2024\/11\/jcjaenes_davidalarcon01-1320x880.jpg 1320w\" sizes=\"auto, (max-width: 750px) 100vw, 750px\" \/><\/a><figcaption id=\"caption-attachment-30884132\" class=\"wp-caption-text\">Los profesores de la UPO Jos\u00e9 Carlos Jaenes S\u00e1nchez y David Alarc\u00f3n Rubio.<\/figcaption><\/figure>\n<p>Con el objetivo de investigar y promocionar el bienestar integral en el \u00e1mbito deportivo, la <strong>Universidad Pablo de Olavide<\/strong> ha creado un nuevo <strong>Observatorio de Salud Mental en el Deporte, <\/strong>un proyecto que nace tras la firma de un convenio con la <strong>Universidad Uninorte<\/strong> de Barranquilla, Colombia, y que est\u00e1 auspiciado por el profesor <strong>Jos\u00e9 Carlos Jaenes<\/strong> <strong>S\u00e1nchez<\/strong>, experto en psicolog\u00eda del deporte y alto rendimiento, junto con el profesor <strong>David Alarc\u00f3n Rubio,<\/strong> docentes del Departamento de Antropolog\u00eda Social, Psicolog\u00eda B\u00e1sica y Salud P\u00fablica de la UPO.<\/p>\n<p>Este acuerdo surge despu\u00e9s de una estancia del profesor Jaenes en la Universidad Uninorte, donde ya se lleva a cabo un observatorio de salud mental e interesado tambi\u00e9n en el deporte. \u201cLa creciente visibilidad de problemas de salud mental ha revelado que no todo es saludable en el sector deportivo. Los recientes casos de deportistas ol\u00edmpicos y de \u00e9lite en disciplinas como la gimnasia, el tenis y el f\u00fatbol han puesto en evidencia la importancia de cuidar la salud mental en un entorno regido por la competitividad y la presi\u00f3n de los resultados, de los que dependen tanto los patrocinios como la calidad de vida de los y las deportistas\u201d, explica Jos\u00e9 Carlos Jaenes.<\/p>\n<p>Entre las principales l\u00edneas de investigaci\u00f3n de este nuevo Observatorio de Salud Mental en el Deporte se encuentra el an\u00e1lisis del <strong>\u2018constructo de personalidad resistente\u2019<\/strong>, conjunto de rasgos que ayudan a las personas a resistir mejor el estr\u00e9s y la presi\u00f3n. \u201cSe trata de una caracter\u00edstica que parece ser clave para combatir el s\u00edndrome de <em>burnout <\/em>o agotamiento, una condici\u00f3n cada vez m\u00e1s frecuente entre los deportistas y que puede llevar incluso al abandono temprano de la actividad deportiva\u201d, argumenta el profesor Jaenes.<\/p>\n<p>As\u00ed, la personalidad resistente ayuda a los deportistas a mantener la estabilidad emocional y la concentraci\u00f3n ante situaciones estresantes, clave para evitar el agotamiento emocional y la ansiedad competitiva, factores que pueden llevar a lesiones, disminuci\u00f3n del rendimiento y abandono deportivo. Adem\u00e1s, los deportistas con personalidad resistente suelen tener una mejor recuperaci\u00f3n tras las derrotas y son m\u00e1s persistentes en el logro de sus objetivos, lo que resulta en carreras deportivas m\u00e1s largas y satisfactorias.<\/p>\n<p>Este observatorio busca ofrecer herramientas y estrategias que ayuden a deportistas y entrenadores a enfrentar el agotamiento emocional de manera eficaz, al tiempo que fomenta un <strong>enfoque saludable y sostenible del deporte<\/strong>, donde la salud mental ocupe un lugar prioritario. La investigaci\u00f3n desarrollada aqu\u00ed podr\u00eda traducirse en talleres y programas de intervenci\u00f3n orientados a mejorar el bienestar de los deportistas y a crear un entorno deportivo donde la salud sea el valor principal.<\/p>\n<p>Con esta iniciativa, la Universidad Pablo de Olavide y la Universidad Uninorte dan un paso adelante en el compromiso de mejorar el equilibrio entre el \u00e9xito deportivo y la salud mental, buscando transformar el deporte en una pr\u00e1ctica verdaderamente saludable y sostenible.<\/p>\n","protected":false},"excerpt":{"rendered":"<p>Con el objetivo de investigar y promocionar el bienestar integral en el \u00e1mbito deportivo, la Universidad Pablo de Olavide ha creado un nuevo Observatorio de Salud Mental en el Deporte, un proyecto que nace tras la firma de un convenio con la Universidad Uninorte de Barranquilla, Colombia, y que est\u00e1 auspiciado por el profesor Jos\u00e9 Carlos Jaenes S\u00e1nchez, experto en psicolog\u00eda del deporte y alto rendimiento, junto con el profesor David Alarc\u00f3n Rubio, docentes del Departamento de Antropolog\u00eda Social, Psicolog\u00eda B\u00e1sica y Salud P\u00fablica de la UPO.<\/p>\n","protected":false},"author":2,"featured_media":30884132,"comment_status":"closed","ping_status":"open","sticky":false,"template":"","format":"standard","meta":{"_monsterinsights_skip_tracking":false,"_monsterinsights_sitenote_active":false,"_monsterinsights_sitenote_note":"","_monsterinsights_sitenote_category":0,"footnotes":""},"categories":[2779],"tags":[541,8995,813,142,3035,2300,8994],"class_list":["post-30884130","post","type-post","status-publish","format-standard","has-post-thumbnail","hentry","category-docencia-formacion","tag-deporte","tag-jose-carlos-jaenes-sanchez","tag-observatorio","tag-psicologia","tag-rendimiento","tag-salud-mental","tag-universidad-uninorte"],"_links":{"self":[{"href":"https:\/\/www.upo.es\/diario\/wp-json\/wp\/v2\/posts\/30884130","targetHints":{"allow":["GET"]}}],"collection":[{"href":"https:\/\/www.upo.es\/diario\/wp-json\/wp\/v2\/posts"}],"about":[{"href":"https:\/\/www.upo.es\/diario\/wp-json\/wp\/v2\/types\/post"}],"author":[{"embeddable":true,"href":"https:\/\/www.upo.es\/diario\/wp-json\/wp\/v2\/users\/2"}],"replies":[{"embeddable":true,"href":"https:\/\/www.upo.es\/diario\/wp-json\/wp\/v2\/comments?post=30884130"}],"version-history":[{"count":2,"href":"https:\/\/www.upo.es\/diario\/wp-json\/wp\/v2\/posts\/30884130\/revisions"}],"predecessor-version":[{"id":30884133,"href":"https:\/\/www.upo.es\/diario\/wp-json\/wp\/v2\/posts\/30884130\/revisions\/30884133"}],"wp:featuredmedia":[{"embeddable":true,"href":"https:\/\/www.upo.es\/diario\/wp-json\/wp\/v2\/media\/30884132"}],"wp:attachment":[{"href":"https:\/\/www.upo.es\/diario\/wp-json\/wp\/v2\/media?parent=30884130"}],"wp:term":[{"taxonomy":"category","embeddable":true,"href":"https:\/\/www.upo.es\/diario\/wp-json\/wp\/v2\/categories?post=30884130"},{"taxonomy":"post_tag","embeddable":true,"href":"https:\/\/www.upo.es\/diario\/wp-json\/wp\/v2\/tags?post=30884130"}],"curies":[{"name":"wp","href":"https:\/\/api.w.org\/{rel}","templated":true}]}}