{"id":30884134,"date":"2024-11-08T15:22:53","date_gmt":"2024-11-08T14:22:53","guid":{"rendered":"https:\/\/www.upo.es\/diario\/?p=30884134"},"modified":"2024-11-12T14:35:00","modified_gmt":"2024-11-12T13:35:00","slug":"la-universidad-pablo-de-olavide-impulsa-una-jornada-de-reflexion-solidaridad-y-activismo-social-contra-la-cultura-de-la-violacion","status":"publish","type":"post","link":"https:\/\/www.upo.es\/diario\/docencia-formacion\/2024\/11\/la-universidad-pablo-de-olavide-impulsa-una-jornada-de-reflexion-solidaridad-y-activismo-social-contra-la-cultura-de-la-violacion\/","title":{"rendered":"La Universidad Pablo de Olavide impulsa una jornada de reflexi\u00f3n, solidaridad y activismo social contra la cultura de la violaci\u00f3n"},"content":{"rendered":"<figure id=\"attachment_30884149\" aria-describedby=\"caption-attachment-30884149\" style=\"width: 750px\" class=\"wp-caption aligncenter\"><a href=\"https:\/\/www.upo.es\/diario\/wp-content\/uploads\/2024\/11\/docu_noestasola01-1-scaled.jpg\"><img loading=\"lazy\" decoding=\"async\" class=\"size-large wp-image-30884149\" src=\"https:\/\/www.upo.es\/diario\/wp-content\/uploads\/2024\/11\/docu_noestasola01-1-750x500.jpg\" alt=\"\" width=\"750\" height=\"500\" srcset=\"https:\/\/www.upo.es\/diario\/wp-content\/uploads\/2024\/11\/docu_noestasola01-1-750x500.jpg 750w, https:\/\/www.upo.es\/diario\/wp-content\/uploads\/2024\/11\/docu_noestasola01-1-420x280.jpg 420w, https:\/\/www.upo.es\/diario\/wp-content\/uploads\/2024\/11\/docu_noestasola01-1-768x512.jpg 768w, https:\/\/www.upo.es\/diario\/wp-content\/uploads\/2024\/11\/docu_noestasola01-1-1536x1024.jpg 1536w, https:\/\/www.upo.es\/diario\/wp-content\/uploads\/2024\/11\/docu_noestasola01-1-2048x1365.jpg 2048w, https:\/\/www.upo.es\/diario\/wp-content\/uploads\/2024\/11\/docu_noestasola01-1-165x109.jpg 165w, https:\/\/www.upo.es\/diario\/wp-content\/uploads\/2024\/11\/docu_noestasola01-1-1320x880.jpg 1320w\" sizes=\"auto, (max-width: 750px) 100vw, 750px\" \/><\/a><figcaption id=\"caption-attachment-30884149\" class=\"wp-caption-text\">De izquierda a derecha, M\u00f3nica Dom\u00ednguez, Juan Miguel G\u00f3mez y Roc\u00edo C\u00e1rdenas.<\/figcaption><\/figure>\n<p>Con el prop\u00f3sito de sensibilizar a la sociedad y fomentar el activismo contra la violencia de g\u00e9nero, la <strong>Facultad de Ciencias Sociales<\/strong> ha organizado la iniciativa <strong>\u2018Movilizando Conciencia y Activismo Social en la Lucha contra las Violencias hacia las Mujeres. No Est\u00e1s Sola. La Lucha contra la Manada\u2019<\/strong>, un evento que se ha celebrado <u>hoy viernes 8 de noviembre<\/u> y que propone un espacio para reflexionar sobre las relaciones sexuales sin consentimiento y las violaciones grupales como una de las formas m\u00e1s extremas de esta violencia.<\/p>\n<figure id=\"attachment_30884150\" aria-describedby=\"caption-attachment-30884150\" style=\"width: 420px\" class=\"wp-caption alignright\"><a href=\"https:\/\/www.upo.es\/diario\/wp-content\/uploads\/2024\/11\/docu_noestasola04-scaled.jpg\"><img loading=\"lazy\" decoding=\"async\" class=\"size-medium wp-image-30884150\" src=\"https:\/\/www.upo.es\/diario\/wp-content\/uploads\/2024\/11\/docu_noestasola04-420x280.jpg\" alt=\"\" width=\"420\" height=\"280\" srcset=\"https:\/\/www.upo.es\/diario\/wp-content\/uploads\/2024\/11\/docu_noestasola04-420x280.jpg 420w, https:\/\/www.upo.es\/diario\/wp-content\/uploads\/2024\/11\/docu_noestasola04-750x500.jpg 750w, https:\/\/www.upo.es\/diario\/wp-content\/uploads\/2024\/11\/docu_noestasola04-768x512.jpg 768w, https:\/\/www.upo.es\/diario\/wp-content\/uploads\/2024\/11\/docu_noestasola04-1536x1024.jpg 1536w, https:\/\/www.upo.es\/diario\/wp-content\/uploads\/2024\/11\/docu_noestasola04-2048x1365.jpg 2048w, https:\/\/www.upo.es\/diario\/wp-content\/uploads\/2024\/11\/docu_noestasola04-165x109.jpg 165w, https:\/\/www.upo.es\/diario\/wp-content\/uploads\/2024\/11\/docu_noestasola04-1320x880.jpg 1320w\" sizes=\"auto, (max-width: 420px) 100vw, 420px\" \/><\/a><figcaption id=\"caption-attachment-30884150\" class=\"wp-caption-text\">Beatriz Mac\u00edas y Almudena Carracedo.<\/figcaption><\/figure>\n<p>El encuentro, organizado por las profesoras <strong>Roc\u00edo C\u00e1rdenas Rodr\u00edguez<\/strong>, secretaria acad\u00e9mica y responsable de G\u00e9nero de la Facultad, y <strong>Beatriz Mac\u00edas G\u00f3mez-Estern<\/strong>, vicedecana de Internacionalizaci\u00f3n, cuenta con la colaboraci\u00f3n del Consejo Superior de Investigaciones Cient\u00edficas y la Delegaci\u00f3n del Rector para la Igualdad de G\u00e9nero de la UPO.<\/p>\n<p>La iniciativa incluye una serie de actividades que se han llevado a cabo a lo largo de la ma\u00f1ana, entre las que destaca la participaci\u00f3n de <strong>Almudena Carracedo<\/strong>, directora del documental <strong>\u2018No est\u00e1s sola. La lucha contra la manada\u2019<\/strong>, galardonado con el Premio Ondas 2024. El visionado del documental y el posterior espacio de reflexi\u00f3n han brindado la oportunidad de analizar el caso de \u2018La Manada\u2019 de San Fermines, un suceso que impuls\u00f3 un movimiento social que trascendi\u00f3 a nivel nacional y ha sido referido como el \u2018#MeToo espa\u00f1ol\u2019. El evento busca exponer c\u00f3mo este caso espec\u00edfico ha marcado un antes y un despu\u00e9s en la percepci\u00f3n de las agresiones sexuales en Espa\u00f1a, alcanzando \u00e1mbitos de intervenci\u00f3n legal, pol\u00edtica y judicial.<\/p>\n<figure id=\"attachment_30884147\" aria-describedby=\"caption-attachment-30884147\" style=\"width: 420px\" class=\"wp-caption alignleft\"><a href=\"https:\/\/www.upo.es\/diario\/wp-content\/uploads\/2024\/11\/docu_noestasola02-scaled.jpg\"><img loading=\"lazy\" decoding=\"async\" class=\"size-medium wp-image-30884147\" src=\"https:\/\/www.upo.es\/diario\/wp-content\/uploads\/2024\/11\/docu_noestasola02-420x280.jpg\" alt=\"\" width=\"420\" height=\"280\" srcset=\"https:\/\/www.upo.es\/diario\/wp-content\/uploads\/2024\/11\/docu_noestasola02-420x280.jpg 420w, https:\/\/www.upo.es\/diario\/wp-content\/uploads\/2024\/11\/docu_noestasola02-750x500.jpg 750w, https:\/\/www.upo.es\/diario\/wp-content\/uploads\/2024\/11\/docu_noestasola02-768x512.jpg 768w, https:\/\/www.upo.es\/diario\/wp-content\/uploads\/2024\/11\/docu_noestasola02-1536x1024.jpg 1536w, https:\/\/www.upo.es\/diario\/wp-content\/uploads\/2024\/11\/docu_noestasola02-2048x1365.jpg 2048w, https:\/\/www.upo.es\/diario\/wp-content\/uploads\/2024\/11\/docu_noestasola02-165x109.jpg 165w, https:\/\/www.upo.es\/diario\/wp-content\/uploads\/2024\/11\/docu_noestasola02-1320x880.jpg 1320w\" sizes=\"auto, (max-width: 420px) 100vw, 420px\" \/><\/a><figcaption id=\"caption-attachment-30884147\" class=\"wp-caption-text\">Gema Otero.<\/figcaption><\/figure>\n<p>La jornada tambi\u00e9n ha contado con la participaci\u00f3n de <strong>Gema Otero Guti\u00e9rrez<\/strong>, experta en coeducaci\u00f3n y prevenci\u00f3n de la violencia estructural contra las mujeres, que ha hablado sobre <strong>\u2018La Sociedad Patriarcal y la Cultura de la Violaci\u00f3n\u2019<\/strong>. Asimismo, se ha celebrado un espacio de debate en torno a <strong>\u2018Conciencia y Activismo Social: Acompasando agencialidades frente a las violencias del Patriarcado\u2019<\/strong> entre la jurista <strong>Vanessa Casado Caballero<\/strong>, asesora jur\u00eddica de centro de atenci\u00f3n a la mujer del Ayuntamiento de Sevilla y fundadora de la Asociaci\u00f3n AMIGA por los derechos de las Mujeres; la investigadora sobre violencias hacia las mujeres <strong>Mar\u00eda Marco Macarro<\/strong>, profesora de Psicolog\u00eda B\u00e1sica; y la directora <strong>Almudena Carracedo<\/strong>. Este di\u00e1logo abierto pretende convertirse en un espacio de movilizaci\u00f3n para fortalecer el apoyo y la solidaridad en la lucha contra las violencias machistas.<\/p>\n<figure id=\"attachment_30884148\" aria-describedby=\"caption-attachment-30884148\" style=\"width: 420px\" class=\"wp-caption alignright\"><a href=\"https:\/\/www.upo.es\/diario\/wp-content\/uploads\/2024\/11\/docu_noestasola03-scaled.jpg\"><img loading=\"lazy\" decoding=\"async\" class=\"size-medium wp-image-30884148\" src=\"https:\/\/www.upo.es\/diario\/wp-content\/uploads\/2024\/11\/docu_noestasola03-420x280.jpg\" alt=\"\" width=\"420\" height=\"280\" srcset=\"https:\/\/www.upo.es\/diario\/wp-content\/uploads\/2024\/11\/docu_noestasola03-420x280.jpg 420w, https:\/\/www.upo.es\/diario\/wp-content\/uploads\/2024\/11\/docu_noestasola03-750x500.jpg 750w, https:\/\/www.upo.es\/diario\/wp-content\/uploads\/2024\/11\/docu_noestasola03-768x512.jpg 768w, https:\/\/www.upo.es\/diario\/wp-content\/uploads\/2024\/11\/docu_noestasola03-1536x1024.jpg 1536w, https:\/\/www.upo.es\/diario\/wp-content\/uploads\/2024\/11\/docu_noestasola03-2048x1365.jpg 2048w, https:\/\/www.upo.es\/diario\/wp-content\/uploads\/2024\/11\/docu_noestasola03-165x109.jpg 165w, https:\/\/www.upo.es\/diario\/wp-content\/uploads\/2024\/11\/docu_noestasola03-1320x880.jpg 1320w\" sizes=\"auto, (max-width: 420px) 100vw, 420px\" \/><\/a><figcaption id=\"caption-attachment-30884148\" class=\"wp-caption-text\">De izquierda a derecha, Beatriz Mac\u00edas, Almudena Carracedo, Vanessa Casado\u00a0y Mar\u00eda Marco.<\/figcaption><\/figure>\n<p>La inauguraci\u00f3n se ha celebrado hoy viernes 8 de noviembre a las 10:00 horas en el sal\u00f3n de actos del Instituto de la Grasa (edificio 46) y ha contado con las intervenciones de <strong>Juan Miguel G\u00f3mez Espino<\/strong>, decano de la Facultad de Ciencias Sociales de la UPO; <strong>M\u00f3nica Dom\u00ednguez Serrano<\/strong>, delegada del Rector para la Igualdad de G\u00e9nero de la UPO; y <strong>Roc\u00edo C\u00e1rdenas Rodr\u00edguez<\/strong>, secretaria acad\u00e9mica y responsable de G\u00e9nero de la Facultad de Ciencias Sociales de la UPO.<\/p>\n<p>Este evento, que se celebra en el marco la campa\u00f1a que organiza la Universidad Pablo de Olavide con motivo de la conmemoraci\u00f3n del D\u00eda Internacional para la Erradicaci\u00f3n de las Violencias contras las Mujeres el 25 de noviembre, representa un esfuerzo significativo de la UPO para impulsar la conciencia y el activismo social en torno a una de las problem\u00e1ticas m\u00e1s apremiantes en la sociedad actual. Desde una perspectiva acad\u00e9mica y de intervenci\u00f3n social, la universidad se compromete a fomentar un cambio en la percepci\u00f3n y en la lucha contra la violencia hacia las mujeres.<\/p>\n<p><strong>M\u00e1s informaci\u00f3n:<\/strong><\/p>\n<p><a href=\"https:\/\/eventos.upo.es\/agenda\/show_event\/124311\/documental-no-estas-sola-la-lucha-contra-la-manada.html\">Programa \u2018Movilizando Conciencia y Activismo Social en la Lucha contra las Violencias hacia las Mujeres. No Est\u00e1s Sola. La Lucha contra la Manada\u2019<\/a><\/p>\n<p>&nbsp;<\/p>\n","protected":false},"excerpt":{"rendered":"<p>Con el prop\u00f3sito de sensibilizar a la sociedad y fomentar el activismo contra la violencia de g\u00e9nero, la Facultad de Ciencias Sociales ha organizado la iniciativa \u2018Movilizando Conciencia y Activismo Social en la Lucha contra las Violencias hacia las Mujeres. No Est\u00e1s Sola. La Lucha contra la Manada\u2019, un evento que se ha celebrado hoy viernes 8 de noviembre y<a class=\"read-more\" href=\"https:\/\/www.upo.es\/diario\/docencia-formacion\/2024\/11\/la-universidad-pablo-de-olavide-impulsa-una-jornada-de-reflexion-solidaridad-y-activismo-social-contra-la-cultura-de-la-violacion\/\">[Read More&#8230;]<\/a><\/p>\n","protected":false},"author":2,"featured_media":30884149,"comment_status":"closed","ping_status":"open","sticky":false,"template":"","format":"standard","meta":{"_monsterinsights_skip_tracking":false,"_monsterinsights_sitenote_active":false,"_monsterinsights_sitenote_note":"","_monsterinsights_sitenote_category":0,"footnotes":""},"categories":[2779],"tags":[4545,8999,8996,222,8997,8998],"class_list":["post-30884134","post","type-post","status-publish","format-standard","has-post-thumbnail","hentry","category-docencia-formacion","tag-25n","tag-activismo-social","tag-almudena-carracedo","tag-documental","tag-sociedad-patriarcal","tag-violacion"],"_links":{"self":[{"href":"https:\/\/www.upo.es\/diario\/wp-json\/wp\/v2\/posts\/30884134","targetHints":{"allow":["GET"]}}],"collection":[{"href":"https:\/\/www.upo.es\/diario\/wp-json\/wp\/v2\/posts"}],"about":[{"href":"https:\/\/www.upo.es\/diario\/wp-json\/wp\/v2\/types\/post"}],"author":[{"embeddable":true,"href":"https:\/\/www.upo.es\/diario\/wp-json\/wp\/v2\/users\/2"}],"replies":[{"embeddable":true,"href":"https:\/\/www.upo.es\/diario\/wp-json\/wp\/v2\/comments?post=30884134"}],"version-history":[{"count":5,"href":"https:\/\/www.upo.es\/diario\/wp-json\/wp\/v2\/posts\/30884134\/revisions"}],"predecessor-version":[{"id":30884154,"href":"https:\/\/www.upo.es\/diario\/wp-json\/wp\/v2\/posts\/30884134\/revisions\/30884154"}],"wp:featuredmedia":[{"embeddable":true,"href":"https:\/\/www.upo.es\/diario\/wp-json\/wp\/v2\/media\/30884149"}],"wp:attachment":[{"href":"https:\/\/www.upo.es\/diario\/wp-json\/wp\/v2\/media?parent=30884134"}],"wp:term":[{"taxonomy":"category","embeddable":true,"href":"https:\/\/www.upo.es\/diario\/wp-json\/wp\/v2\/categories?post=30884134"},{"taxonomy":"post_tag","embeddable":true,"href":"https:\/\/www.upo.es\/diario\/wp-json\/wp\/v2\/tags?post=30884134"}],"curies":[{"name":"wp","href":"https:\/\/api.w.org\/{rel}","templated":true}]}}