{"id":30884173,"date":"2024-11-11T20:59:38","date_gmt":"2024-11-11T19:59:38","guid":{"rendered":"https:\/\/www.upo.es\/diario\/?p=30884173"},"modified":"2024-11-12T16:43:52","modified_gmt":"2024-11-12T15:43:52","slug":"inadelso-cossa-seff-arte-contar-conflicto-belico","status":"publish","type":"post","link":"https:\/\/www.upo.es\/diario\/cultura-social\/2024\/11\/inadelso-cossa-seff-arte-contar-conflicto-belico\/","title":{"rendered":"Encuentro en la UPO con el cineasta mozambique\u00f1o Inadelso Cossa en el marco del SEFF 2024"},"content":{"rendered":"<figure id=\"attachment_30884174\" aria-describedby=\"caption-attachment-30884174\" style=\"width: 732px\" class=\"wp-caption aligncenter\"><a href=\"https:\/\/www.upo.es\/diario\/wp-content\/uploads\/2024\/11\/Inadelso-Cossa-SEFF-2024.jpg\"><img loading=\"lazy\" decoding=\"async\" class=\"wp-image-30884174 size-large\" src=\"https:\/\/www.upo.es\/diario\/wp-content\/uploads\/2024\/11\/Inadelso-Cossa-SEFF-2024-732x525.jpg\" alt=\"Inadelso Cossa (centro) y Beatriz Mac\u00edas (derecha) en el encuentro con estudiantes de la Facultad de Ciencias Sociales\" width=\"732\" height=\"525\" srcset=\"https:\/\/www.upo.es\/diario\/wp-content\/uploads\/2024\/11\/Inadelso-Cossa-SEFF-2024-732x525.jpg 732w, https:\/\/www.upo.es\/diario\/wp-content\/uploads\/2024\/11\/Inadelso-Cossa-SEFF-2024-420x301.jpg 420w, https:\/\/www.upo.es\/diario\/wp-content\/uploads\/2024\/11\/Inadelso-Cossa-SEFF-2024-768x551.jpg 768w, https:\/\/www.upo.es\/diario\/wp-content\/uploads\/2024\/11\/Inadelso-Cossa-SEFF-2024-765x550.jpg 765w, https:\/\/www.upo.es\/diario\/wp-content\/uploads\/2024\/11\/Inadelso-Cossa-SEFF-2024-1320x947.jpg 1320w, https:\/\/www.upo.es\/diario\/wp-content\/uploads\/2024\/11\/Inadelso-Cossa-SEFF-2024-95x67.jpg 95w, https:\/\/www.upo.es\/diario\/wp-content\/uploads\/2024\/11\/Inadelso-Cossa-SEFF-2024.jpg 1468w\" sizes=\"auto, (max-width: 732px) 100vw, 732px\" \/><\/a><figcaption id=\"caption-attachment-30884174\" class=\"wp-caption-text\">Inadelso Cossa (centro) y Beatriz Mac\u00edas (derecha) en el encuentro con estudiantes en el marco del SEFF<\/figcaption><\/figure>\n<p><strong>Inadelso Cossa<\/strong> ha mantenido este lunes un encuentro con estudiantes de la<strong> Facultad de Ciencias Sociales<\/strong> de la Universidad Pablo de Olavide. En <strong><em>El arte de contar un conflicto b\u00e9lico<\/em><\/strong>, sesi\u00f3n programada como parte de las\u00a0 &#8216;<a href=\"https:\/\/festivalcinesevilla.eu\/actividades-paralelas\">Actividades Paralelas<\/a>&#8216; del Festival de Cine Europeo de Sevilla (SEFF 2024), el realizador nacido en Mozambique ha expuesto su intento de mostrar la memoria fragmentada de un pa\u00eds, que ha comparado con la de una persona que padece Alzheimer.<\/p>\n<p>&#8216;<a href=\"https:\/\/www.berlinale.de\/en\/2024\/programme\/202403653.html\">The Night Still Smells of Gunpowder<\/a>&#8216;, documental presentado en el Festival de Berl\u00edn, narra el regreso de un hombre a su pueblo natal en Mozambique, donde creci\u00f3 en plena guerra civil, y aborda su oscura historia y el impacto en la memoria colectiva. Inadelso Cossa ha explicado durante su charla que, en su pel\u00edcula, ha utilizado para la puesta en escena recursos no solo documentales, tambi\u00e9n de ficci\u00f3n, para contar la historia del conflicto.<\/p>\n","protected":false},"excerpt":{"rendered":"<p>Inadelso Cossa ha mantenido este lunes un encuentro con estudiantes de la Facultad de Ciencias Sociales de la Universidad Pablo de Olavide, en el marco de la secci\u00f3n &#8216;Actividades Paralelas&#8217; del Festival de Cine Europeo de Sevilla (SEFF 2024).<\/p>\n","protected":false},"author":6,"featured_media":30884174,"comment_status":"closed","ping_status":"open","sticky":false,"template":"","format":"standard","meta":{"_monsterinsights_skip_tracking":false,"_monsterinsights_sitenote_active":false,"_monsterinsights_sitenote_note":"","_monsterinsights_sitenote_category":0,"footnotes":""},"categories":[5843],"tags":[937,222,487,1951,1085,1952],"class_list":["post-30884173","post","type-post","status-publish","format-standard","has-post-thumbnail","hentry","category-cultura-social","tag-cine","tag-documental","tag-facultad-ciencias-sociales","tag-festival-de-cine-europeo-de-sevilla","tag-memoria-historica","tag-seff"],"_links":{"self":[{"href":"https:\/\/www.upo.es\/diario\/wp-json\/wp\/v2\/posts\/30884173","targetHints":{"allow":["GET"]}}],"collection":[{"href":"https:\/\/www.upo.es\/diario\/wp-json\/wp\/v2\/posts"}],"about":[{"href":"https:\/\/www.upo.es\/diario\/wp-json\/wp\/v2\/types\/post"}],"author":[{"embeddable":true,"href":"https:\/\/www.upo.es\/diario\/wp-json\/wp\/v2\/users\/6"}],"replies":[{"embeddable":true,"href":"https:\/\/www.upo.es\/diario\/wp-json\/wp\/v2\/comments?post=30884173"}],"version-history":[{"count":7,"href":"https:\/\/www.upo.es\/diario\/wp-json\/wp\/v2\/posts\/30884173\/revisions"}],"predecessor-version":[{"id":30884181,"href":"https:\/\/www.upo.es\/diario\/wp-json\/wp\/v2\/posts\/30884173\/revisions\/30884181"}],"wp:featuredmedia":[{"embeddable":true,"href":"https:\/\/www.upo.es\/diario\/wp-json\/wp\/v2\/media\/30884174"}],"wp:attachment":[{"href":"https:\/\/www.upo.es\/diario\/wp-json\/wp\/v2\/media?parent=30884173"}],"wp:term":[{"taxonomy":"category","embeddable":true,"href":"https:\/\/www.upo.es\/diario\/wp-json\/wp\/v2\/categories?post=30884173"},{"taxonomy":"post_tag","embeddable":true,"href":"https:\/\/www.upo.es\/diario\/wp-json\/wp\/v2\/tags?post=30884173"}],"curies":[{"name":"wp","href":"https:\/\/api.w.org\/{rel}","templated":true}]}}