{"id":30884185,"date":"2024-10-31T09:38:16","date_gmt":"2024-10-31T08:38:16","guid":{"rendered":"https:\/\/www.upo.es\/diario\/?p=30884185"},"modified":"2024-11-13T09:44:34","modified_gmt":"2024-11-13T08:44:34","slug":"como-podemos-prepararnos-para-gestionar-una-emergencia-en-el-patrimonio-cultural","status":"publish","type":"post","link":"https:\/\/www.upo.es\/diario\/theconversation\/2024\/10\/como-podemos-prepararnos-para-gestionar-una-emergencia-en-el-patrimonio-cultural\/","title":{"rendered":"\u00bfC\u00f3mo podemos prepararnos para gestionar una emergencia en el patrimonio cultural?"},"content":{"rendered":"<figure id=\"attachment_30884186\" aria-describedby=\"caption-attachment-30884186\" style=\"width: 750px\" class=\"wp-caption aligncenter\"><img loading=\"lazy\" decoding=\"async\" class=\"size-large wp-image-30884186\" src=\"https:\/\/www.upo.es\/diario\/wp-content\/uploads\/2024\/11\/file-20241030-15-yptfbe-750x500.jpg\" alt=\"Los bomberos inspeccionan la estructura de la Catedral Notre Dame tras el incendio, abril de 2019. Frederic Legrand - COMEO\/Shutterstock\" width=\"750\" height=\"500\" srcset=\"https:\/\/www.upo.es\/diario\/wp-content\/uploads\/2024\/11\/file-20241030-15-yptfbe-750x500.jpg 750w, https:\/\/www.upo.es\/diario\/wp-content\/uploads\/2024\/11\/file-20241030-15-yptfbe-420x280.jpg 420w, https:\/\/www.upo.es\/diario\/wp-content\/uploads\/2024\/11\/file-20241030-15-yptfbe-768x512.jpg 768w, https:\/\/www.upo.es\/diario\/wp-content\/uploads\/2024\/11\/file-20241030-15-yptfbe-1536x1025.jpg 1536w, https:\/\/www.upo.es\/diario\/wp-content\/uploads\/2024\/11\/file-20241030-15-yptfbe-165x109.jpg 165w, https:\/\/www.upo.es\/diario\/wp-content\/uploads\/2024\/11\/file-20241030-15-yptfbe-1320x881.jpg 1320w, https:\/\/www.upo.es\/diario\/wp-content\/uploads\/2024\/11\/file-20241030-15-yptfbe.jpg 1920w\" sizes=\"auto, (max-width: 750px) 100vw, 750px\" \/><figcaption id=\"caption-attachment-30884186\" class=\"wp-caption-text\"><br \/>Los bomberos inspeccionan la estructura de la Catedral Notre Dame tras el incendio, abril de 2019. Frederic Legrand &#8211; COMEO\/Shutterstock<\/figcaption><\/figure>\n<p><a href=\"https:\/\/theconversation.com\/profiles\/monica-moreno-falcon-2237823\">M\u00f3nica Moreno Falc\u00f3n<\/a>, <em><a href=\"https:\/\/theconversation.com\/institutions\/universidad-pablo-de-olavide-1362\">Universidad Pablo de Olavide<\/a><\/em> y <a href=\"https:\/\/theconversation.com\/profiles\/rocio-ortiz-calderon-2242851\">Roc\u00edo Ortiz Calder\u00f3n<\/a>, <em><a href=\"https:\/\/theconversation.com\/institutions\/universidad-pablo-de-olavide-1362\">Universidad Pablo de Olavide<\/a><\/em><\/p>\n<p>En 2019, <a href=\"https:\/\/theconversation.com\/que-perdimos-en-notre-dame-balance-de-danos-artisticos-115610\">un incendio en la Catedral de Notre Dame destruy\u00f3 la aguja central y parte del techo<\/a>, da\u00f1ando tambi\u00e9n valiosas obras de arte en su interior. La p\u00e9rdida de un s\u00edmbolo cultural tan importante como la catedral de Par\u00eds mostr\u00f3 lo vulnerable que es el patrimonio cultural en situaciones de emergencia y motiv\u00f3 una movilizaci\u00f3n sin precedentes de las entidades europeas encargadas de su preservaci\u00f3n.<\/p>\n<p>Cinco a\u00f1os despu\u00e9s, se han logrado muchos avances en la gesti\u00f3n del riesgo en patrimonio cultural. Hoy en d\u00eda, los especialistas subrayan la importancia de tener protocolos actualizados y herramientas para prevenir nuevos desastres en museos, archivos y monumentos. El desaf\u00edo ahora es c\u00f3mo prepararse adecuadamente para enfrentarse a estas situaciones.<\/p>\n<h3>La preparaci\u00f3n ante el riesgo y la importancia de los simulacros<\/h3>\n<p>En los \u00faltimos tiempos, muchas instituciones culturales en Espa\u00f1a han decidido adelantarse a las emergencias y entrenarse para evitar da\u00f1os. Para ello, cuentan con el apoyo de Protecci\u00f3n Civil, Bomberos, Polic\u00eda y la Unidad Militar de Emergencias, quienes tienen una larga experiencia en estos temas. La colaboraci\u00f3n entre estas instituciones y los investigadores que analizan el riesgo en patrimonio cultural es clave para entender qu\u00e9 factores deben ser vigilados y evitar que una emergencia se convierta en un desastre.<\/p>\n<p>Uno de los m\u00e9todos m\u00e1s eficaces para estar preparado es tener protocolos de emergencia y probarlos con entrenamientos, ejercicios y simulacros. En los \u00faltimos a\u00f1os, en Espa\u00f1a se han realizado simulacros en el <a href=\"http:\/\/catunescoforum.upv.es\/un-acontecimiento-historico-en-formato-de-prueba-simulacro-de-incendio-en-el-museo-de-bellas-artes-de-valencia-gva\/\">Museo de Bellas Artes de Valencia<\/a>, la <a href=\"https:\/\/www.elmundo.es\/madrid\/2023\/10\/31\/654176a7fdddff777a8b4575.html\">Catedral Magistral de Alcal\u00e1 de Henares<\/a>, la <a href=\"https:\/\/www.diariocordoba.com\/fotos\/cordoba-ciudad\/2023\/11\/27\/mezquita-catedral-somete-nuevo-simulacro-95147377.html#foto=3\">Mezquita de C\u00f3rdoba<\/a>, la <a href=\"https:\/\/www.europapress.es\/andalucia\/noticia-catedral-granada-escenario-simulacro-proteccion-patrimonio-emergencias-sismica-20230419144730.html\">Catedral de Granada<\/a>, <a href=\"https:\/\/www.abc.es\/sevilla\/ciudad\/simulacro-incendios-martes-archivo-indias-sevilla-participacion-20240827101114-nts.html?ref=https%3A%2F%2Fwww.google.com%2F\">el Archivo de Indias y Catedral de Sevilla<\/a> y la <a href=\"https:\/\/www.diariosur.es\/interior\/simulacro-rescata-personas-obras-arte-antequera-20231116221839-nt.html\">Ciudad Hist\u00f3rica de Antequera<\/a>.<\/p>\n<p>Estas simulaciones permiten llevar la teor\u00eda a la pr\u00e1ctica y comprobar si los mecanismos de activaci\u00f3n y coordinaci\u00f3n de especialistas funcionan correctamente.<\/p>\n<p>Entre todos estos casos, los simulacros de Antequera son especialmente interesantes. Desde 2022, estos simulacros han ido unidos a los proyectos de investigaci\u00f3n <a href=\"https:\/\/www.upo.es\/investiga\/art-risk\/introduccion\/\">FENIX, FENIX 4.0, Resilient Tourism y Art-Risk Difussion<\/a>, dirigidos por la catedr\u00e1tica Pilar Ortiz de la Universidad Pablo de Olavide. La colaboraci\u00f3n ha servido para reunir a investigadores y especialistas de diferentes instituciones del pa\u00eds y estudiar c\u00f3mo mejorar la respuesta a emergencias en patrimonio cultural.<\/p>\n<p>El \u00faltimo de los simulacros de Antequera fue en octubre de 2023. En esta ocasi\u00f3n, se realiz\u00f3 un ejercicio pr\u00e1ctico de una emergencia por terremoto, que hab\u00eda afectado a la iglesia de San Francisco y causado un incendio en la Biblioteca Municipal de San Zoilo. Durante el mismo, los encargados de la conservaci\u00f3n de la iglesia y la biblioteca pusieron en funcionamiento sus protocolos de rescate en estrecha colaboraci\u00f3n con Bomberos, Polic\u00eda Nacional y local, Protecci\u00f3n Civil, los sanitarios y el equipo de conservadores.<\/p>\n<p>En este simulacro, y en los celebrados en a\u00f1os anteriores, la participaci\u00f3n de arquitectos, arque\u00f3logos, ingenieros, conservadores, qu\u00edmicos y bi\u00f3logos sirvi\u00f3 para analizar desde una perspectiva interdisciplinar los problemas que fueron surgiendo durante la gesti\u00f3n de una crisis.<\/p>\n<p>A partir de las opiniones recogidas en las entrevistas y encuestas realizadas a los participantes y observadores, hoy en d\u00eda disponemos de informaci\u00f3n sobre cu\u00e1les son, seg\u00fan los especialistas, los principales desaf\u00edos que dificultan la protecci\u00f3n del patrimonio cultural durante una emergencia.<\/p>\n<p><iframe loading=\"lazy\" id=\"pumukitiframe\" src=\"https:\/\/upotv.upo.es\/iframe\/65b76c12abe3c6ad418b456c\" width=\"100%\" height=\"315\" frameborder=\"0\" allowfullscreen=\"allowfullscreen\"><\/iframe><\/p>\n<h3>Desaf\u00edos y recomendaciones para estar preparados<\/h3>\n<p>Uno de los principales retos es la necesidad de disponer de un lenguaje com\u00fan que facilite la comunicaci\u00f3n y la coordinaci\u00f3n de los trabajos entre especialistas. La mezcla de profesionales puede causar confusiones por los distintos t\u00e9rminos que utilizan, as\u00ed que en una emergencia es importante contar con formas de comunicaci\u00f3n claras y eficaces.<\/p>\n<p>Para mejorar la comunicaci\u00f3n hay dos aspectos claves. En primer lugar, tanto Bomberos como Protecci\u00f3n Civil y Polic\u00eda deben conocer los bienes culturales del territorio que resguardan y los nombres de las colecciones y piezas m\u00e1s importantes.<\/p>\n<p>En segundo lugar, los conservadores y especialistas en patrimonio cultural deben estar informados sobre las v\u00edas de comunicaci\u00f3n oficiales que se usan durante una emergencia. Cuando se activa un plan de emergencias, cerca de la emergencia se conforma el puesto de mando avanzado, que es el principal \u00f3rgano de mando. Si la emergencia afecta un bien patrimonial, en este puesto debe haber un especialista en patrimonio cultural. Esta es la forma correcta de participar en la toma de decisiones e informar a Bomberos, Polic\u00eda y Protecci\u00f3n Civil de las necesidades especiales de las colecciones.<\/p>\n<p>En patrimonio cultural, la impredecibilidad de las emergencias se combina con las necesidades espec\u00edficas de conservaci\u00f3n de las obras de arte y materiales arqueol\u00f3gicos. La prisa puede causar confusi\u00f3n sobre qu\u00e9 hacer, c\u00f3mo y cu\u00e1ndo para no da\u00f1ar estos objetos tan valiosos. Por este motivo es esencial que cada profesional tenga claras sus responsabilidades y sepa c\u00f3mo actuar.<\/p>\n<p>En este caso, los conservadores son los que deben ajustar los procedimientos de manipulaci\u00f3n antes de que ocurra una emergencia. As\u00ed, se asegura que no se causen da\u00f1os al movilizar obras de arte o trabajar cerca de ellas.<\/p>\n<p>Otro desaf\u00edo es la falta de materiales y espacios adecuados para tratar las colecciones afectadas. Despu\u00e9s de una emergencia, si los edificios est\u00e1n da\u00f1ados o bloqueados, es m\u00e1s dif\u00edcil conseguir los materiales necesarios y contar con suficiente personal.<\/p>\n<p>Por eso, es muy importante que las instituciones tengan un <a href=\"https:\/\/www.cultura.gob.es\/planes-nacionales\/planes-nacionales\/emergencias-y-gestion-riesgos.html\">plan de salvaguarda<\/a>. Este documento es el que indica qui\u00e9nes van a ayudar en el rescate, qu\u00e9 har\u00e1n y qu\u00e9 recursos y espacios tienen disponibles. Contar con alianzas estrat\u00e9gicas con otras instituciones tambi\u00e9n es una buena opci\u00f3n para obtener recursos humanos y materiales en una situaci\u00f3n de crisis.<\/p>\n<p>Finalmente, es muy importante llevar un registro detallado de lo que se hace durante una emergencia. Esto ayuda a saber d\u00f3nde est\u00e1n las colecciones y evaluar r\u00e1pidamente los da\u00f1os. Hoy en d\u00eda <a href=\"https:\/\/www.upo.es\/cms1\/export\/sites\/upo\/investiga\/art-risk\/documentos\/chulia-moreno-guia-buenas-practicas-gestion-elementos-patrimoniales-fenix-ivcri-upo.pdf\">existen gu\u00edas<\/a> que proponen fichas documentales y ejemplos pr\u00e1cticos, que son muy \u00fatiles en estos casos.<\/p>\n<h3>Nuevas tecnolog\u00edas para la prevenci\u00f3n del riesgo<\/h3>\n<p>Tanto en simulacros como en emergencias reales las nuevas tecnolog\u00edas ofrecen herramientas para afrontar estos desaf\u00edos.<\/p>\n<p>Por este motivo, uno de los avances m\u00e1s novedosos en los simulacros de Antequera ha sido el uso de la herramienta digital <a href=\"https:\/\/missiontrack.es\/?gad_source=1&amp;gclid=Cj0KCQjw99e4BhDiARIsAISE7P-4SaejVMU2McIVig6jO4nyOzP0Xsg3hBi0CG7iK0h-WygIS0Wkd18aAnW4EALw_wcB\">Art-Risk 4 Mision Track<\/a>, que utiliza sistemas de informaci\u00f3n y comunicaci\u00f3n para ofrecer datos cruciales sobre c\u00f3mo actuar en una crisis en una instituci\u00f3n cultural. Su uso mejora la comunicaci\u00f3n y organiza la documentaci\u00f3n de las obras afectadas.<\/p>\n<p>Adem\u00e1s, el grupo de investigaci\u00f3n de Pilar Ortiz est\u00e1 trabajando en otras herramientas, como las im\u00e1genes satelitales, que ayudan a monitorear los peligros. Esto ayuda a tomar decisiones m\u00e1s informadas y coordinadas durante una emergencia. As\u00ed, en Antequera, estas herramientas permitieron dar una respuesta a la emergencia m\u00e1s r\u00e1pida y efectiva. Tambi\u00e9n mejoraron la coordinaci\u00f3n entre los diferentes equipos y facilitaron la documentaci\u00f3n del rescate y protecci\u00f3n de obras de arte.<\/p>\n<p>Los resultados muestran que, en un mundo cada vez m\u00e1s conectado y con muchos riesgos, invertir en tecnolog\u00eda digital es esencial para fortalecer la capacidad de los bienes patrimoniales de enfrentarse a nuevos desaf\u00edos.<\/p>\n<hr \/>\n<p><em>Este art\u00edculo se ha escrito con la colaboraci\u00f3n de <a href=\"https:\/\/theconversation.com\/profiles\/maria-suarez-fernandez-2242796\">Mar\u00eda Su\u00e1rez Fern\u00e1ndez<\/a>, estudiante del M\u00e1ster en Diagn\u00f3stico del Estado de Conservaci\u00f3n del Patrimonio Hist\u00f3rico de la Universidad Pablo de Olavide de Sevilla. Para ello ha contado con una beca de colaboraci\u00f3n con el Departamento de Sistemas F\u00edsicos, Qu\u00edmicos y Naturales de la Universidad Pablo de Olavide. Esta beca ha sido impulsada por el Ministerio de Educaci\u00f3n en 2023\/2024.<\/em><!-- Below is The Conversation's page counter tag. Please DO NOT REMOVE. --><img loading=\"lazy\" decoding=\"async\" style=\"border: none !important; box-shadow: none !important; margin: 0 !important; max-height: 1px !important; max-width: 1px !important; min-height: 1px !important; min-width: 1px !important; opacity: 0 !important; outline: none !important; padding: 0 !important;\" src=\"https:\/\/counter.theconversation.com\/content\/241722\/count.gif?distributor=republish-lightbox-basic\" alt=\"The Conversation\" width=\"1\" height=\"1\" \/><!-- Fin del c\u00f3digo. Si no ve ning\u00fan c\u00f3digo arriba, por favor, obtenga el nuevo c\u00f3digo de la pesta\u00f1a Avanzado despu\u00e9s de hacer clic en el bot\u00f3n de republicar. El contador de p\u00e1ginas no recoge ning\u00fan dato personal. M\u00e1s informaci\u00f3n: http:\/\/theconversation.com\/es\/republishing-guidelines --><\/p>\n<p><a href=\"https:\/\/theconversation.com\/profiles\/monica-moreno-falcon-2237823\">M\u00f3nica Moreno Falc\u00f3n<\/a>, Investigadora en Sistemas de Informaci\u00f3n Geogr\u00e1fica aplicados a la gesti\u00f3n de riesgos en Patrimonio Cultural , <em><a href=\"https:\/\/theconversation.com\/institutions\/universidad-pablo-de-olavide-1362\">Universidad Pablo de Olavide<\/a><\/em> y <a href=\"https:\/\/theconversation.com\/profiles\/rocio-ortiz-calderon-2242851\">Roc\u00edo Ortiz Calder\u00f3n<\/a>, Profesora titular M\u00e1ster de Diagn\u00f3stico del Estado de Conservaci\u00f3n del Patrimonio Hist\u00f3rico, <em><a href=\"https:\/\/theconversation.com\/institutions\/universidad-pablo-de-olavide-1362\">Universidad Pablo de Olavide<\/a><\/em><\/p>\n<p>Este art\u00edculo fue publicado originalmente en <a href=\"https:\/\/theconversation.com\">The Conversation<\/a>. Lea el <a href=\"https:\/\/theconversation.com\/como-podemos-prepararnos-para-gestionar-una-emergencia-en-el-patrimonio-cultural-241722\">original<\/a>.<\/p>\n<p><img loading=\"lazy\" decoding=\"async\" style=\"border: none !important; box-shadow: none !important; margin: 0 !important; max-height: 1px !important; max-width: 1px !important; min-height: 1px !important; min-width: 1px !important; opacity: 0 !important; outline: none !important; padding: 0 !important;\" src=\"https:\/\/counter.theconversation.com\/content\/241722\/count.gif?distributor=republish-lightbox-advanced\" alt=\"The Conversation\" width=\"1\" height=\"1\" \/><\/p>\n","protected":false},"excerpt":{"rendered":"<p>M\u00f3nica Moreno Falc\u00f3n, Universidad Pablo de Olavide y Roc\u00edo Ortiz Calder\u00f3n, Universidad Pablo de Olavide En 2019, un incendio en la Catedral de Notre Dame destruy\u00f3 la aguja central y parte del techo, da\u00f1ando tambi\u00e9n valiosas obras de arte en su interior. La p\u00e9rdida de un s\u00edmbolo cultural tan importante como la catedral de Par\u00eds mostr\u00f3 lo vulnerable que es<a class=\"read-more\" href=\"https:\/\/www.upo.es\/diario\/theconversation\/2024\/10\/como-podemos-prepararnos-para-gestionar-una-emergencia-en-el-patrimonio-cultural\/\">[Read More&#8230;]<\/a><\/p>\n","protected":false},"author":6,"featured_media":30884186,"comment_status":"closed","ping_status":"open","sticky":false,"template":"","format":"standard","meta":{"_monsterinsights_skip_tracking":false,"_monsterinsights_sitenote_active":false,"_monsterinsights_sitenote_note":"","_monsterinsights_sitenote_category":0,"footnotes":""},"categories":[5390],"tags":[2356,5907,1161,2559],"class_list":["post-30884185","post","type-post","status-publish","format-standard","has-post-thumbnail","hentry","category-theconversation","tag-emergencia","tag-gestion-del-riesgo","tag-patrimonio-cultural","tag-patrimonio-historico"],"_links":{"self":[{"href":"https:\/\/www.upo.es\/diario\/wp-json\/wp\/v2\/posts\/30884185","targetHints":{"allow":["GET"]}}],"collection":[{"href":"https:\/\/www.upo.es\/diario\/wp-json\/wp\/v2\/posts"}],"about":[{"href":"https:\/\/www.upo.es\/diario\/wp-json\/wp\/v2\/types\/post"}],"author":[{"embeddable":true,"href":"https:\/\/www.upo.es\/diario\/wp-json\/wp\/v2\/users\/6"}],"replies":[{"embeddable":true,"href":"https:\/\/www.upo.es\/diario\/wp-json\/wp\/v2\/comments?post=30884185"}],"version-history":[{"count":1,"href":"https:\/\/www.upo.es\/diario\/wp-json\/wp\/v2\/posts\/30884185\/revisions"}],"predecessor-version":[{"id":30884187,"href":"https:\/\/www.upo.es\/diario\/wp-json\/wp\/v2\/posts\/30884185\/revisions\/30884187"}],"wp:featuredmedia":[{"embeddable":true,"href":"https:\/\/www.upo.es\/diario\/wp-json\/wp\/v2\/media\/30884186"}],"wp:attachment":[{"href":"https:\/\/www.upo.es\/diario\/wp-json\/wp\/v2\/media?parent=30884185"}],"wp:term":[{"taxonomy":"category","embeddable":true,"href":"https:\/\/www.upo.es\/diario\/wp-json\/wp\/v2\/categories?post=30884185"},{"taxonomy":"post_tag","embeddable":true,"href":"https:\/\/www.upo.es\/diario\/wp-json\/wp\/v2\/tags?post=30884185"}],"curies":[{"name":"wp","href":"https:\/\/api.w.org\/{rel}","templated":true}]}}