{"id":30884215,"date":"2024-11-15T14:38:33","date_gmt":"2024-11-15T13:38:33","guid":{"rendered":"https:\/\/www.upo.es\/diario\/?p=30884215"},"modified":"2024-11-21T17:12:59","modified_gmt":"2024-11-21T16:12:59","slug":"la-universidad-pablo-de-olavide-se-une-a-enas-red-europea-para-la-promocion-del-deporte-universitario","status":"publish","type":"post","link":"https:\/\/www.upo.es\/diario\/institucional\/2024\/11\/la-universidad-pablo-de-olavide-se-une-a-enas-red-europea-para-la-promocion-del-deporte-universitario\/","title":{"rendered":"La Universidad Pablo de Olavide se une a ENAS, red europea para la promoci\u00f3n del deporte universitario"},"content":{"rendered":"<figure id=\"attachment_30884217\" aria-describedby=\"caption-attachment-30884217\" style=\"width: 750px\" class=\"wp-caption aligncenter\"><a href=\"https:\/\/www.upo.es\/diario\/wp-content\/uploads\/2024\/11\/ENAS-Forum-1.jpg\"><img loading=\"lazy\" decoding=\"async\" class=\"size-large wp-image-30884217\" src=\"https:\/\/www.upo.es\/diario\/wp-content\/uploads\/2024\/11\/ENAS-Forum-1-750x343.jpg\" alt=\"\u00c1frica Calvo y Antonio Fern\u00e1ndez en el F\u00f3rum ENAS-2024 celebrado en Belfast\" width=\"750\" height=\"343\" srcset=\"https:\/\/www.upo.es\/diario\/wp-content\/uploads\/2024\/11\/ENAS-Forum-1-750x343.jpg 750w, https:\/\/www.upo.es\/diario\/wp-content\/uploads\/2024\/11\/ENAS-Forum-1-420x192.jpg 420w, https:\/\/www.upo.es\/diario\/wp-content\/uploads\/2024\/11\/ENAS-Forum-1-768x351.jpg 768w, https:\/\/www.upo.es\/diario\/wp-content\/uploads\/2024\/11\/ENAS-Forum-1-1536x703.jpg 1536w, https:\/\/www.upo.es\/diario\/wp-content\/uploads\/2024\/11\/ENAS-Forum-1-1320x604.jpg 1320w, https:\/\/www.upo.es\/diario\/wp-content\/uploads\/2024\/11\/ENAS-Forum-1.jpg 1600w\" sizes=\"auto, (max-width: 750px) 100vw, 750px\" \/><\/a><figcaption id=\"caption-attachment-30884217\" class=\"wp-caption-text\">\u00c1frica Calvo y Antonio Fern\u00e1ndez en el F\u00f3rum ENAS-2024 celebrado en Belfast<\/figcaption><\/figure>\n<p>Fundada en 1997 en Chamb\u00e9ry (Francia), la <a href=\"https:\/\/www.enas-sport.net\/\">European Network of Academic Sports Services<\/a> es una alianza internacional no gubernamental, y sin \u00e1nimo de lucro, cuyo objetivo es la promoci\u00f3n de la actividad f\u00edsica y del deporte en el \u00e1mbito universitario. <strong>Antonio Fern\u00e1ndez<\/strong>, vicerrector de Campus Saludable y Deporte, junto a <strong>\u00c1frica Calvo<\/strong>, directora general de Deporte de la Universidad, han asistido esta semana al <strong>F\u00f3rum ENAS-2024<\/strong>, celebrado en <strong>Belfast,<\/strong> para oficializar la adhesi\u00f3n de la Universidad Pablo de Olavide a la red ENAS.<\/p>\n<p>Integrada por m\u00e1s de 120 entidades de 21 pa\u00edses, ENAS tiene como lema \u2018<em>Representing and promoting the importance of University Sport<\/em>\u2019 y trata de desarrollar el deporte universitario en una comunidad formada por 2,5 millones de estudiantes y m\u00e1s de 5000 profesionales del deporte. ENAS se ha convertido en una <strong>entidad de referencia a la hora de establecer las pol\u00edticas deportivas europeas en el \u00e1mbito de la educaci\u00f3n superior<\/strong>.<\/p>\n<p>En Europa, el deporte universitario se organiza de manera diferente seg\u00fan cada pa\u00eds. Esta diversidad hace que sea importante crear espacios de interacci\u00f3n, reflexi\u00f3n e intercambio de experiencias que afronten los retos actuales y que nos permitan definir objetivos comunes. En este sentido,<strong> ENAS fomenta el desarrollo del \u2018deporte para todos\u2019 en los campus universitarios, de forma sostenible y como parte esencial de la vida universitaria, promoviendo al mismo tiempo el bienestar social, mental y f\u00edsico<\/strong>. Adem\u00e1s, contribuye a la misi\u00f3n de la educaci\u00f3n universitaria al ense\u00f1ar habilidades de aprendizaje para toda la vida, como el trabajo en equipo, el liderazgo y los valores comunitarios.<\/p>\n<p>Seg\u00fan Antonio Fern\u00e1ndez, en la actualidad el deporte universitario no s\u00f3lo se convierte en una magn\u00edfica herramienta para la formaci\u00f3n integral del alumnado, sino que, \u201cadem\u00e1s, puede jugar un papel fundamental para promover un espacio de convivencia, de di\u00e1logo social e intercultural en una Europa cada vez m\u00e1s diversa y compleja\u201d. Con esta adhesi\u00f3n, a\u00f1ade, \u201cse pretende aumentar las prestaciones que el servicio de deportes ofrece a la comunidad universitaria, aprendiendo de las buenas pr\u00e1cticas y experiencias de otras universidades europeas\u201d.<\/p>\n<p>Durante el F\u00f3rum ENAS-2024, encuentro anual de la red celebrado este a\u00f1o en la Ulster University, ha sido presentado el proyecto Erasmus+ Sport \u2018Green Campus: Deporte, sostenibilidad y salud en las universidades europeas\u2019, en el que participa la Universidad Pablo de Olavide.<\/p>\n<p>M\u00e1s informaci\u00f3n: <a href=\"https:\/\/www.enas-sport.net\">www.enas-sport.net<\/a><\/p>\n","protected":false},"excerpt":{"rendered":"<p>Fundada en 1997 en Chamb\u00e9ry (Francia), la European Network of Academic Sports Services es una alianza internacional no gubernamental, y sin \u00e1nimo de lucro, cuyo objetivo es la promoci\u00f3n de la actividad f\u00edsica y del deporte en el \u00e1mbito universitario. Antonio Fern\u00e1ndez, vicerrector de Campus Saludable y Deporte, junto a \u00c1frica Calvo, directora general de Deporte de la Universidad, han asistido esta semana al F\u00f3rum ENAS-2024, celebrado en Belfast, para oficializar la adhesi\u00f3n de la Universidad Pablo de Olavide a la red ENAS.<\/p>\n","protected":false},"author":6,"featured_media":30884218,"comment_status":"closed","ping_status":"open","sticky":false,"template":"","format":"standard","meta":{"_monsterinsights_skip_tracking":false,"_monsterinsights_sitenote_active":false,"_monsterinsights_sitenote_note":"","_monsterinsights_sitenote_category":0,"footnotes":""},"categories":[6],"tags":[666,5081,7428,1535],"class_list":["post-30884215","post","type-post","status-publish","format-standard","has-post-thumbnail","hentry","category-institucional","tag-actividad-fisica","tag-africa-calvo-lluch","tag-antonio-fernandez-martinez","tag-servicio-de-deporte"],"_links":{"self":[{"href":"https:\/\/www.upo.es\/diario\/wp-json\/wp\/v2\/posts\/30884215","targetHints":{"allow":["GET"]}}],"collection":[{"href":"https:\/\/www.upo.es\/diario\/wp-json\/wp\/v2\/posts"}],"about":[{"href":"https:\/\/www.upo.es\/diario\/wp-json\/wp\/v2\/types\/post"}],"author":[{"embeddable":true,"href":"https:\/\/www.upo.es\/diario\/wp-json\/wp\/v2\/users\/6"}],"replies":[{"embeddable":true,"href":"https:\/\/www.upo.es\/diario\/wp-json\/wp\/v2\/comments?post=30884215"}],"version-history":[{"count":5,"href":"https:\/\/www.upo.es\/diario\/wp-json\/wp\/v2\/posts\/30884215\/revisions"}],"predecessor-version":[{"id":30884222,"href":"https:\/\/www.upo.es\/diario\/wp-json\/wp\/v2\/posts\/30884215\/revisions\/30884222"}],"wp:featuredmedia":[{"embeddable":true,"href":"https:\/\/www.upo.es\/diario\/wp-json\/wp\/v2\/media\/30884218"}],"wp:attachment":[{"href":"https:\/\/www.upo.es\/diario\/wp-json\/wp\/v2\/media?parent=30884215"}],"wp:term":[{"taxonomy":"category","embeddable":true,"href":"https:\/\/www.upo.es\/diario\/wp-json\/wp\/v2\/categories?post=30884215"},{"taxonomy":"post_tag","embeddable":true,"href":"https:\/\/www.upo.es\/diario\/wp-json\/wp\/v2\/tags?post=30884215"}],"curies":[{"name":"wp","href":"https:\/\/api.w.org\/{rel}","templated":true}]}}