{"id":30884272,"date":"2024-11-20T17:20:55","date_gmt":"2024-11-20T16:20:55","guid":{"rendered":"https:\/\/www.upo.es\/diario\/?p=30884272"},"modified":"2024-11-25T09:35:41","modified_gmt":"2024-11-25T08:35:41","slug":"presentado-el-informe-gem-2023-2024-de-sevilla-que-analiza-el-entorno-emprendedor-en-la-provincia","status":"publish","type":"post","link":"https:\/\/www.upo.es\/diario\/docencia-formacion\/2024\/11\/presentado-el-informe-gem-2023-2024-de-sevilla-que-analiza-el-entorno-emprendedor-en-la-provincia\/","title":{"rendered":"Presentado el informe GEM 2023-2024 de Sevilla, que analiza el entorno emprendedor en la provincia"},"content":{"rendered":"<figure id=\"attachment_30884277\" aria-describedby=\"caption-attachment-30884277\" style=\"width: 750px\" class=\"wp-caption aligncenter\"><img loading=\"lazy\" decoding=\"async\" class=\"size-large wp-image-30884277\" src=\"https:\/\/www.upo.es\/diario\/wp-content\/uploads\/2024\/11\/informe-GEM-sevilla-2023-24-750x475.jpg\" alt=\"Presentaci\u00f3n del informe GEM 2023-24 de SEviila | Prodetur\" width=\"750\" height=\"475\" srcset=\"https:\/\/www.upo.es\/diario\/wp-content\/uploads\/2024\/11\/informe-GEM-sevilla-2023-24-750x475.jpg 750w, https:\/\/www.upo.es\/diario\/wp-content\/uploads\/2024\/11\/informe-GEM-sevilla-2023-24-420x266.jpg 420w, https:\/\/www.upo.es\/diario\/wp-content\/uploads\/2024\/11\/informe-GEM-sevilla-2023-24-768x487.jpg 768w, https:\/\/www.upo.es\/diario\/wp-content\/uploads\/2024\/11\/informe-GEM-sevilla-2023-24-1536x973.jpg 1536w, https:\/\/www.upo.es\/diario\/wp-content\/uploads\/2024\/11\/informe-GEM-sevilla-2023-24-1320x837.jpg 1320w, https:\/\/www.upo.es\/diario\/wp-content\/uploads\/2024\/11\/informe-GEM-sevilla-2023-24.jpg 1600w\" sizes=\"auto, (max-width: 750px) 100vw, 750px\" \/><figcaption id=\"caption-attachment-30884277\" class=\"wp-caption-text\">Presentaci\u00f3n del informe GEM 2023-24 de Sevilla | Prodetur<\/figcaption><\/figure>\n<p>El presidente de la Diputaci\u00f3n de Sevilla, <strong>Javier Fern\u00e1ndez<\/strong>, acompa\u00f1ado por el rector de la Universidad Pablo de Olavide, <strong>Francisco Oliva<\/strong>, y por el vicerrector de Transferencia del conocimiento de la Hispalense, <strong>Felipe Rosa<\/strong>, han inaugurado hoy el acto de presentaci\u00f3n del <strong>Informe GEM de la Provincia de Sevilla 2023-2024<\/strong>. Al acto, cuyos principales datos han sido expuestos por los profesores <strong>Francisco Li\u00f1\u00e1n<\/strong> (US) y <strong>Carmen Cabello<\/strong> (UPO), ha asistido tambi\u00e9n la vicerrectora de Estudiantes, Empleabilidad y Emprendimiento de la Olavide, <strong>Amapola Povedano<\/strong>.<\/p>\n<p>Los informes GEM analizan las condiciones que se dan para el emprendimiento en base a est\u00e1ndares internacionales. Basado en dos encuestas cuya metodolog\u00eda cient\u00edfica se aplica en todo el mundo, el Global Entrepreneurship Monitor (GEM) estudia el emprendimiento como un proceso, analizando los elementos que lo favorecen u obstaculizan, y se centra en el emprendedor individual. En Sevilla, el <a href=\"https:\/\/observatoriodelemprendimiento.es\/gem-spain\/equipo-gem-sevilla\/\">equipo que realiza el informe GEM anual de la provincia<\/a> est\u00e1 compuesto por <strong>expertos y expertas de la Universidad de Sevilla (grupo <em>Entrepreneurship &amp; Innovation<\/em>) y de la Pablo de Olavide (centro propio de investigaci\u00f3n InnLab)<\/strong>.<\/p>\n<p>Respecto a las conclusiones del informe, el presidente de la Diputaci\u00f3n de Sevilla ha afirmado que \u00abestamos mejor que la media andaluza y espa\u00f1ola, pero queda a\u00fan mucho por hacer. Adem\u00e1s, el reto demogr\u00e1fico y las infraestructuras de comunicaciones est\u00e1n directamente relacionadas con el emprendimiento. Es decir, que a mejores infraestructuras, los emprendedores tienen m\u00e1s posibilidades\u00bb. Javier Fern\u00e1ndez ha terminado diciendo que \u2018tenemos que ser capaces de retener el talento, tanto en el plano de la igualdad, donde perdemos la mitad del talento si no vamos a las mismas oportunidades para hombres y mujeres. Y en segundo lugar, tampoco podemos perder ni un \u00e1pice de talento en el territorio, se viva donde se viva\u00bb.<\/p>\n<figure id=\"attachment_30884278\" aria-describedby=\"caption-attachment-30884278\" style=\"width: 420px\" class=\"wp-caption alignleft\"><img loading=\"lazy\" decoding=\"async\" class=\"size-medium wp-image-30884278\" src=\"https:\/\/www.upo.es\/diario\/wp-content\/uploads\/2024\/11\/informe-GEM-sevilla-2023-24_rector-420x295.jpg\" alt=\"Francisco Oliva\" width=\"420\" height=\"295\" srcset=\"https:\/\/www.upo.es\/diario\/wp-content\/uploads\/2024\/11\/informe-GEM-sevilla-2023-24_rector-420x295.jpg 420w, https:\/\/www.upo.es\/diario\/wp-content\/uploads\/2024\/11\/informe-GEM-sevilla-2023-24_rector-747x525.jpg 747w, https:\/\/www.upo.es\/diario\/wp-content\/uploads\/2024\/11\/informe-GEM-sevilla-2023-24_rector-768x540.jpg 768w, https:\/\/www.upo.es\/diario\/wp-content\/uploads\/2024\/11\/informe-GEM-sevilla-2023-24_rector-1536x1080.jpg 1536w, https:\/\/www.upo.es\/diario\/wp-content\/uploads\/2024\/11\/informe-GEM-sevilla-2023-24_rector-2048x1440.jpg 2048w, https:\/\/www.upo.es\/diario\/wp-content\/uploads\/2024\/11\/informe-GEM-sevilla-2023-24_rector-1320x928.jpg 1320w\" sizes=\"auto, (max-width: 420px) 100vw, 420px\" \/><figcaption id=\"caption-attachment-30884278\" class=\"wp-caption-text\">Francisco Oliva<\/figcaption><\/figure>\n<p>Francisco Oliva ha destacado la investigaci\u00f3n y la transferencia que se realiza en las universidades p\u00fablicas, del que ha puesto como ejemplo el trabajo desarrollado por ambas universidades con el informe GEM, que \u00abservir\u00e1 para tomar decisiones pol\u00edticas, y saber qu\u00e9 se puede hacer para mejorar el emprendimiento en la provincia\u00bb. Tras agradecer la ayuda de la Diputaci\u00f3n en la elaboraci\u00f3n del trabajo, el rector de la Olavide ha destacado la necesidad de que las mujeres participen en igualdad de condiciones, para que el emprendimiento tenga su m\u00e1ximo potencial, el papel de las universidades en la formaci\u00f3n para emprender y la necesidad de que existan m\u00e1s proyectos de alta tecnolog\u00eda entre los que se ponen en marcha en Sevilla.<\/p>\n<p>Por \u00faltimo, Felipe Rosa, vicerrector de Transferencia de conocimiento de la Hispalense, ha puesto el acento en que su departamento canaliza acciones clave en torno al emprendimiento, como son \u00abel fomento de la cultura emprendedora, c\u00e1tedras de empresa y protecci\u00f3n y comercializaci\u00f3n de patentes. Desde esa labor hemos organizado en 2024 un total de diez concursos de emprendimiento, tenemos 50 c\u00e1tedras de empresas y hemos impulsado la creaci\u00f3n de ocho empresas basadas en el conocimiento\u00bb.<\/p>\n<h3><b>Informe GEM Provincia de Sevilla 2023-2024: indicadores<\/b><\/h3>\n<p><a href=\"https:\/\/www.upo.es\/diario\/wp-content\/uploads\/2024\/11\/Tabla1-GEM.png\"><img loading=\"lazy\" decoding=\"async\" class=\"aligncenter wp-image-30884287\" src=\"https:\/\/www.upo.es\/diario\/wp-content\/uploads\/2024\/11\/Tabla1-GEM-750x414.png\" alt=\"Tabla 1: indicadores de emprendimiento\" width=\"688\" height=\"380\" srcset=\"https:\/\/www.upo.es\/diario\/wp-content\/uploads\/2024\/11\/Tabla1-GEM-750x414.png 750w, https:\/\/www.upo.es\/diario\/wp-content\/uploads\/2024\/11\/Tabla1-GEM-420x232.png 420w, https:\/\/www.upo.es\/diario\/wp-content\/uploads\/2024\/11\/Tabla1-GEM-768x424.png 768w, https:\/\/www.upo.es\/diario\/wp-content\/uploads\/2024\/11\/Tabla1-GEM.png 894w\" sizes=\"auto, (max-width: 688px) 100vw, 688px\" \/><\/a><\/p>\n<p><a href=\"https:\/\/www.upo.es\/diario\/wp-content\/uploads\/2024\/11\/Tabla2-GEM.png\"><img loading=\"lazy\" decoding=\"async\" class=\"aligncenter wp-image-30884288 size-large\" src=\"https:\/\/www.upo.es\/diario\/wp-content\/uploads\/2024\/11\/Tabla2-GEM-695x525.png\" alt=\"Tabla 2: valoraciones de los expertos\" width=\"695\" height=\"525\" srcset=\"https:\/\/www.upo.es\/diario\/wp-content\/uploads\/2024\/11\/Tabla2-GEM-695x525.png 695w, https:\/\/www.upo.es\/diario\/wp-content\/uploads\/2024\/11\/Tabla2-GEM-420x317.png 420w, https:\/\/www.upo.es\/diario\/wp-content\/uploads\/2024\/11\/Tabla2-GEM-768x580.png 768w, https:\/\/www.upo.es\/diario\/wp-content\/uploads\/2024\/11\/Tabla2-GEM.png 894w\" sizes=\"auto, (max-width: 695px) 100vw, 695px\" \/><\/a><\/p>\n<p><strong>M\u00e1s informaci\u00f3n:<\/strong><br \/>\nLi\u00f1\u00e1n, F.; Cabello-Medina, C.; Fern\u00e1ndez-Serrano, J.; Carmona-Lavado, A.; Ja\u00e9n-Figueroa, I.; P\u00e9rez-Lu\u00f1o, A. (2024). Informe GEM Provincia de Sevilla 2023- 2024. Ed. INN-LAB y E&amp;I. Sevilla.<br \/>\n<a href=\"https:\/\/dx.doi.org\/10.46661\/rio.20241007_1\">https:\/\/dx.doi.org\/10.46661\/rio.20241007_1<\/a><\/p>\n","protected":false},"excerpt":{"rendered":"<p>El presidente de la Diputaci\u00f3n de Sevilla, Javier Fern\u00e1ndez, acompa\u00f1ado por el rector de la Universidad Pablo de Olavide, Francisco Oliva, y por el vicerrector de Transferencia del conocimiento de la Hispalense, Felipe Rosa, han inaugurado hoy el acto de presentaci\u00f3n delInforme GEM de la Provincia de Sevilla 2023-2024.<\/p>\n","protected":false},"author":6,"featured_media":30884277,"comment_status":"closed","ping_status":"open","sticky":false,"template":"","format":"standard","meta":{"_monsterinsights_skip_tracking":false,"_monsterinsights_sitenote_active":false,"_monsterinsights_sitenote_note":"","_monsterinsights_sitenote_category":0,"footnotes":""},"categories":[2779],"tags":[],"class_list":["post-30884272","post","type-post","status-publish","format-standard","has-post-thumbnail","hentry","category-docencia-formacion"],"_links":{"self":[{"href":"https:\/\/www.upo.es\/diario\/wp-json\/wp\/v2\/posts\/30884272","targetHints":{"allow":["GET"]}}],"collection":[{"href":"https:\/\/www.upo.es\/diario\/wp-json\/wp\/v2\/posts"}],"about":[{"href":"https:\/\/www.upo.es\/diario\/wp-json\/wp\/v2\/types\/post"}],"author":[{"embeddable":true,"href":"https:\/\/www.upo.es\/diario\/wp-json\/wp\/v2\/users\/6"}],"replies":[{"embeddable":true,"href":"https:\/\/www.upo.es\/diario\/wp-json\/wp\/v2\/comments?post=30884272"}],"version-history":[{"count":14,"href":"https:\/\/www.upo.es\/diario\/wp-json\/wp\/v2\/posts\/30884272\/revisions"}],"predecessor-version":[{"id":30884335,"href":"https:\/\/www.upo.es\/diario\/wp-json\/wp\/v2\/posts\/30884272\/revisions\/30884335"}],"wp:featuredmedia":[{"embeddable":true,"href":"https:\/\/www.upo.es\/diario\/wp-json\/wp\/v2\/media\/30884277"}],"wp:attachment":[{"href":"https:\/\/www.upo.es\/diario\/wp-json\/wp\/v2\/media?parent=30884272"}],"wp:term":[{"taxonomy":"category","embeddable":true,"href":"https:\/\/www.upo.es\/diario\/wp-json\/wp\/v2\/categories?post=30884272"},{"taxonomy":"post_tag","embeddable":true,"href":"https:\/\/www.upo.es\/diario\/wp-json\/wp\/v2\/tags?post=30884272"}],"curies":[{"name":"wp","href":"https:\/\/api.w.org\/{rel}","templated":true}]}}