{"id":30884301,"date":"2024-11-21T15:50:42","date_gmt":"2024-11-21T14:50:42","guid":{"rendered":"https:\/\/www.upo.es\/diario\/?p=30884301"},"modified":"2024-12-18T17:57:36","modified_gmt":"2024-12-18T16:57:36","slug":"la-delegada-del-rector-para-la-igualdad-de-genero-monica-dominguez-galardonada-con-el-premio-menina-2024","status":"publish","type":"post","link":"https:\/\/www.upo.es\/diario\/comunidad\/2024\/11\/la-delegada-del-rector-para-la-igualdad-de-genero-monica-dominguez-galardonada-con-el-premio-menina-2024\/","title":{"rendered":"La delegada del rector para la Igualdad de G\u00e9nero M\u00f3nica Dom\u00ednguez, galardonada con el Premio Menina 2024"},"content":{"rendered":"<figure id=\"attachment_30884316\" aria-describedby=\"caption-attachment-30884316\" style=\"width: 750px\" class=\"wp-caption aligncenter\"><a href=\"https:\/\/www.upo.es\/diario\/wp-content\/uploads\/2024\/11\/241121meninas_39_de_83-scaled.jpg\"><img loading=\"lazy\" decoding=\"async\" class=\"size-large wp-image-30884316\" src=\"https:\/\/www.upo.es\/diario\/wp-content\/uploads\/2024\/11\/241121meninas_39_de_83-750x422.jpg\" alt=\"\" width=\"750\" height=\"422\" srcset=\"https:\/\/www.upo.es\/diario\/wp-content\/uploads\/2024\/11\/241121meninas_39_de_83-750x422.jpg 750w, https:\/\/www.upo.es\/diario\/wp-content\/uploads\/2024\/11\/241121meninas_39_de_83-420x236.jpg 420w, https:\/\/www.upo.es\/diario\/wp-content\/uploads\/2024\/11\/241121meninas_39_de_83-768x432.jpg 768w, https:\/\/www.upo.es\/diario\/wp-content\/uploads\/2024\/11\/241121meninas_39_de_83-1536x865.jpg 1536w, https:\/\/www.upo.es\/diario\/wp-content\/uploads\/2024\/11\/241121meninas_39_de_83-2048x1153.jpg 2048w, https:\/\/www.upo.es\/diario\/wp-content\/uploads\/2024\/11\/241121meninas_39_de_83-1320x743.jpg 1320w\" sizes=\"auto, (max-width: 750px) 100vw, 750px\" \/><\/a><figcaption id=\"caption-attachment-30884316\" class=\"wp-caption-text\">En el centro, M\u00f3nica Dom\u00ednguez en el acto de entrega de los premios.<\/figcaption><\/figure>\n<p>El Ministerio de Igualdad, a trav\u00e9s de la Delegaci\u00f3n del Gobierno contra la Violencia de G\u00e9nero y a propuesta de la Delegaci\u00f3n y Subdelegaciones del Gobierno en Andaluc\u00eda, ha entregado hoy jueves en Lebrija (Sevilla), los <strong>Reconocimientos Menina con motivo del 25N<\/strong>, <strong>D\u00eda Internacional para la Eliminaci\u00f3n de la Violencia contra las Mujeres<\/strong>, unos galardones que reconocen a personas, proyectos e instituciones que han destacado durante el a\u00f1o 2024 por su lucha contra cualquier forma de violencia machista.<\/p>\n<p>En esta XII edici\u00f3n, la delegada del rector para la Igualdad de G\u00e9nero de la Universidad Pablo de Olavide, <strong>M\u00f3nica Dom\u00ednguez Serrano, <\/strong>ha sido una de las galardonadas por \u201csu especializaci\u00f3n en la investigaci\u00f3n, docencia y estudios de igualdad de g\u00e9nero, creando espacio de igualdad, libertad y mejora de nuestra democracia, formando a las siguientes generaciones en estos valores\u201d.<\/p>\n<h3><strong>M\u00f3nica Dom\u00ednguez Serrano<\/strong><\/h3>\n<p>Profesora Titular de M\u00e9todos Cuantitativos en el Departamento de Econom\u00eda, M\u00e9todos Cuantitativos e Historia Econ\u00f3mica de la Universidad Pablo de Olavide. Diplomada en Ciencias en Empresariales y Licenciada en Econom\u00eda por la Universidad de Sevilla, M\u00e1ster en Administraci\u00f3n P\u00fablica y Doctora en Econom\u00eda y Empresa. Impulsora del M\u00e1ster en G\u00e9nero e Igualdad de la UPO -que ha dirigido y coordinado desde su creaci\u00f3n-, y del Centro Interdisciplinar de Estudios Feministas, de las Mujeres y de G\u00e9nero (CINEF) de la Universidad Pablo de Olavide, que codirige.<\/p>\n<p>El an\u00e1lisis de las desigualdades de g\u00e9nero ha constituido el hilo central de su investigaci\u00f3n, con un marcado car\u00e1cter cuantitativo (estad\u00edsticas de g\u00e9nero, indicadores sint\u00e9ticos), especialmente en lo relativo a mercados de trabajo y trabajo no remunerado, usos del tiempo, presupuestos de g\u00e9nero y an\u00e1lisis del bienestar en diferentes grupos de poblaci\u00f3n (especialmente infancia) como en distintos contextos geogr\u00e1ficos. En esta \u00faltima l\u00ednea obtuvo varios premios con su tesis doctoral \u2018G\u00e9nero y Bienestar: una propuesta de medici\u00f3n\u2019.<\/p>\n<p>Ha participado en equipos de investigaci\u00f3n nacionales e internacionales. Cuenta con numerosas publicaciones, es evaluadora de varias revistas indexadas JCR, ha sido miembro de la red europea <em>Gender and Well-being: Work, Family and Public Policies<\/em> y actualmente forma parte de la International <em>Association for Feminist Economics<\/em> (IAFFE), la <em>Human Development and Capability Association<\/em> (HDCA) y la Asociaci\u00f3n de Mujeres Investigadoras y Tecn\u00f3logas (AMIT), entre otras.<\/p>\n<p>Ha asumido el compromiso de incorporar la perspectiva de g\u00e9nero de manera transversal en toda su docencia, desde la que expresamente versa sobre estos contenidos (postgrado), como aquella que imparte en grado, en asignaturas como matem\u00e1ticas financieras, estad\u00edstica o an\u00e1lisis multivariante.<\/p>\n<p>Es presidenta de la Comisi\u00f3n Experta en materia de G\u00e9nero e Igualdad de la Universidad Pablo de Olavide cuya finalidad es asesorar en todos los temas relacionados con las pol\u00edticas de igualdad que se implementan en la universidad.<\/p>\n<p>Durante toda su carrera docente y cient\u00edfica en la Universidad Pablo de Olavide se ha implicado intensamente en la gesti\u00f3n universitaria, acumulando m\u00e1s de 25 a\u00f1os en el desempe\u00f1o de cargos acad\u00e9micos que involucran diferentes niveles de responsabilidad en los distintos \u00e1mbitos de la vida universitaria.<\/p>\n<p>En el a\u00f1o 2020 asume la creaci\u00f3n por primera vez en la universidad de la figura de delegada del rector para la Igualdad de G\u00e9nero con rango de vicerrectora, lo que supone un importante reto por ser la primera vez que se confieren a estas pol\u00edticas el m\u00e1ximo nivel, formando parte del equipo de direcci\u00f3n y gobierno de la universidad, teniendo que asumir una labor importante de creaci\u00f3n y puesta en funcionamiento que actualmente est\u00e1 consolidada. En esta gesti\u00f3n destaca la elaboraci\u00f3n del III Plan Estrat\u00e9gico para la Igualdad de G\u00e9nero y la puesta en funcionamiento y consolidaci\u00f3n, por primera vez en la UPO, de la elaboraci\u00f3n de unos Presupuestos con Enfoque de G\u00e9nero, siendo de las pocas universidades del sistema universitario que lo sistematizan.<\/p>\n<p>Adem\u00e1s, ostenta la presidencia de la Comisi\u00f3n de Evaluaci\u00f3n e Intervenci\u00f3n en Situaciones de Acoso Sexual y por raz\u00f3n de G\u00e9nero de la UPO y de la Comisi\u00f3n Negociadora con \u00f3rganos de representaci\u00f3n de la universidad del Plan de Igualdad de la UPO o la vocal\u00eda en la Comisi\u00f3n de Evaluaci\u00f3n de Contratos Programas de los Centros de la UPO.<\/p>\n<figure id=\"attachment_30884318\" aria-describedby=\"caption-attachment-30884318\" style=\"width: 750px\" class=\"wp-caption aligncenter\"><a href=\"https:\/\/www.upo.es\/diario\/wp-content\/uploads\/2024\/11\/241121meninas_17_de_83-scaled.jpg\"><img loading=\"lazy\" decoding=\"async\" class=\"size-large wp-image-30884318\" src=\"https:\/\/www.upo.es\/diario\/wp-content\/uploads\/2024\/11\/241121meninas_17_de_83-750x423.jpg\" alt=\"\" width=\"750\" height=\"423\" srcset=\"https:\/\/www.upo.es\/diario\/wp-content\/uploads\/2024\/11\/241121meninas_17_de_83-750x423.jpg 750w, https:\/\/www.upo.es\/diario\/wp-content\/uploads\/2024\/11\/241121meninas_17_de_83-420x237.jpg 420w, https:\/\/www.upo.es\/diario\/wp-content\/uploads\/2024\/11\/241121meninas_17_de_83-768x433.jpg 768w, https:\/\/www.upo.es\/diario\/wp-content\/uploads\/2024\/11\/241121meninas_17_de_83-1536x866.jpg 1536w, https:\/\/www.upo.es\/diario\/wp-content\/uploads\/2024\/11\/241121meninas_17_de_83-2048x1155.jpg 2048w, https:\/\/www.upo.es\/diario\/wp-content\/uploads\/2024\/11\/241121meninas_17_de_83-1320x744.jpg 1320w\" sizes=\"auto, (max-width: 750px) 100vw, 750px\" \/><\/a><figcaption id=\"caption-attachment-30884318\" class=\"wp-caption-text\">Imagen de todos los premiados y premiadas.<\/figcaption><\/figure>\n<p>&nbsp;<\/p>\n<h3><strong>XII edici\u00f3n de los Reconocimientos Menina<\/strong><\/h3>\n<p>En la XII edici\u00f3n de los Reconocimientos Menina de la Delegaci\u00f3n del Gobierno en Andaluc\u00eda la menci\u00f3n especial ha sido para el presidente del Gobierno <strong>Jos\u00e9 Luis Rodr\u00edguez Zapatero<\/strong>, por su firme compromiso por la igualdad de g\u00e9nero durante su mandato como presidente del Gobierno de Espa\u00f1a, \u201cen los que su visi\u00f3n y liderazgo marcaron un antes y un despu\u00e9s en la lucha por los derechos de las mujeres en nuestro pa\u00eds\u201d.<\/p>\n<p>Acompa\u00f1an a la menci\u00f3n especial el Plan Director para la convivencia y mejora de la seguridad escolar en los centros educativos y sus entornos (<strong>Almer\u00eda<\/strong>), la Asociaci\u00f3n de Mujeres \u2018Mar\u00eda Luz S\u00e1nchez Carmona\u2019 de Chiclana de la Frontera (<strong>C\u00e1diz<\/strong>), la jefa de la Comisar\u00eda Provincial del Cuerpo Nacional de Polic\u00eda en C\u00f3rdoba, Mar\u00eda Dolores L\u00f3pez S\u00e1nchez; el Foro sobre trata con fines de explotaci\u00f3n sexual y mujeres en entornos de prostituci\u00f3n de <strong>Granada<\/strong>; el Grupo de Investigaci\u00f3n de la Brigada Provincial de Extranjer\u00eda y Fronteras de la Polic\u00eda Nacional de Huelva;\u00a0 la Unidad de Igualdad y Mujer del Ayuntamiento Beas de Segura (<strong>Ja\u00e9n<\/strong>); la presidenta de la Asociaci\u00f3n de la Prensa de M\u00e1laga y doctora en Periodismo por la Universidad de <strong>M\u00e1laga<\/strong>, Elena Blanco Castilla; y en <strong>Sevilla<\/strong> a Isabel Morillo, primera mujer directora de El Correo de Andaluc\u00eda, y a M\u00f3nica Dom\u00ednguez Serrano, delegada del rector para la Igualdad de g\u00e9nero en la Universidad Pablo de Olavide.<\/p>\n<p>En el acto tambi\u00e9n se han estregado <strong>ocho diplomas honor\u00edficos<\/strong> a instituciones o personas representativas en la lucha contra la violencia machista, entre las que figuran, la Asociaci\u00f3n Protegidas para la integraci\u00f3n social y laboral (<strong>Almer\u00eda<\/strong>), la Asociaci\u00f3n de empresarias y profesionales de la provincia de <strong>C\u00e1diz<\/strong> (AMEP), Luisa Navarro de Haro, vicepresidente de la Asociaci\u00f3n\u00a0 Tri\u00e1ngulo Azul Stolpersteine (<strong>C\u00f3rdoba<\/strong>); Carmen Ruiz Repullo, soci\u00f3loga especializada en violencia de g\u00e9nero en adolescentes y j\u00f3venes (<strong>Granada<\/strong>); el Ilustre Colegio de Farmac\u00e9uticos de <strong>Huelva<\/strong>; la Federaci\u00f3n Asociaciones Padres y Madres Los Olivos (<strong>Ja\u00e9n<\/strong>); el equipo femenino de la ONCE de f\u00fatbol de <strong>M\u00e1laga<\/strong>, as\u00ed como la delegaci\u00f3n de Igualdad del Ayuntamiento de Dos Hermanas (<strong>Sevilla<\/strong>).<\/p>\n","protected":false},"excerpt":{"rendered":"<p>El Ministerio de Igualdad, a trav\u00e9s de la Delegaci\u00f3n del Gobierno contra la Violencia de G\u00e9nero y a propuesta de la Delegaci\u00f3n y Subdelegaciones del Gobierno en Andaluc\u00eda, ha entregado hoy jueves en Lebrija (Sevilla), los Reconocimientos Menina con motivo del 25N, D\u00eda Internacional para la Eliminaci\u00f3n de la Violencia contra las Mujeres, unos galardones que reconocen a personas, proyectos e instituciones que han destacado durante el a\u00f1o 2024 por su lucha contra cualquier forma de violencia machista.<\/p>\n","protected":false},"author":2,"featured_media":30884316,"comment_status":"closed","ping_status":"open","sticky":false,"template":"","format":"standard","meta":{"_monsterinsights_skip_tracking":false,"_monsterinsights_sitenote_active":false,"_monsterinsights_sitenote_note":"","_monsterinsights_sitenote_category":0,"footnotes":""},"categories":[5842],"tags":[8720,58,9011,2441,4543],"class_list":["post-30884301","post","type-post","status-publish","format-standard","has-post-thumbnail","hentry","category-comunidad","tag-monica-dominguez-serrano","tag-premio","tag-reconocimientos-menina","tag-violencia-de-genero","tag-violencia-machista"],"_links":{"self":[{"href":"https:\/\/www.upo.es\/diario\/wp-json\/wp\/v2\/posts\/30884301","targetHints":{"allow":["GET"]}}],"collection":[{"href":"https:\/\/www.upo.es\/diario\/wp-json\/wp\/v2\/posts"}],"about":[{"href":"https:\/\/www.upo.es\/diario\/wp-json\/wp\/v2\/types\/post"}],"author":[{"embeddable":true,"href":"https:\/\/www.upo.es\/diario\/wp-json\/wp\/v2\/users\/2"}],"replies":[{"embeddable":true,"href":"https:\/\/www.upo.es\/diario\/wp-json\/wp\/v2\/comments?post=30884301"}],"version-history":[{"count":5,"href":"https:\/\/www.upo.es\/diario\/wp-json\/wp\/v2\/posts\/30884301\/revisions"}],"predecessor-version":[{"id":30884319,"href":"https:\/\/www.upo.es\/diario\/wp-json\/wp\/v2\/posts\/30884301\/revisions\/30884319"}],"wp:featuredmedia":[{"embeddable":true,"href":"https:\/\/www.upo.es\/diario\/wp-json\/wp\/v2\/media\/30884316"}],"wp:attachment":[{"href":"https:\/\/www.upo.es\/diario\/wp-json\/wp\/v2\/media?parent=30884301"}],"wp:term":[{"taxonomy":"category","embeddable":true,"href":"https:\/\/www.upo.es\/diario\/wp-json\/wp\/v2\/categories?post=30884301"},{"taxonomy":"post_tag","embeddable":true,"href":"https:\/\/www.upo.es\/diario\/wp-json\/wp\/v2\/tags?post=30884301"}],"curies":[{"name":"wp","href":"https:\/\/api.w.org\/{rel}","templated":true}]}}