{"id":30884320,"date":"2024-11-22T14:36:09","date_gmt":"2024-11-22T13:36:09","guid":{"rendered":"https:\/\/www.upo.es\/diario\/?p=30884320"},"modified":"2024-11-25T09:21:36","modified_gmt":"2024-11-25T08:21:36","slug":"universidad-pablo-olavide-fundacion-grupo-azvi-se-unen-para-desarrollar-proyectos-caracter-social","status":"publish","type":"post","link":"https:\/\/www.upo.es\/diario\/institucional\/2024\/11\/universidad-pablo-olavide-fundacion-grupo-azvi-se-unen-para-desarrollar-proyectos-caracter-social\/","title":{"rendered":"La Universidad Pablo de Olavide y la Fundaci\u00f3n Grupo AZVI se unen para desarrollar proyectos de car\u00e1cter social"},"content":{"rendered":"<figure id=\"attachment_30884322\" aria-describedby=\"caption-attachment-30884322\" style=\"width: 750px\" class=\"wp-caption aligncenter\"><a href=\"https:\/\/www.upo.es\/diario\/wp-content\/uploads\/2024\/11\/convenio_fundacion_azvi01-scaled.jpg\"><img loading=\"lazy\" decoding=\"async\" class=\"size-large wp-image-30884322\" src=\"https:\/\/www.upo.es\/diario\/wp-content\/uploads\/2024\/11\/convenio_fundacion_azvi01-750x500.jpg\" alt=\"\" width=\"750\" height=\"500\" srcset=\"https:\/\/www.upo.es\/diario\/wp-content\/uploads\/2024\/11\/convenio_fundacion_azvi01-750x500.jpg 750w, https:\/\/www.upo.es\/diario\/wp-content\/uploads\/2024\/11\/convenio_fundacion_azvi01-420x280.jpg 420w, https:\/\/www.upo.es\/diario\/wp-content\/uploads\/2024\/11\/convenio_fundacion_azvi01-768x512.jpg 768w, https:\/\/www.upo.es\/diario\/wp-content\/uploads\/2024\/11\/convenio_fundacion_azvi01-1536x1024.jpg 1536w, https:\/\/www.upo.es\/diario\/wp-content\/uploads\/2024\/11\/convenio_fundacion_azvi01-2048x1365.jpg 2048w, https:\/\/www.upo.es\/diario\/wp-content\/uploads\/2024\/11\/convenio_fundacion_azvi01-165x109.jpg 165w, https:\/\/www.upo.es\/diario\/wp-content\/uploads\/2024\/11\/convenio_fundacion_azvi01-1320x880.jpg 1320w\" sizes=\"auto, (max-width: 750px) 100vw, 750px\" \/><\/a><figcaption id=\"caption-attachment-30884322\" class=\"wp-caption-text\">Francisco Oliva Bl\u00e1zquez y Manuel Contreras Ramos en el acto de firma del convenio.<\/figcaption><\/figure>\n<p>El rector de la Universidad Pablo de Olavide, <strong>Francisco Oliva Bl\u00e1zquez<\/strong>, y el presidente de la Fundaci\u00f3n Grupo AZVI, <strong>Manuel Contreras Ramos<\/strong>, han firmado un convenio de colaboraci\u00f3n para la financiaci\u00f3n y el desarrollo de proyectos sociales que lidera la UPO.<\/p>\n<p>Entre las iniciativas contempladas se incluyen <strong>programas educativos y de intervenci\u00f3n en el Pol\u00edgono Sur, actividades para la atenci\u00f3n integral a la diversidad funcional, voluntariado universitario, y acciones contra la exclusi\u00f3n social<\/strong>. Tambi\u00e9n se contemplan proyectos dirigidos a personas mayores, con el fin de fomentar la solidaridad intergeneracional y un envejecimiento activo y saludable.<\/p>\n<figure id=\"attachment_30884323\" aria-describedby=\"caption-attachment-30884323\" style=\"width: 420px\" class=\"wp-caption alignright\"><a href=\"https:\/\/www.upo.es\/diario\/wp-content\/uploads\/2024\/11\/convenio_fundacion_azvi02-scaled.jpg\"><img loading=\"lazy\" decoding=\"async\" class=\"size-medium wp-image-30884323\" src=\"https:\/\/www.upo.es\/diario\/wp-content\/uploads\/2024\/11\/convenio_fundacion_azvi02-420x280.jpg\" alt=\"\" width=\"420\" height=\"280\" srcset=\"https:\/\/www.upo.es\/diario\/wp-content\/uploads\/2024\/11\/convenio_fundacion_azvi02-420x280.jpg 420w, https:\/\/www.upo.es\/diario\/wp-content\/uploads\/2024\/11\/convenio_fundacion_azvi02-750x500.jpg 750w, https:\/\/www.upo.es\/diario\/wp-content\/uploads\/2024\/11\/convenio_fundacion_azvi02-768x512.jpg 768w, https:\/\/www.upo.es\/diario\/wp-content\/uploads\/2024\/11\/convenio_fundacion_azvi02-1536x1024.jpg 1536w, https:\/\/www.upo.es\/diario\/wp-content\/uploads\/2024\/11\/convenio_fundacion_azvi02-2048x1365.jpg 2048w, https:\/\/www.upo.es\/diario\/wp-content\/uploads\/2024\/11\/convenio_fundacion_azvi02-165x109.jpg 165w, https:\/\/www.upo.es\/diario\/wp-content\/uploads\/2024\/11\/convenio_fundacion_azvi02-1320x880.jpg 1320w\" sizes=\"auto, (max-width: 420px) 100vw, 420px\" \/><\/a><figcaption id=\"caption-attachment-30884323\" class=\"wp-caption-text\">De izquierda a derecha, Laura G\u00f3mez, Francisco Oliva, Elena Crespo, Pilar Kraan y Manuel Contreras.<\/figcaption><\/figure>\n<p>El acto de firma, que se ha celebrado en la ma\u00f1ana de hoy, ha contado con la presencia de la vicerrectora de Cultura y Pol\u00edticas Sociales, <strong>Laura G\u00f3mez Ruiz<\/strong>; la directora de la Fundaci\u00f3n Grupo AZVI, <strong>Pilar Kraan, <\/strong>y la directora de Relaciones Institucionales y Comunicaci\u00f3n del Grupo AZVI, <strong>Elena Crespo<\/strong>.<\/p>\n<p>Este acuerdo, a trav\u00e9s del cual la Fundaci\u00f3n Grupo AZVI aportar\u00e1 una cuant\u00eda de 20.000 euros, refuerza el compromiso de ambas instituciones con la acci\u00f3n social y el desarrollo sostenible en la comunidad.<\/p>\n","protected":false},"excerpt":{"rendered":"<p>El rector de la Universidad Pablo de Olavide, Francisco Oliva Bl\u00e1zquez, y el presidente de la Fundaci\u00f3n Grupo AZVI, Manuel Contreras Ramos, han firmado un convenio de colaboraci\u00f3n para la financiaci\u00f3n y el desarrollo de proyectos sociales que lidera la UPO.<\/p>\n","protected":false},"author":2,"featured_media":30884322,"comment_status":"closed","ping_status":"open","sticky":false,"template":"","format":"standard","meta":{"_monsterinsights_skip_tracking":false,"_monsterinsights_sitenote_active":false,"_monsterinsights_sitenote_note":"","_monsterinsights_sitenote_category":0,"footnotes":""},"categories":[6],"tags":[1063,326,9020,1987],"class_list":["post-30884320","post","type-post","status-publish","format-standard","has-post-thumbnail","hentry","category-institucional","tag-accion-social","tag-convenio","tag-fundacion-grupo-azvi","tag-protocolo-de-colaboracion"],"_links":{"self":[{"href":"https:\/\/www.upo.es\/diario\/wp-json\/wp\/v2\/posts\/30884320","targetHints":{"allow":["GET"]}}],"collection":[{"href":"https:\/\/www.upo.es\/diario\/wp-json\/wp\/v2\/posts"}],"about":[{"href":"https:\/\/www.upo.es\/diario\/wp-json\/wp\/v2\/types\/post"}],"author":[{"embeddable":true,"href":"https:\/\/www.upo.es\/diario\/wp-json\/wp\/v2\/users\/2"}],"replies":[{"embeddable":true,"href":"https:\/\/www.upo.es\/diario\/wp-json\/wp\/v2\/comments?post=30884320"}],"version-history":[{"count":3,"href":"https:\/\/www.upo.es\/diario\/wp-json\/wp\/v2\/posts\/30884320\/revisions"}],"predecessor-version":[{"id":30884332,"href":"https:\/\/www.upo.es\/diario\/wp-json\/wp\/v2\/posts\/30884320\/revisions\/30884332"}],"wp:featuredmedia":[{"embeddable":true,"href":"https:\/\/www.upo.es\/diario\/wp-json\/wp\/v2\/media\/30884322"}],"wp:attachment":[{"href":"https:\/\/www.upo.es\/diario\/wp-json\/wp\/v2\/media?parent=30884320"}],"wp:term":[{"taxonomy":"category","embeddable":true,"href":"https:\/\/www.upo.es\/diario\/wp-json\/wp\/v2\/categories?post=30884320"},{"taxonomy":"post_tag","embeddable":true,"href":"https:\/\/www.upo.es\/diario\/wp-json\/wp\/v2\/tags?post=30884320"}],"curies":[{"name":"wp","href":"https:\/\/api.w.org\/{rel}","templated":true}]}}