{"id":30884325,"date":"2024-11-22T15:05:03","date_gmt":"2024-11-22T14:05:03","guid":{"rendered":"https:\/\/www.upo.es\/diario\/?p=30884325"},"modified":"2024-11-27T12:50:43","modified_gmt":"2024-11-27T11:50:43","slug":"la-jornada-ciberviolencia-de-genero-nuevas-formas-de-violencia-contra-las-mujeres-en-la-upo-por-el-25n","status":"publish","type":"post","link":"https:\/\/www.upo.es\/diario\/institucional\/2024\/11\/la-jornada-ciberviolencia-de-genero-nuevas-formas-de-violencia-contra-las-mujeres-en-la-upo-por-el-25n\/","title":{"rendered":"La jornada \u2018Ciberviolencia de G\u00e9nero. Nuevas formas de violencia contra las mujeres\u2019 en la UPO por el 25N"},"content":{"rendered":"<p><u><a href=\"https:\/\/www.upo.es\/diario\/wp-content\/uploads\/2024\/11\/Cartel_25N_UPO.jpg_1106608053.jpg\"><img loading=\"lazy\" decoding=\"async\" class=\"alignright size-full wp-image-30884326\" src=\"https:\/\/www.upo.es\/diario\/wp-content\/uploads\/2024\/11\/Cartel_25N_UPO.jpg_1106608053.jpg\" alt=\"\" width=\"250\" height=\"353\" \/><\/a>El pr\u00f3ximo mi\u00e9rcoles 27 de noviembre, a las 10:00 horas en la Sala de Grados del Edificio 7 de la UPO<\/u>, el rector de la Universidad Pablo de Olavide, <strong>Francisco Oliva Bl\u00e1zquez<\/strong>, y el delegado del Gobierno en Andaluc\u00eda, <strong>Pedro Fern\u00e1ndez Pe\u00f1alver<\/strong>, inauguran la <a href=\"https:\/\/forms.gle\/FvpkruxKTsbf4Zmf7\"><strong>Jornada \u2018Ciberviolencia de G\u00e9nero. Nuevas formas de violencia contra las mujeres\u2019<\/strong><\/a> con motivo de la conmemoraci\u00f3n del D\u00eda Internacional para la Erradicaci\u00f3n de las Violencias contras las Mujeres el 25 de noviembre.<\/p>\n<p>Se trata de un espacio de reflexi\u00f3n promovido por la Delegaci\u00f3n del rector para la Igualdad de G\u00e9nero de la UPO, donde especialistas en igualdad y seguridad en tecnolog\u00edas tratar\u00e1n las nuevas formas de relaciones personales y los peligros que supone para la privacidad y la intimidad, especialmente para las mujeres.<\/p>\n<p>Adem\u00e1s del rector y el delegado del Gobierno, dar\u00e1n la bienvenida la delegada del rector para la Igualdad de G\u00e9nero de la UPO, <strong>M\u00f3nica Dom\u00ednguez Serrano<\/strong>; y la jefa de la Unidad contra la violencia de g\u00e9nero de la Delegaci\u00f3n del Gobierno en Andaluc\u00eda, <strong>Maribel Monta\u00f1o Requena<\/strong>.<\/p>\n<p>La mesa de especialistas comenzar\u00e1 a las 10:30 horas y en ella intercambiar\u00e1n opiniones representantes del \u00e1mbito acad\u00e9mico, como <strong>Carmen Ruiz Repullo<\/strong>, experta en g\u00e9nero en igualdad de oportunidades por la Universidad de Granada y formadora en materia de prevenci\u00f3n de violencia de g\u00e9nero; <strong>Jorge Coronado<\/strong>, perito y socio fundador de QuantiKa14, investigaci\u00f3n digital y director del curso de verano 2017 de la UPO sobre ciberviolencia de g\u00e9nero; as\u00ed como <strong>Lorena Fern\u00e1ndez<\/strong>, directora de comunicaci\u00f3n digital de la Universidad de Deusto y miembro del grupo experto de la Comisi\u00f3n Europea <em>Gendered Innovation<\/em>. <strong>M\u00f3nica Dom\u00ednguez<\/strong> ser\u00e1 la encargada de moderar esta mesa de especialistas.<\/p>\n<p>A continuaci\u00f3n, a las 12:45 horas, ser\u00e1n estudiantes quienes expongan sus conocimientos y experiencias en ciberviolencia. De ello hablar\u00e1n <strong>Adri\u00e1n Casado<\/strong>, estudiante de 4\u00ba Curso del Grado en Ingenier\u00eda Inform\u00e1tica en Sistemas de la Informaci\u00f3n de la UPO; <strong>\u00c1ngela Nieto<\/strong>, estudiante de 4\u00ba Curso de Ciencias del Deporte de la UPO; y <strong>Laura Gallardo<\/strong>, estudiante de 4\u00ba Curso del Grado en Trabajo Social y Educaci\u00f3n Social. Moderar\u00e1 la especialista en Igualdad <strong>Mar\u00eda Rodr\u00edguez Calder\u00f3n<\/strong>.<\/p>\n<p><strong>Maribel Monta\u00f1o<\/strong> y <strong>M\u00f3nica Dom\u00ednguez<\/strong> ser\u00e1n las encargadas de clausurar, a las 13:30 horas, esta jornada de reflexi\u00f3n.<\/p>\n<h3><strong>Programaci\u00f3n de la UPO por el 25N<\/strong><\/h3>\n<p>Junto a este encuentro, la Universidad Pablo de Olavide ha desarrollado hasta la fecha una gran variedad de actos y actividades, como la jornada \u2018<strong>Movilizando conciencia y activismo social en la lucha contra las violencias hacia las mujeres. No est\u00e1s sola. La lucha contra la manada\u2019<\/strong>, organizada por las profesoras de la Facultad de Ciencias Sociales Roc\u00edo C\u00e1rdenas Rodr\u00edguez y Beatriz Mac\u00edas G\u00f3mez-Estern, financiada por la Delegaci\u00f3n del rector para la Igualdad de G\u00e9nero, con la gesti\u00f3n de la Oficina para la Igualdad, en el marco de la convocatoria anual de ayudas para la promoci\u00f3n de la igualdad de g\u00e9nero dirigida a los Centros\/Facultades de la UPO; la actividad <strong>\u2018Las mujeres en los pa\u00edses \u00e1rabes e isl\u00e1micos: cultura, religi\u00f3n, pol\u00edtica y tradici\u00f3n\u2019<\/strong>, organizada por el Aula Abierta de Mayores; o el <strong>\u2018Debate sobre la emancipaci\u00f3n de la mujer en Italia\u2019<\/strong>, organizado por Covadonga Gemma Fouces Gonz\u00e1lez, profesora de la Facultad de Humanidades.<\/p>\n<p>\u201cPara poder contribuir a la eliminaci\u00f3n de toda forma de violencia en la sociedad, desde la universidad es crucial ofrecer formaci\u00f3n en perspectiva de g\u00e9nero a todos los niveles. Esto incluye no solo a quienes toman decisiones y gestionan pol\u00edticas, sino tambi\u00e9n a personal docente e investigador y, por supuesto, a estudiantes\u201d, destaca la delegada del rector para la Igualdad de G\u00e9nero, <strong>M\u00f3nica Dom\u00ednguez Serrano<\/strong>, quien acaba de ser <a href=\"https:\/\/www.upo.es\/diario\/comunidad\/2024\/11\/la-delegada-del-rector-para-la-igualdad-de-genero-monica-dominguez-galardonada-con-el-premio-menina-2024\/\">galardonada con uno de los <strong>Reconocimientos Menina<\/strong><\/a> que otorga el Ministerio de Igualdad, a trav\u00e9s de la Delegaci\u00f3n del Gobierno contra la Violencia de G\u00e9nero y a propuesta de la Delegaci\u00f3n y Subdelegaciones del Gobierno en Andaluc\u00eda.<\/p>\n<p>Por otro lado, el lunes 25 de noviembre, la Universidad Pablo de Olavide difundir\u00e1 en sus redes sociales el <strong>manifiesto de la Red de Unidades para la Igualdad de G\u00e9nero y Excelencia Universitaria (RUIGEU) por el 25N<\/strong>, de la que forma parte la Delegaci\u00f3n del rector para la Igualdad de G\u00e9nero. Adem\u00e1s, la torre del campus de la Universidad Pablo de Olavide se iluminar\u00e1 de color morado durante las noches hasta el 26 de noviembre, como s\u00edmbolo del compromiso de la instituci\u00f3n con esta causa.<\/p>\n<p>El martes 26 de noviembre se instalar\u00e1 una carpa informativa en la que personal t\u00e9cnico del <strong>Instituto Andaluz de la Mujer<\/strong> explicar\u00e1 los diferentes recursos para la atenci\u00f3n a las v\u00edctimas de violencias machistas, desde el tel\u00e9fono de informaci\u00f3n 900 200 999, los programas de atenci\u00f3n psicol\u00f3gica o los recursos de acogida dirigidos a las mujeres y sus hijas e hijos.<strong>\u00a0<\/strong><\/p>\n<h3><strong>Programaci\u00f3n completa:<\/strong><\/h3>\n<p><a href=\"https:\/\/www.upo.es\/upsc\/igualdad\/25n-para-la-erradicacion-de-las-violencias\/\">CAMPA\u00d1A 25-N 2024<\/a><\/p>\n","protected":false},"excerpt":{"rendered":"<p>El pr\u00f3ximo mi\u00e9rcoles 27 de noviembre, a las 10:00 horas en la Sala de Grados del Edificio 7 de la UPO, el rector de la Universidad Pablo de Olavide, Francisco Oliva Bl\u00e1zquez, y el delegado del Gobierno en Andaluc\u00eda, Pedro Fern\u00e1ndez Pe\u00f1alver, inauguran la Jornada \u2018Ciberviolencia de G\u00e9nero. Nuevas formas de violencia contra las mujeres\u2019 con motivo de la conmemoraci\u00f3n del D\u00eda Internacional para la Erradicaci\u00f3n de las Violencias contras las Mujeres el 25 de noviembre.<\/p>\n","protected":false},"author":2,"featured_media":30884326,"comment_status":"closed","ping_status":"open","sticky":false,"template":"","format":"standard","meta":{"_monsterinsights_skip_tracking":false,"_monsterinsights_sitenote_active":false,"_monsterinsights_sitenote_note":"","_monsterinsights_sitenote_category":0,"footnotes":""},"categories":[6],"tags":[4545,8671,5883,514,2441],"class_list":["post-30884325","post","type-post","status-publish","format-standard","has-post-thumbnail","hentry","category-institucional","tag-25n","tag-delegacion-del-gobierno","tag-igualdad-de-genero","tag-jornada","tag-violencia-de-genero"],"_links":{"self":[{"href":"https:\/\/www.upo.es\/diario\/wp-json\/wp\/v2\/posts\/30884325","targetHints":{"allow":["GET"]}}],"collection":[{"href":"https:\/\/www.upo.es\/diario\/wp-json\/wp\/v2\/posts"}],"about":[{"href":"https:\/\/www.upo.es\/diario\/wp-json\/wp\/v2\/types\/post"}],"author":[{"embeddable":true,"href":"https:\/\/www.upo.es\/diario\/wp-json\/wp\/v2\/users\/2"}],"replies":[{"embeddable":true,"href":"https:\/\/www.upo.es\/diario\/wp-json\/wp\/v2\/comments?post=30884325"}],"version-history":[{"count":1,"href":"https:\/\/www.upo.es\/diario\/wp-json\/wp\/v2\/posts\/30884325\/revisions"}],"predecessor-version":[{"id":30884327,"href":"https:\/\/www.upo.es\/diario\/wp-json\/wp\/v2\/posts\/30884325\/revisions\/30884327"}],"wp:featuredmedia":[{"embeddable":true,"href":"https:\/\/www.upo.es\/diario\/wp-json\/wp\/v2\/media\/30884326"}],"wp:attachment":[{"href":"https:\/\/www.upo.es\/diario\/wp-json\/wp\/v2\/media?parent=30884325"}],"wp:term":[{"taxonomy":"category","embeddable":true,"href":"https:\/\/www.upo.es\/diario\/wp-json\/wp\/v2\/categories?post=30884325"},{"taxonomy":"post_tag","embeddable":true,"href":"https:\/\/www.upo.es\/diario\/wp-json\/wp\/v2\/tags?post=30884325"}],"curies":[{"name":"wp","href":"https:\/\/api.w.org\/{rel}","templated":true}]}}