{"id":30884329,"date":"2024-11-22T17:18:27","date_gmt":"2024-11-22T16:18:27","guid":{"rendered":"https:\/\/www.upo.es\/diario\/?p=30884329"},"modified":"2024-12-18T17:57:33","modified_gmt":"2024-12-18T16:57:33","slug":"la-universidad-pablo-de-olavide-rinde-homenaje-a-la-profesora-maria-serrano-fernandez","status":"publish","type":"post","link":"https:\/\/www.upo.es\/diario\/comunidad\/2024\/11\/la-universidad-pablo-de-olavide-rinde-homenaje-a-la-profesora-maria-serrano-fernandez\/","title":{"rendered":"La Universidad Pablo de Olavide rinde homenaje a la profesora Mar\u00eda Serrano Fern\u00e1ndez"},"content":{"rendered":"<p><a href=\"https:\/\/www.upo.es\/diario\/wp-content\/uploads\/2024\/11\/homenaje_maria_serrano_18-scaled.jpg\"><img loading=\"lazy\" decoding=\"async\" class=\"aligncenter size-large wp-image-30884328\" src=\"https:\/\/www.upo.es\/diario\/wp-content\/uploads\/2024\/11\/homenaje_maria_serrano_18-750x500.jpg\" alt=\"\" width=\"750\" height=\"500\" srcset=\"https:\/\/www.upo.es\/diario\/wp-content\/uploads\/2024\/11\/homenaje_maria_serrano_18-750x500.jpg 750w, https:\/\/www.upo.es\/diario\/wp-content\/uploads\/2024\/11\/homenaje_maria_serrano_18-420x280.jpg 420w, https:\/\/www.upo.es\/diario\/wp-content\/uploads\/2024\/11\/homenaje_maria_serrano_18-768x512.jpg 768w, https:\/\/www.upo.es\/diario\/wp-content\/uploads\/2024\/11\/homenaje_maria_serrano_18-1536x1024.jpg 1536w, https:\/\/www.upo.es\/diario\/wp-content\/uploads\/2024\/11\/homenaje_maria_serrano_18-2048x1365.jpg 2048w, https:\/\/www.upo.es\/diario\/wp-content\/uploads\/2024\/11\/homenaje_maria_serrano_18-165x109.jpg 165w, https:\/\/www.upo.es\/diario\/wp-content\/uploads\/2024\/11\/homenaje_maria_serrano_18-1320x880.jpg 1320w\" sizes=\"auto, (max-width: 750px) 100vw, 750px\" \/><\/a><\/p>\n<p>Compa\u00f1eros y compa\u00f1eras tanto de la Universidad Pablo de Olavide como de otras universidades espa\u00f1olas, as\u00ed como distintos representantes del mundo profesional, han celebrado en la ma\u00f1ana de hoy un emotivo acto-homenaje in memoriam dedicado a la profesora <strong>Mar\u00eda Serrano Fern\u00e1ndez<\/strong>, catedr\u00e1tica de Derecho civil y destacada acad\u00e9mica, fallecida el pasado 5 de septiembre.<\/p>\n<p>La ceremonia, organizada por la Facultad de Derecho, ha reunido adem\u00e1s a alumnos y alumnas, familiares y amigos y amigas de Mar\u00eda, quienes han querido rendir tributo a su vida y legado profesional. Durante el acto, distintas voces destacaron su contribuci\u00f3n tanto al \u00e1mbito acad\u00e9mico como al humano, record\u00e1ndola como una figura clave en la Universidad y en el campo del Derecho civil.<\/p>\n<p>\u201cHoy es un d\u00eda agridulce, a la vez dif\u00edcil y reconfortante, ya que por un lado recordamos con dolor y tristeza la p\u00e9rdida de Mar\u00eda. Pero a la vez encontramos la serenidad para rememorar su obra y la tarea universitaria que llev\u00f3 a lo largo de su vida, no solo en \u00e9xitos profesionales, sino especialmente en compa\u00f1eros y compa\u00f1eras que han querido estar esta ma\u00f1ana en este homenaje\u201d, ha expresado el rector de la Universidad Pablo de Olavide, <strong>Francisco Oliva Bl\u00e1zquez<\/strong>, quien ha resaltado que \u201cla UPO se siente un poco hu\u00e9rfana, m\u00e1s vac\u00eda como consecuencia de su ausencia\u201d.<\/p>\n<p>Por su parte,<strong> Ana de Pineda Pe\u00f1uela<\/strong>, alumna de la profesora Serrano, ha recordado sus vivencias en el aula con mucho cari\u00f1o y emoci\u00f3n: \u00abRecuerdo c\u00f3mo muchos alumnos que nos sent\u00e1bamos a mitad de la clase pas\u00e1bamos a primera fila cuando tocaba civil, y es que, nunca hab\u00edamos visto una profesora capaz de recitar las l\u00edneas del libro de aquella forma. Era incre\u00edble c\u00f3mo transformaba una clase de casi dos horas sobre servidumbre en algo f\u00e1cil e interesante\u00bb.<\/p>\n<p>Portavoz de unos sentimientos compartidos entre los y las asistentes, el decano de la Facultad de Derecho, <strong>C\u00e9sar Hornero M\u00e9ndez<\/strong>, ha descrito este encuentro en torno a la memoria y el recuerdo de Mar\u00eda como \u201ccelebraci\u00f3n de vida\u201d: \u201cEstamos aqu\u00ed convocados, por su muerte, pero estamos aqu\u00ed sobre todo emplazados para celebrar su vida, la vida acad\u00e9mica de Mar\u00eda. Y desde luego, como ha quedado patente, como ya sab\u00edamos y est\u00e1bamos seguros de que ser\u00eda as\u00ed, hay mucho que celebrar\u201d. Hemos sido muy afortunados quienes hemos coincidido con ella en estos a\u00f1os; hemos sido afortunados por haber recorrido juntos, con Mar\u00eda, esta parte del camino, del suyo y del nuestro. Y desde luego hay bastante que celebrar; tenemos que felicitarnos, por la profesora, por la decana, por la compa\u00f1era y, en muchos casos, estoy seguro, por la amiga. De todas estas facetas de la vida universitaria de Mar\u00eda podemos dar testimonio, estoy seguro tambi\u00e9n, muchos de los que estamos aqu\u00ed. Porque hemos conocido y disfrutado de una persona excepcional\u201d.<\/p>\n<p><strong>Carmen Vela Fern\u00e1ndez<\/strong>, notaria de Sevilla; <strong>Andr\u00e9s Rodr\u00edguez Benot<\/strong>, catedr\u00e1tico de Derecho internacional privado de la UPO; <strong>M\u00aa Dolores Rego Blanco<\/strong>, profesora titular de Derecho administrativo de la UPO; <strong>Manuel Espejo Lerdo de Tejada<\/strong>, catedr\u00e1tico de Derecho civil de la Universidad de Sevilla; y <strong>Jorge Ortega Dom\u00e9nech<\/strong>, profesor titular de Derecho civil de la Universidad Complutense y secretario de ASEDA; tambi\u00e9n han pronunciado unas sentidas palabras en recuerdo de la profesora Serrano, reflejando el impacto de su trabajo y su profunda huella en quienes tuvieron la fortuna de conocerla.<\/p>\n<h3><strong>Mar\u00eda Serrano Fern\u00e1ndez<\/strong><\/h3>\n<p>Catedr\u00e1tica de Derecho civil, adscrita al Departamento de Derecho privado, y decana del centro entre los a\u00f1os 2015 y 2023, Mar\u00eda Serrano se incorpor\u00f3 a la Universidad Pablo de Olavide en 1999, poco tiempo despu\u00e9s de la creaci\u00f3n de \u00e9sta, siendo antes profesora en las Universidades de Huelva y de Sevilla.<\/p>\n<p>Autora de una importante obra acad\u00e9mica, en ella ha abarcado distintos campos dentro del Derecho civil, siendo destacable su dedicaci\u00f3n a la propiedad intelectual, en la que es considerada una reconocida especialista a escala nacional.<\/p>\n<p><a title=\"Homenaje Mar\u00eda Serrano\" href=\"https:\/\/www.flickr.com\/photos\/pablodeolavide\/albums\/72177720322199184\" data-flickr-embed=\"true\" data-header=\"true\"><img loading=\"lazy\" decoding=\"async\" src=\"https:\/\/live.staticflickr.com\/65535\/54165966293_55f93e2318_z.jpg\" alt=\"Homenaje Mar\u00eda Serrano\" width=\"640\" height=\"480\" \/><\/a><script async src=\"\/\/embedr.flickr.com\/assets\/client-code.js\" charset=\"utf-8\"><\/script><\/p>\n","protected":false},"excerpt":{"rendered":"<p>Compa\u00f1eros y compa\u00f1eras tanto de la Universidad Pablo de Olavide como de otras universidades espa\u00f1olas, as\u00ed como distintos representantes del mundo profesional, han celebrado en la ma\u00f1ana de hoy un emotivo acto-homenaje in memoriam dedicado a la profesora Mar\u00eda Serrano Fern\u00e1ndez, catedr\u00e1tica de Derecho civil y destacada acad\u00e9mica, fallecida el pasado 5 de septiembre.<\/p>\n","protected":false},"author":2,"featured_media":30884328,"comment_status":"closed","ping_status":"open","sticky":false,"template":"","format":"standard","meta":{"_monsterinsights_skip_tracking":false,"_monsterinsights_sitenote_active":false,"_monsterinsights_sitenote_note":"","_monsterinsights_sitenote_category":0,"footnotes":""},"categories":[5842],"tags":[2294,81,308,5826],"class_list":["post-30884329","post","type-post","status-publish","format-standard","has-post-thumbnail","hentry","category-comunidad","tag-departamento-de-derecho-privado","tag-facultad-de-derecho","tag-homenaje","tag-maria-serrano"],"_links":{"self":[{"href":"https:\/\/www.upo.es\/diario\/wp-json\/wp\/v2\/posts\/30884329","targetHints":{"allow":["GET"]}}],"collection":[{"href":"https:\/\/www.upo.es\/diario\/wp-json\/wp\/v2\/posts"}],"about":[{"href":"https:\/\/www.upo.es\/diario\/wp-json\/wp\/v2\/types\/post"}],"author":[{"embeddable":true,"href":"https:\/\/www.upo.es\/diario\/wp-json\/wp\/v2\/users\/2"}],"replies":[{"embeddable":true,"href":"https:\/\/www.upo.es\/diario\/wp-json\/wp\/v2\/comments?post=30884329"}],"version-history":[{"count":2,"href":"https:\/\/www.upo.es\/diario\/wp-json\/wp\/v2\/posts\/30884329\/revisions"}],"predecessor-version":[{"id":30884360,"href":"https:\/\/www.upo.es\/diario\/wp-json\/wp\/v2\/posts\/30884329\/revisions\/30884360"}],"wp:featuredmedia":[{"embeddable":true,"href":"https:\/\/www.upo.es\/diario\/wp-json\/wp\/v2\/media\/30884328"}],"wp:attachment":[{"href":"https:\/\/www.upo.es\/diario\/wp-json\/wp\/v2\/media?parent=30884329"}],"wp:term":[{"taxonomy":"category","embeddable":true,"href":"https:\/\/www.upo.es\/diario\/wp-json\/wp\/v2\/categories?post=30884329"},{"taxonomy":"post_tag","embeddable":true,"href":"https:\/\/www.upo.es\/diario\/wp-json\/wp\/v2\/tags?post=30884329"}],"curies":[{"name":"wp","href":"https:\/\/api.w.org\/{rel}","templated":true}]}}