{"id":30884438,"date":"2024-11-29T15:30:54","date_gmt":"2024-11-29T14:30:54","guid":{"rendered":"https:\/\/www.upo.es\/diario\/?p=30884438"},"modified":"2024-12-18T17:56:59","modified_gmt":"2024-12-18T16:56:59","slug":"la-junta-de-andalucia-incumple-los-acuerdos-de-financiacion","status":"publish","type":"post","link":"https:\/\/www.upo.es\/diario\/institucional\/2024\/11\/la-junta-de-andalucia-incumple-los-acuerdos-de-financiacion\/","title":{"rendered":"La Junta de Andaluc\u00eda incumple los acuerdos de financiaci\u00f3n"},"content":{"rendered":"<figure id=\"attachment_30884435\" aria-describedby=\"caption-attachment-30884435\" style=\"width: 750px\" class=\"wp-caption aligncenter\"><img loading=\"lazy\" decoding=\"async\" class=\"size-large wp-image-30884435\" src=\"https:\/\/www.upo.es\/diario\/wp-content\/uploads\/2024\/11\/CG_20241129-2-750x422.jpg\" alt=\"Sesi\u00f3n del Consejo de Gobierno de la Pablo de Olavide\" width=\"750\" height=\"422\" srcset=\"https:\/\/www.upo.es\/diario\/wp-content\/uploads\/2024\/11\/CG_20241129-2-750x422.jpg 750w, https:\/\/www.upo.es\/diario\/wp-content\/uploads\/2024\/11\/CG_20241129-2-420x236.jpg 420w, https:\/\/www.upo.es\/diario\/wp-content\/uploads\/2024\/11\/CG_20241129-2-768x432.jpg 768w, https:\/\/www.upo.es\/diario\/wp-content\/uploads\/2024\/11\/CG_20241129-2-1536x864.jpg 1536w, https:\/\/www.upo.es\/diario\/wp-content\/uploads\/2024\/11\/CG_20241129-2-2048x1152.jpg 2048w, https:\/\/www.upo.es\/diario\/wp-content\/uploads\/2024\/11\/CG_20241129-2-1320x743.jpg 1320w\" sizes=\"auto, (max-width: 750px) 100vw, 750px\" \/><figcaption id=\"caption-attachment-30884435\" class=\"wp-caption-text\">Sesi\u00f3n del Consejo de Gobierno de la Pablo de Olavide<\/figcaption><\/figure>\n<p>En su informe de esta ma\u00f1ana ante el <strong>Consejo de Gobierno de la Universidad<\/strong>, el rector de la Pablo de Olavide ha manifestado su preocupaci\u00f3n sobre c\u00f3mo se est\u00e1n desarrollando las relaciones actuales con la Junta de Andaluc\u00eda en relaci\u00f3n con la aprobaci\u00f3n de los Presupuestos de la comunidad para 2025. Esto se suma a la situaci\u00f3n creada por incumplimiento, a d\u00eda de hoy, de los acuerdos firmados con la Consejer\u00eda en junio de este a\u00f1o, junto a las transferencias pendientes para cerrar el ejercicio actual.<\/p>\n<figure id=\"attachment_30884436\" aria-describedby=\"caption-attachment-30884436\" style=\"width: 280px\" class=\"wp-caption alignright\"><a href=\"https:\/\/www.upo.es\/diario\/wp-content\/uploads\/2024\/11\/CG_20241129-1.jpg\"><img loading=\"lazy\" decoding=\"async\" class=\"size-medium wp-image-30884436\" src=\"https:\/\/www.upo.es\/diario\/wp-content\/uploads\/2024\/11\/CG_20241129-1-280x420.jpg\" alt=\"Francisco Oliva\" width=\"280\" height=\"420\" srcset=\"https:\/\/www.upo.es\/diario\/wp-content\/uploads\/2024\/11\/CG_20241129-1-280x420.jpg 280w, https:\/\/www.upo.es\/diario\/wp-content\/uploads\/2024\/11\/CG_20241129-1-350x525.jpg 350w, https:\/\/www.upo.es\/diario\/wp-content\/uploads\/2024\/11\/CG_20241129-1-768x1152.jpg 768w, https:\/\/www.upo.es\/diario\/wp-content\/uploads\/2024\/11\/CG_20241129-1-1024x1536.jpg 1024w, https:\/\/www.upo.es\/diario\/wp-content\/uploads\/2024\/11\/CG_20241129-1-1365x2048.jpg 1365w, https:\/\/www.upo.es\/diario\/wp-content\/uploads\/2024\/11\/CG_20241129-1-1320x1980.jpg 1320w, https:\/\/www.upo.es\/diario\/wp-content\/uploads\/2024\/11\/CG_20241129-1.jpg 1425w\" sizes=\"auto, (max-width: 280px) 100vw, 280px\" \/><\/a><figcaption id=\"caption-attachment-30884436\" class=\"wp-caption-text\">Francisco Oliva<\/figcaption><\/figure>\n<p>\u201cLas universidades hicimos los presupuestos [de 2024] pensando en que se cumplir\u00eda el modelo de financiaci\u00f3n\u201d ha explicado Oliva a los consejeros y consejeras de la Olavide. Este modelo contempla una <strong>cl\u00e1usula de salvaguarda y una partida de nivelaci\u00f3n<\/strong> \u2014esta \u00faltima de dos a\u00f1os, cuyo segundo ejercicio corresponde al actual\u2014 que en conjunto suman <strong>25 millones de euros pendientes de recibir por las universidades<\/strong>. En caso de que no se transfiera este importe antes de final de a\u00f1o estar\u00edamos ante el incumplimiento de \u201cun decreto aprobado por el Consejo de Gobierno de la Junta de Andaluc\u00eda\u201d. Francisco Oliva ha calificado de falso que los campus est\u00e9n en super\u00e1vit. \u201cSi no se cumple el modelo las universidades entraremos en d\u00e9ficit\u201d, ha subrayado.<\/p>\n<p>Respecto a los <a href=\"https:\/\/www.upo.es\/diario\/institucional\/2024\/06\/comunicado-de-aupa-ccoo-csif-y-ugt-sobre-el-acuerdo-de-la-mesa-general-de-universidades\/\">acuerdos de junio<\/a>, firmados por la Consejer\u00eda de Universidad, Investigaci\u00f3n e Innovaci\u00f3n con las centrales sindicales y las universidades p\u00fablicas, Oliva ha especificado que en ellos se reconoc\u00edan las bases para el desarrollo de los <strong>complementos auton\u00f3micos del PDI y la carrera horizontal del PTGAS,<\/strong> no contemplados en las partidas presupuestarias de 2024, como se recoge en el compromiso firmado en el marco de la Mesa General de Universidades.<\/p>\n<p>A continuaci\u00f3n, el rector se ha referido al <strong>Proyecto de Ley de Presupuesto para Andaluc\u00eda de 2025<\/strong>. Oliva <a href=\"https:\/\/www.upo.es\/diario\/institucional\/2024\/11\/francisco-oliva-advierte-en-el-parlamento-andaluz-de-un-incumplimiento-flagrante-del-modelo-de-financiacion-universitaria\/\">compareci\u00f3 en el Parlamento andaluz<\/a> y aport\u00f3 todo tipo de datos sobre c\u00f3mo, de aprobarse en su formulaci\u00f3n actual, el presupuesto contemplado \u00a0contravendr\u00eda nuevamente la <a href=\"https:\/\/www.juntadeandalucia.es\/boja\/2023\/183\/4\">financiaci\u00f3n universitaria aprobada por la Junta<\/a>. <strong>Para el conjunto de universidades faltan 87 millones de euros<\/strong>.<\/p>\n<p>El rector ha resaltado la paradoja de que con \u201cel presupuesto m\u00e1s expansivo de la historia de Andaluc\u00eda, con un crecimiento medio del 4,4%, el de las universidades sea del 2,3%\u201d. Oliva ha explicado que los compromisos del cap\u00edtulo I de las cuentas universitarias \u2014correspondiente a gastos de personal\u2014 no provienen de decisiones de los campus, sino que son \u201cleyes y sentencias judiciales sobre derechos que estamos obligados a acatar\u201d. En este sentido, ha alertado que<strong> se pone en riesgo la estabilidad del personal de las universidades para el pr\u00f3ximo a\u00f1o<\/strong>. \u201cSi no se rectifica entraremos en d\u00e9ficit y en una situaci\u00f3n de asfixia de las universidades p\u00fablicas\u201d, ha concluido.<\/p>\n","protected":false},"excerpt":{"rendered":"<p>En su informe de esta ma\u00f1ana ante el Consejo de Gobierno de la Universidad, el rector de la Pablo de Olavide ha manifestado su preocupaci\u00f3n sobre c\u00f3mo se est\u00e1n desarrollando las relaciones actuales con la Junta de Andaluc\u00eda en relaci\u00f3n con la aprobaci\u00f3n de los Presupuestos de la comunidad para 2025. Esto se suma a la situaci\u00f3n creada por incumplimiento, a d\u00eda de hoy, de los acuerdos firmados con la Consejer\u00eda en junio de este a\u00f1o, junto a las transferencias pendientes para cerrar el ejercicio actual.<\/p>\n","protected":false},"author":6,"featured_media":30884441,"comment_status":"closed","ping_status":"open","sticky":false,"template":"","format":"standard","meta":{"_monsterinsights_skip_tracking":false,"_monsterinsights_sitenote_active":false,"_monsterinsights_sitenote_note":"","_monsterinsights_sitenote_category":0,"footnotes":""},"categories":[6],"tags":[2842,874,203,7415,113,199,8572,2514],"class_list":["post-30884438","post","type-post","status-publish","format-standard","has-post-thumbnail","hentry","category-institucional","tag-aupa","tag-financiacion","tag-junta-de-andalucia","tag-modelo-de-financiacion","tag-presupuesto","tag-profesorado","tag-ptgas","tag-universidades-publicas"],"_links":{"self":[{"href":"https:\/\/www.upo.es\/diario\/wp-json\/wp\/v2\/posts\/30884438","targetHints":{"allow":["GET"]}}],"collection":[{"href":"https:\/\/www.upo.es\/diario\/wp-json\/wp\/v2\/posts"}],"about":[{"href":"https:\/\/www.upo.es\/diario\/wp-json\/wp\/v2\/types\/post"}],"author":[{"embeddable":true,"href":"https:\/\/www.upo.es\/diario\/wp-json\/wp\/v2\/users\/6"}],"replies":[{"embeddable":true,"href":"https:\/\/www.upo.es\/diario\/wp-json\/wp\/v2\/comments?post=30884438"}],"version-history":[{"count":2,"href":"https:\/\/www.upo.es\/diario\/wp-json\/wp\/v2\/posts\/30884438\/revisions"}],"predecessor-version":[{"id":30884440,"href":"https:\/\/www.upo.es\/diario\/wp-json\/wp\/v2\/posts\/30884438\/revisions\/30884440"}],"wp:featuredmedia":[{"embeddable":true,"href":"https:\/\/www.upo.es\/diario\/wp-json\/wp\/v2\/media\/30884441"}],"wp:attachment":[{"href":"https:\/\/www.upo.es\/diario\/wp-json\/wp\/v2\/media?parent=30884438"}],"wp:term":[{"taxonomy":"category","embeddable":true,"href":"https:\/\/www.upo.es\/diario\/wp-json\/wp\/v2\/categories?post=30884438"},{"taxonomy":"post_tag","embeddable":true,"href":"https:\/\/www.upo.es\/diario\/wp-json\/wp\/v2\/tags?post=30884438"}],"curies":[{"name":"wp","href":"https:\/\/api.w.org\/{rel}","templated":true}]}}