{"id":30884448,"date":"2024-12-02T14:41:18","date_gmt":"2024-12-02T13:41:18","guid":{"rendered":"https:\/\/www.upo.es\/diario\/?p=30884448"},"modified":"2024-12-05T12:53:40","modified_gmt":"2024-12-05T11:53:40","slug":"universidad-pablo-olavide-galardonada-compromiso-patrimonio-cultural-antequera","status":"publish","type":"post","link":"https:\/\/www.upo.es\/diario\/comunidad\/2024\/12\/universidad-pablo-olavide-galardonada-compromiso-patrimonio-cultural-antequera\/","title":{"rendered":"La Universidad Pablo de Olavide, galardonada por su compromiso con el patrimonio cultural en Antequera"},"content":{"rendered":"<figure id=\"attachment_30884449\" aria-describedby=\"caption-attachment-30884449\" style=\"width: 750px\" class=\"wp-caption aligncenter\"><a href=\"https:\/\/www.upo.es\/diario\/wp-content\/uploads\/2024\/12\/reconocimiento_pilar_ortiz01-scaled.jpeg\"><img loading=\"lazy\" decoding=\"async\" class=\"size-large wp-image-30884449\" src=\"https:\/\/www.upo.es\/diario\/wp-content\/uploads\/2024\/12\/reconocimiento_pilar_ortiz01-750x492.jpeg\" alt=\"\" width=\"750\" height=\"492\" srcset=\"https:\/\/www.upo.es\/diario\/wp-content\/uploads\/2024\/12\/reconocimiento_pilar_ortiz01-750x492.jpeg 750w, https:\/\/www.upo.es\/diario\/wp-content\/uploads\/2024\/12\/reconocimiento_pilar_ortiz01-420x275.jpeg 420w, https:\/\/www.upo.es\/diario\/wp-content\/uploads\/2024\/12\/reconocimiento_pilar_ortiz01-768x504.jpeg 768w, https:\/\/www.upo.es\/diario\/wp-content\/uploads\/2024\/12\/reconocimiento_pilar_ortiz01-1536x1007.jpeg 1536w, https:\/\/www.upo.es\/diario\/wp-content\/uploads\/2024\/12\/reconocimiento_pilar_ortiz01-2048x1343.jpeg 2048w, https:\/\/www.upo.es\/diario\/wp-content\/uploads\/2024\/12\/reconocimiento_pilar_ortiz01-380x250.jpeg 380w, https:\/\/www.upo.es\/diario\/wp-content\/uploads\/2024\/12\/reconocimiento_pilar_ortiz01-760x500.jpeg 760w, https:\/\/www.upo.es\/diario\/wp-content\/uploads\/2024\/12\/reconocimiento_pilar_ortiz01-165x109.jpeg 165w, https:\/\/www.upo.es\/diario\/wp-content\/uploads\/2024\/12\/reconocimiento_pilar_ortiz01-1320x865.jpeg 1320w\" sizes=\"auto, (max-width: 750px) 100vw, 750px\" \/><\/a><figcaption id=\"caption-attachment-30884449\" class=\"wp-caption-text\">De izquierda a derecha, Antonio Garc\u00eda Mendoza, teniente de alcalde del Ayuntamiento de Antequera; la profesora Pilar Ortiz Calder\u00f3n y el alcalde del Ayuntamiento de Antequera Manuel Jes\u00fas Bar\u00f3n R\u00edos.<\/figcaption><\/figure>\n<p>El Ayuntamiento de Antequera ha reconocido la labor de la Universidad Pablo de Olavide por su investigaci\u00f3n y colaboraci\u00f3n en los diferentes simulacros de protecci\u00f3n del patrimonio cultural en los que ha participado en los \u00faltimos a\u00f1os.<\/p>\n<figure id=\"attachment_30884450\" aria-describedby=\"caption-attachment-30884450\" style=\"width: 420px\" class=\"wp-caption alignright\"><a href=\"https:\/\/www.upo.es\/diario\/wp-content\/uploads\/2024\/12\/reconocimiento_pilar_ortiz02-scaled.jpeg\"><img loading=\"lazy\" decoding=\"async\" class=\"size-medium wp-image-30884450\" src=\"https:\/\/www.upo.es\/diario\/wp-content\/uploads\/2024\/12\/reconocimiento_pilar_ortiz02-420x248.jpeg\" alt=\"\" width=\"420\" height=\"248\" srcset=\"https:\/\/www.upo.es\/diario\/wp-content\/uploads\/2024\/12\/reconocimiento_pilar_ortiz02-420x248.jpeg 420w, https:\/\/www.upo.es\/diario\/wp-content\/uploads\/2024\/12\/reconocimiento_pilar_ortiz02-750x443.jpeg 750w, https:\/\/www.upo.es\/diario\/wp-content\/uploads\/2024\/12\/reconocimiento_pilar_ortiz02-768x453.jpeg 768w, https:\/\/www.upo.es\/diario\/wp-content\/uploads\/2024\/12\/reconocimiento_pilar_ortiz02-1536x906.jpeg 1536w, https:\/\/www.upo.es\/diario\/wp-content\/uploads\/2024\/12\/reconocimiento_pilar_ortiz02-2048x1208.jpeg 2048w, https:\/\/www.upo.es\/diario\/wp-content\/uploads\/2024\/12\/reconocimiento_pilar_ortiz02-1320x779.jpeg 1320w\" sizes=\"auto, (max-width: 420px) 100vw, 420px\" \/><\/a><figcaption id=\"caption-attachment-30884450\" class=\"wp-caption-text\">Foto de familia de los condecorados.<\/figcaption><\/figure>\n<p>Una labor liderada por la catedr\u00e1tica del \u00c1rea de Cristalograf\u00eda y Mineralog\u00eda de la UPO <strong>Pilar Ortiz Calder\u00f3n<\/strong>, quien ha recogido esta menci\u00f3n de agradecimiento de manos del alcalde de Antequera, Manuel J. Bar\u00f3n R\u00edos, en el marco de la festividad del patr\u00f3n de Protecci\u00f3n Civil, San Francisco Javier.<\/p>\n<p>El pasado a\u00f1o, la Universidad Pablo de Olavide particip\u00f3 en un <a href=\"https:\/\/www.upo.es\/diario\/ciencia\/2023\/11\/la-upo-participa-en-un-simulacro-multiple-de-terremoto-e-incendio-en-el-real-monasterio-de-san-zoilo-de-antequera\/\">simulacro de terremoto e incendio en el Real Monasterio de San Zoilo<\/a>, con ejercicios tanto en la Iglesia de San Francisco como en la Biblioteca P\u00fablica Municipal, en los que fue necesario el rescate de personas y de obras de arte, mientras que el escenario del <a href=\"https:\/\/www.upo.es\/diario\/ciencia\/2022\/11\/un-simulacro-de-emergencias-en-antequera-para-un-proyecto-que-dirige-la-upo-sobre-patrimonio-cultural\/\">simulacro de emergencias de noviembre del a\u00f1o 2022<\/a> fue el Museo de la Ciudad y en el Archivo Municipal.<\/p>\n<p>La profesora Pilar Ortiz, investigadora principal del <a href=\"https:\/\/www.upo.es\/otri\/oferta-cientifico-tecnologica\/grupos-de-investigacion\/PATRIMONIO-MEDIOAMBIENTE-Y-TECNOLOGIA-TEP-199\/\">grupo Patrimonio, Medioambiente y Tecnolog\u00eda<\/a>, \u00a0dirige varios proyectos de I+D+i sobre inteligencia artificial y nuevas tecnolog\u00edas aplicadas a la prevenci\u00f3n de incendios y desastres naturales en el patrimonio cultural.<\/p>\n","protected":false},"excerpt":{"rendered":"<p>El Ayuntamiento de Antequera ha reconocido la labor de la Universidad Pablo de Olavide por su investigaci\u00f3n y colaboraci\u00f3n en los diferentes simulacros de protecci\u00f3n del patrimonio cultural en los que ha participado en los \u00faltimos a\u00f1os.<\/p>\n","protected":false},"author":2,"featured_media":30884449,"comment_status":"closed","ping_status":"open","sticky":false,"template":"","format":"standard","meta":{"_monsterinsights_skip_tracking":false,"_monsterinsights_sitenote_active":false,"_monsterinsights_sitenote_note":"","_monsterinsights_sitenote_category":0,"footnotes":""},"categories":[5842],"tags":[8094,2130,1092,129,1603,58,684,8657],"class_list":["post-30884448","post","type-post","status-publish","format-standard","has-post-thumbnail","hentry","category-comunidad","tag-antequera","tag-departamento-de-sistemas-fisicos","tag-emergencias","tag-patrimonio","tag-pilar-ortiz","tag-premio","tag-reconocimiento","tag-simulacro"],"_links":{"self":[{"href":"https:\/\/www.upo.es\/diario\/wp-json\/wp\/v2\/posts\/30884448","targetHints":{"allow":["GET"]}}],"collection":[{"href":"https:\/\/www.upo.es\/diario\/wp-json\/wp\/v2\/posts"}],"about":[{"href":"https:\/\/www.upo.es\/diario\/wp-json\/wp\/v2\/types\/post"}],"author":[{"embeddable":true,"href":"https:\/\/www.upo.es\/diario\/wp-json\/wp\/v2\/users\/2"}],"replies":[{"embeddable":true,"href":"https:\/\/www.upo.es\/diario\/wp-json\/wp\/v2\/comments?post=30884448"}],"version-history":[{"count":1,"href":"https:\/\/www.upo.es\/diario\/wp-json\/wp\/v2\/posts\/30884448\/revisions"}],"predecessor-version":[{"id":30884451,"href":"https:\/\/www.upo.es\/diario\/wp-json\/wp\/v2\/posts\/30884448\/revisions\/30884451"}],"wp:featuredmedia":[{"embeddable":true,"href":"https:\/\/www.upo.es\/diario\/wp-json\/wp\/v2\/media\/30884449"}],"wp:attachment":[{"href":"https:\/\/www.upo.es\/diario\/wp-json\/wp\/v2\/media?parent=30884448"}],"wp:term":[{"taxonomy":"category","embeddable":true,"href":"https:\/\/www.upo.es\/diario\/wp-json\/wp\/v2\/categories?post=30884448"},{"taxonomy":"post_tag","embeddable":true,"href":"https:\/\/www.upo.es\/diario\/wp-json\/wp\/v2\/tags?post=30884448"}],"curies":[{"name":"wp","href":"https:\/\/api.w.org\/{rel}","templated":true}]}}