{"id":30884459,"date":"2024-12-03T15:20:49","date_gmt":"2024-12-03T14:20:49","guid":{"rendered":"https:\/\/www.upo.es\/diario\/?p=30884459"},"modified":"2024-12-10T14:06:31","modified_gmt":"2024-12-10T13:06:31","slug":"una-mesa-redonda-trata-en-la-upo-el-potencial-del-deporte-para-la-inclusion-de-las-personas-con-discapacidad","status":"publish","type":"post","link":"https:\/\/www.upo.es\/diario\/cultura-social\/2024\/12\/una-mesa-redonda-trata-en-la-upo-el-potencial-del-deporte-para-la-inclusion-de-las-personas-con-discapacidad\/","title":{"rendered":"Una mesa redonda trata en la UPO el potencial del deporte para la inclusi\u00f3n de las personas con discapacidad"},"content":{"rendered":"<figure id=\"attachment_30884461\" aria-describedby=\"caption-attachment-30884461\" style=\"width: 750px\" class=\"wp-caption aligncenter\"><a href=\"https:\/\/www.upo.es\/diario\/wp-content\/uploads\/2024\/12\/MR-Discapacidad-7-scaled.jpg\"><img loading=\"lazy\" decoding=\"async\" class=\"size-large wp-image-30884461\" src=\"https:\/\/www.upo.es\/diario\/wp-content\/uploads\/2024\/12\/MR-Discapacidad-7-750x422.jpg\" alt=\"Exhibici\u00f3n de Sitting Volley en el campus\" width=\"750\" height=\"422\" srcset=\"https:\/\/www.upo.es\/diario\/wp-content\/uploads\/2024\/12\/MR-Discapacidad-7-750x422.jpg 750w, https:\/\/www.upo.es\/diario\/wp-content\/uploads\/2024\/12\/MR-Discapacidad-7-420x236.jpg 420w, https:\/\/www.upo.es\/diario\/wp-content\/uploads\/2024\/12\/MR-Discapacidad-7-768x432.jpg 768w, https:\/\/www.upo.es\/diario\/wp-content\/uploads\/2024\/12\/MR-Discapacidad-7-1536x864.jpg 1536w, https:\/\/www.upo.es\/diario\/wp-content\/uploads\/2024\/12\/MR-Discapacidad-7-2048x1152.jpg 2048w, https:\/\/www.upo.es\/diario\/wp-content\/uploads\/2024\/12\/MR-Discapacidad-7-1320x742.jpg 1320w\" sizes=\"auto, (max-width: 750px) 100vw, 750px\" \/><\/a><figcaption id=\"caption-attachment-30884461\" class=\"wp-caption-text\">Exhibici\u00f3n de Sitting Volley en el campus<\/figcaption><\/figure>\n<p>En el <a href=\"https:\/\/www.un.org\/es\/observances\/day-of-persons-with-disabilities\">D\u00eda Internacional de las Personas con Discapacidad<\/a>, la <strong>Mesa Redonda \u2018Deporte, Discapacidad e Inclusi\u00f3n Social\u2019<\/strong> ha puesto hoy de manifiesto los beneficios que la pr\u00e1ctica deportiva tiene para la salud y la participaci\u00f3n social en igualdad de quienes tienen discapacidad.<\/p>\n<figure id=\"attachment_30884462\" aria-describedby=\"caption-attachment-30884462\" style=\"width: 420px\" class=\"wp-caption alignright\"><a href=\"https:\/\/www.upo.es\/diario\/wp-content\/uploads\/2024\/12\/MR-Discapacidad-1-scaled.jpg\"><img loading=\"lazy\" decoding=\"async\" class=\"size-medium wp-image-30884462\" src=\"https:\/\/www.upo.es\/diario\/wp-content\/uploads\/2024\/12\/MR-Discapacidad-1-420x236.jpg\" alt=\"Daniel L\u00f3pez, Carmen de la Cerda, Gabriel Garc\u00eda Ra\u00fal \u00c1lvarez\" width=\"420\" height=\"236\" srcset=\"https:\/\/www.upo.es\/diario\/wp-content\/uploads\/2024\/12\/MR-Discapacidad-1-420x236.jpg 420w, https:\/\/www.upo.es\/diario\/wp-content\/uploads\/2024\/12\/MR-Discapacidad-1-750x422.jpg 750w, https:\/\/www.upo.es\/diario\/wp-content\/uploads\/2024\/12\/MR-Discapacidad-1-768x432.jpg 768w, https:\/\/www.upo.es\/diario\/wp-content\/uploads\/2024\/12\/MR-Discapacidad-1-1536x864.jpg 1536w, https:\/\/www.upo.es\/diario\/wp-content\/uploads\/2024\/12\/MR-Discapacidad-1-2048x1152.jpg 2048w, https:\/\/www.upo.es\/diario\/wp-content\/uploads\/2024\/12\/MR-Discapacidad-1-1320x742.jpg 1320w\" sizes=\"auto, (max-width: 420px) 100vw, 420px\" \/><\/a><figcaption id=\"caption-attachment-30884462\" class=\"wp-caption-text\">Daniel L\u00f3pez, Carmen de la Cerda, Gabriel Garc\u00eda y Ra\u00fal \u00c1lvarez durante la mesa redonda<\/figcaption><\/figure>\n<p><strong>Antonio Fern\u00e1ndez<\/strong> y <strong>Laura G\u00f3mez<\/strong>, vicerrectores de Campus Saludable y Deporte y de Cultura y Pol\u00edticas Sociales de la Universidad Pablo de Olavide, han presentado esta ma\u00f1ana una mesa redonda que ha contado con la participaci\u00f3n de <strong>Daniel L\u00f3pez,<\/strong> presidente del Club Deportivo Sitting Volley Sevilla; <strong>M. Carmen de la Cerda<\/strong>, coordinadora de Proyectos Socioeducativos COCEMFE Sevilla; <strong>Gabriel Garc\u00eda<\/strong>, estudiante de la Universidad; y <strong>Ra\u00fal \u00c1lvarez<\/strong>, director general de Pol\u00edticas Sociales de la Olavide.<\/p>\n<p>\u201cNo cabe duda de que queda mucho por hacer, pero igualmente es cierto que con los recursos que tenemos podemos llegar m\u00e1s lejos en la igualdad y la inclusi\u00f3n\u201d, ha declarado Ra\u00fal \u00c1lvarez, que ha moderado la mesa redonda.<\/p>\n<p>El presidente de Sitting Volley Sevilla ha recordado que \u201cmuchas veces se obvia la salud mental que se genera a trav\u00e9s del Deporte\u201d. \u201cCon el deporte se consigue motivaci\u00f3n y socializaci\u00f3n, adem\u00e1s de normalizar la convivencia entre las personas que tienen discapacidad y las que no la tienen\u201d, ha subrayado Daniel L\u00f3pez.<\/p>\n<p>Carmen de la Cerda ha abundado en esta idea. \u201cEl deporte posibilita un cambio de mentalidad y de autoestima. Aprendemos nosotros, aprend\u00e9is vosotros, y se crea un entorno inclusivo\u201d.<\/p>\n<p>Por su parte, Gabriel Garc\u00eda, estudiante que ha contado con el apoyo del <a href=\"https:\/\/www.upo.es\/upsc\/diversidad-funcional\/\">Servicio de Atenci\u00f3n a la Discapacidad y Necesidades Espec\u00edficas de Apoyo Educativo (ADYNEA)<\/a> de la Universidad, ha incidido en la importancia de evitar estigmatizar a las personas con discapacidad. \u201cEstamos perdiendo talento por el miedo que tienen de acceder a la universidad. Necesitamos un poco de apoyo, ayuda en determinadas situaciones, pero en el d\u00eda a d\u00eda soy un estudiante m\u00e1s en el campus\u201d.<\/p>\n<p>Antonio Fern\u00e1ndez ha cerrado la mesa redonda, que ha terminado con una <strong>exhibici\u00f3n de <em>sitting volley<\/em> en la Plaza de Am\u00e9rica<\/strong>, anunciando que el campus de la Universidad Pablo de Olavide acoger\u00e1 en 2025, los d\u00edas 8 y 9 de abril, el Seminario Nacional de Deporte Inclusivo.<\/p>\n<p><a title=\"Mesa Redonda \u2018Deporte, Discapacidad e Inclusi\u00f3n Social\u2019\" href=\"https:\/\/www.flickr.com\/photos\/pablodeolavide\/albums\/72177720322327551\" data-flickr-embed=\"true\"><img loading=\"lazy\" decoding=\"async\" src=\"https:\/\/live.staticflickr.com\/65535\/54180926859_1274acf6d8_z.jpg\" alt=\"Mesa Redonda \u2018Deporte, Discapacidad e Inclusi\u00f3n Social\u2019\" width=\"640\" height=\"480\" \/><\/a><script async src=\"\/\/embedr.flickr.com\/assets\/client-code.js\" charset=\"utf-8\"><\/script><\/p>\n","protected":false},"excerpt":{"rendered":"<p>En el D\u00eda Internacional de las Personas con Discapacidad, la Mesa Redonda \u2018Deporte, Discapacidad e Inclusi\u00f3n Social\u2019 ha puesto hoy de manifiesto los beneficios que la pr\u00e1ctica deportiva tiene para la salud y la participaci\u00f3n social en igualdad de quienes tienen discapacidad.<\/p>\n","protected":false},"author":6,"featured_media":30884461,"comment_status":"closed","ping_status":"open","sticky":false,"template":"","format":"standard","meta":{"_monsterinsights_skip_tracking":false,"_monsterinsights_sitenote_active":false,"_monsterinsights_sitenote_note":"","_monsterinsights_sitenote_category":0,"footnotes":""},"categories":[5843],"tags":[8675,7428,541,4569,1210,2540],"class_list":["post-30884459","post","type-post","status-publish","format-standard","has-post-thumbnail","hentry","category-cultura-social","tag-adynea","tag-antonio-fernandez-martinez","tag-deporte","tag-dia-internacional-de-las-personas-con-discapacidad","tag-discapacidad","tag-inclusion-social"],"_links":{"self":[{"href":"https:\/\/www.upo.es\/diario\/wp-json\/wp\/v2\/posts\/30884459","targetHints":{"allow":["GET"]}}],"collection":[{"href":"https:\/\/www.upo.es\/diario\/wp-json\/wp\/v2\/posts"}],"about":[{"href":"https:\/\/www.upo.es\/diario\/wp-json\/wp\/v2\/types\/post"}],"author":[{"embeddable":true,"href":"https:\/\/www.upo.es\/diario\/wp-json\/wp\/v2\/users\/6"}],"replies":[{"embeddable":true,"href":"https:\/\/www.upo.es\/diario\/wp-json\/wp\/v2\/comments?post=30884459"}],"version-history":[{"count":3,"href":"https:\/\/www.upo.es\/diario\/wp-json\/wp\/v2\/posts\/30884459\/revisions"}],"predecessor-version":[{"id":30884464,"href":"https:\/\/www.upo.es\/diario\/wp-json\/wp\/v2\/posts\/30884459\/revisions\/30884464"}],"wp:featuredmedia":[{"embeddable":true,"href":"https:\/\/www.upo.es\/diario\/wp-json\/wp\/v2\/media\/30884461"}],"wp:attachment":[{"href":"https:\/\/www.upo.es\/diario\/wp-json\/wp\/v2\/media?parent=30884459"}],"wp:term":[{"taxonomy":"category","embeddable":true,"href":"https:\/\/www.upo.es\/diario\/wp-json\/wp\/v2\/categories?post=30884459"},{"taxonomy":"post_tag","embeddable":true,"href":"https:\/\/www.upo.es\/diario\/wp-json\/wp\/v2\/tags?post=30884459"}],"curies":[{"name":"wp","href":"https:\/\/api.w.org\/{rel}","templated":true}]}}