{"id":30884487,"date":"2024-12-10T14:05:49","date_gmt":"2024-12-10T13:05:49","guid":{"rendered":"https:\/\/www.upo.es\/diario\/?p=30884487"},"modified":"2024-12-18T17:57:22","modified_gmt":"2024-12-18T16:57:22","slug":"las-universidades-publicas-piden-la-implicacion-directa-del-presidente-de-la-junta","status":"publish","type":"post","link":"https:\/\/www.upo.es\/diario\/institucional\/2024\/12\/las-universidades-publicas-piden-la-implicacion-directa-del-presidente-de-la-junta\/","title":{"rendered":"Las universidades p\u00fablicas piden la implicaci\u00f3n directa del presidente de la Junta"},"content":{"rendered":"<p><iframe loading=\"lazy\" title=\"YouTube video player\" src=\"https:\/\/www.youtube.com\/embed\/Lfayd1vZ32Y?si=Y1k1TGgPOBj5ve32\" width=\"560\" height=\"315\" frameborder=\"0\" allowfullscreen=\"allowfullscreen\"><\/iframe><\/p>\n<p>En la ma\u00f1ana de este martes,<strong> los rectores y la rectora de las Universidades P\u00fablicas de Andaluc\u00eda han ofrecido una rueda de prensa en el Rectorado de la Universidad de Sevilla para alertar de la grave situaci\u00f3n financiera a la que se ven abocadas sus instituciones de persistir los incumplimientos de los compromisos contra\u00eddos por la Consejer\u00eda de Universidad, Investigaci\u00f3n e Innovaci\u00f3n, cifrados en 50 millones de euros<\/strong>.<\/p>\n<figure id=\"attachment_30884497\" aria-describedby=\"caption-attachment-30884497\" style=\"width: 277px\" class=\"wp-caption alignleft\"><a href=\"https:\/\/www.upo.es\/diario\/wp-content\/uploads\/2024\/12\/20241210_RdP_UUPPAA-1.jpg\"><img loading=\"lazy\" decoding=\"async\" class=\" wp-image-30884497\" src=\"https:\/\/www.upo.es\/diario\/wp-content\/uploads\/2024\/12\/20241210_RdP_UUPPAA-1-350x525.jpg\" alt=\"Francisco Oliva en la rueda de prensa\" width=\"277\" height=\"416\" srcset=\"https:\/\/www.upo.es\/diario\/wp-content\/uploads\/2024\/12\/20241210_RdP_UUPPAA-1-350x525.jpg 350w, https:\/\/www.upo.es\/diario\/wp-content\/uploads\/2024\/12\/20241210_RdP_UUPPAA-1-280x420.jpg 280w, https:\/\/www.upo.es\/diario\/wp-content\/uploads\/2024\/12\/20241210_RdP_UUPPAA-1-768x1152.jpg 768w, https:\/\/www.upo.es\/diario\/wp-content\/uploads\/2024\/12\/20241210_RdP_UUPPAA-1-1024x1536.jpg 1024w, https:\/\/www.upo.es\/diario\/wp-content\/uploads\/2024\/12\/20241210_RdP_UUPPAA-1-1365x2048.jpg 1365w, https:\/\/www.upo.es\/diario\/wp-content\/uploads\/2024\/12\/20241210_RdP_UUPPAA-1-1320x1980.jpg 1320w, https:\/\/www.upo.es\/diario\/wp-content\/uploads\/2024\/12\/20241210_RdP_UUPPAA-1-scaled.jpg 1707w\" sizes=\"auto, (max-width: 277px) 100vw, 277px\" \/><\/a><figcaption id=\"caption-attachment-30884497\" class=\"wp-caption-text\">Francisco Oliva en la rueda de prensa<\/figcaption><\/figure>\n<p>Debido a la urgencia de la situaci\u00f3n, <strong>las universidades han solicitado la implicaci\u00f3n personal del presidente de la Junta de Andaluc\u00eda, Juan Manuel Moreno<\/strong>, para \u201chacer cumplir el modelo de financiaci\u00f3n vigente y lo acordado entre la Consejer\u00eda de Universidad, Investigaci\u00f3n e Innovaci\u00f3n, las organizaciones sindicales y las Universidades p\u00fablicas. No pedimos nada m\u00e1s, y nada menos.\u201d<\/p>\n<p>Asimismo, el portavoz de las Universidades P\u00fablicas de Andaluc\u00eda, Francisco Oliva, ha afirmado que \u201cno vamos a aceptar un recorte unilateral de la financiaci\u00f3n estructural de las universidades, que podr\u00eda tener consecuencias muy negativas para nuestras cuentas, nuestras plantillas y nuestras pol\u00edticas de personal.\u201d<\/p>\n<p>En este sentido, <strong>Oliva ha calificado de \u201cinsuficiente\u201d la propuesta de soluci\u00f3n puntual aportada esta misma semana por la Consejer\u00eda, con una aportaci\u00f3n de 21 millones no consolidables<\/strong>. Esto se debe a que los dos conceptos que les adeuda la Junta pertenecen a partidas consolidables, es decir recurrentes a\u00f1o tras a\u00f1o, y \u201cno se pueden atender con una financiaci\u00f3n que tiene como fecha de caducidad el 31 de diciembre de 2024\u201d.<\/p>\n<p>Adem\u00e1s, a preguntas de los medios, el portavoz de las UUPPAA ha advertido de que<strong> \u201csi no se cumplen los acuerdos firmados, estudiaremos todas las v\u00edas legales que nos brinda el Estado de Derecho\u201d<\/strong>.<\/p>\n<p>Por \u00faltimo, Oliva ha explicado que la situaci\u00f3n para 2025 es de mayor gravedad si cabe, ya que \u201cen los presupuestos de la Junta de Andaluc\u00eda faltan todav\u00eda 87 millones de euros para dar cumplimiento al modelo de financiaci\u00f3n.\u201d<\/p>\n<figure id=\"attachment_30884496\" aria-describedby=\"caption-attachment-30884496\" style=\"width: 750px\" class=\"wp-caption aligncenter\"><a href=\"https:\/\/www.upo.es\/diario\/wp-content\/uploads\/2024\/12\/RDP_UUPPAA_20241210_2.jpeg\"><img loading=\"lazy\" decoding=\"async\" class=\"wp-image-30884496 size-large\" title=\"Universidades P\u00fablicas de Andaluc\u00eda\" src=\"https:\/\/www.upo.es\/diario\/wp-content\/uploads\/2024\/12\/RDP_UUPPAA_20241210_2-750x500.jpeg\" alt=\"Los rectores de las universidades p\u00fablicas en la rueda de prensa de esta ma\u00f1ana\" width=\"750\" height=\"500\" srcset=\"https:\/\/www.upo.es\/diario\/wp-content\/uploads\/2024\/12\/RDP_UUPPAA_20241210_2-750x500.jpeg 750w, https:\/\/www.upo.es\/diario\/wp-content\/uploads\/2024\/12\/RDP_UUPPAA_20241210_2-420x280.jpeg 420w, https:\/\/www.upo.es\/diario\/wp-content\/uploads\/2024\/12\/RDP_UUPPAA_20241210_2-768x512.jpeg 768w, https:\/\/www.upo.es\/diario\/wp-content\/uploads\/2024\/12\/RDP_UUPPAA_20241210_2-1536x1023.jpeg 1536w, https:\/\/www.upo.es\/diario\/wp-content\/uploads\/2024\/12\/RDP_UUPPAA_20241210_2-165x109.jpeg 165w, https:\/\/www.upo.es\/diario\/wp-content\/uploads\/2024\/12\/RDP_UUPPAA_20241210_2-1320x879.jpeg 1320w, https:\/\/www.upo.es\/diario\/wp-content\/uploads\/2024\/12\/RDP_UUPPAA_20241210_2.jpeg 1600w\" sizes=\"auto, (max-width: 750px) 100vw, 750px\" \/><\/a><figcaption id=\"caption-attachment-30884496\" class=\"wp-caption-text\">Los rectores de las universidades p\u00fablicas en la rueda de prensa de esta ma\u00f1ana<\/figcaption><\/figure>\n","protected":false},"excerpt":{"rendered":"<p>Las instituciones acad\u00e9micas han denunciado que de persistir los incumplimientos se tratar\u00eda de un recorte unilateral de la financiaci\u00f3n estructural de las universidades.<\/p>\n","protected":false},"author":6,"featured_media":30884496,"comment_status":"closed","ping_status":"open","sticky":false,"template":"","format":"standard","meta":{"_monsterinsights_skip_tracking":false,"_monsterinsights_sitenote_active":false,"_monsterinsights_sitenote_note":"","_monsterinsights_sitenote_category":0,"footnotes":""},"categories":[6],"tags":[190,2842,4021,7415,8621,113,3344,2514],"class_list":["post-30884487","post","type-post","status-publish","format-standard","has-post-thumbnail","hentry","category-institucional","tag-andalucia","tag-aupa","tag-francisco-oliva-blazquez","tag-modelo-de-financiacion","tag-portada","tag-presupuesto","tag-rueda-de-prensa","tag-universidades-publicas"],"_links":{"self":[{"href":"https:\/\/www.upo.es\/diario\/wp-json\/wp\/v2\/posts\/30884487","targetHints":{"allow":["GET"]}}],"collection":[{"href":"https:\/\/www.upo.es\/diario\/wp-json\/wp\/v2\/posts"}],"about":[{"href":"https:\/\/www.upo.es\/diario\/wp-json\/wp\/v2\/types\/post"}],"author":[{"embeddable":true,"href":"https:\/\/www.upo.es\/diario\/wp-json\/wp\/v2\/users\/6"}],"replies":[{"embeddable":true,"href":"https:\/\/www.upo.es\/diario\/wp-json\/wp\/v2\/comments?post=30884487"}],"version-history":[{"count":6,"href":"https:\/\/www.upo.es\/diario\/wp-json\/wp\/v2\/posts\/30884487\/revisions"}],"predecessor-version":[{"id":30884525,"href":"https:\/\/www.upo.es\/diario\/wp-json\/wp\/v2\/posts\/30884487\/revisions\/30884525"}],"wp:featuredmedia":[{"embeddable":true,"href":"https:\/\/www.upo.es\/diario\/wp-json\/wp\/v2\/media\/30884496"}],"wp:attachment":[{"href":"https:\/\/www.upo.es\/diario\/wp-json\/wp\/v2\/media?parent=30884487"}],"wp:term":[{"taxonomy":"category","embeddable":true,"href":"https:\/\/www.upo.es\/diario\/wp-json\/wp\/v2\/categories?post=30884487"},{"taxonomy":"post_tag","embeddable":true,"href":"https:\/\/www.upo.es\/diario\/wp-json\/wp\/v2\/tags?post=30884487"}],"curies":[{"name":"wp","href":"https:\/\/api.w.org\/{rel}","templated":true}]}}