{"id":30884588,"date":"2024-12-16T19:29:32","date_gmt":"2024-12-16T18:29:32","guid":{"rendered":"https:\/\/www.upo.es\/diario\/?p=30884588"},"modified":"2025-01-21T18:18:10","modified_gmt":"2025-01-21T17:18:10","slug":"investigadoras-de-la-upo-colaboran-en-la-recuperacion-de-libros-y-documentos-danados-por-la-dana","status":"publish","type":"post","link":"https:\/\/www.upo.es\/diario\/docencia-formacion\/2024\/12\/investigadoras-de-la-upo-colaboran-en-la-recuperacion-de-libros-y-documentos-danados-por-la-dana\/","title":{"rendered":"Investigadoras de la UPO colaboran en la recuperaci\u00f3n de libros y documentos da\u00f1ados por la DANA"},"content":{"rendered":"<figure id=\"attachment_30884589\" aria-describedby=\"caption-attachment-30884589\" style=\"width: 750px\" class=\"wp-caption aligncenter\"><a href=\"https:\/\/www.upo.es\/diario\/wp-content\/uploads\/2024\/12\/DANA-Fenix-documentos-2-FENIX.jpg\"><img loading=\"lazy\" decoding=\"async\" class=\"size-large wp-image-30884589\" src=\"https:\/\/www.upo.es\/diario\/wp-content\/uploads\/2024\/12\/DANA-Fenix-documentos-2-FENIX-750x496.jpg\" alt=\"Los documentos afectados por la DANA en la Feria de Valencia\" width=\"750\" height=\"496\" srcset=\"https:\/\/www.upo.es\/diario\/wp-content\/uploads\/2024\/12\/DANA-Fenix-documentos-2-FENIX-750x496.jpg 750w, https:\/\/www.upo.es\/diario\/wp-content\/uploads\/2024\/12\/DANA-Fenix-documentos-2-FENIX-420x278.jpg 420w, https:\/\/www.upo.es\/diario\/wp-content\/uploads\/2024\/12\/DANA-Fenix-documentos-2-FENIX-768x508.jpg 768w, https:\/\/www.upo.es\/diario\/wp-content\/uploads\/2024\/12\/DANA-Fenix-documentos-2-FENIX-380x250.jpg 380w, https:\/\/www.upo.es\/diario\/wp-content\/uploads\/2024\/12\/DANA-Fenix-documentos-2-FENIX-165x109.jpg 165w, https:\/\/www.upo.es\/diario\/wp-content\/uploads\/2024\/12\/DANA-Fenix-documentos-2-FENIX-1320x873.jpg 1320w, https:\/\/www.upo.es\/diario\/wp-content\/uploads\/2024\/12\/DANA-Fenix-documentos-2-FENIX.jpg 1435w\" sizes=\"auto, (max-width: 750px) 100vw, 750px\" \/><\/a><figcaption id=\"caption-attachment-30884589\" class=\"wp-caption-text\">Los documentos afectados por la DANA en la Feria de Valencia<\/figcaption><\/figure>\n<p>Pilar Ortiz, catedr\u00e1tica de la Universidad Pablo de Olavide e investigadora principal de FENIX 4.0, ha estado colaborando en la recuperaci\u00f3n de documentos que resultaron da\u00f1ados a causa de la DANA del 29 de octubre.<\/p>\n<p>Los documentos fueron recogidos en los archivos por el ej\u00e9rcito de tierra y trasladados a la Feria de Valencia, donde se ha acomodado el ala oeste para el trabajo de campa\u00f1a de secado, con un flujo de trabajo desarrollado por el IVCR+i y el Ministerio de Cultura. Concretamente, <strong>la profesora Pilar Ortiz ha trabajado en el rescate de los planos del archivo arrocero, una colecci\u00f3n que recoge todas las parcelas donde se cultivaba arroz en la mitad del siglo pasado, mientras que la doctora M\u00f3nica Moreno ha colaborado en el secado de libros propios del archivo y de documentos de Aldaia<\/strong>.<\/p>\n<p><a href=\"https:\/\/www.upo.es\/diario\/wp-content\/uploads\/2024\/12\/DANA-Fenix-documentos-FENIX.jpg\"><img loading=\"lazy\" decoding=\"async\" class=\"alignright size-medium wp-image-30884590\" src=\"https:\/\/www.upo.es\/diario\/wp-content\/uploads\/2024\/12\/DANA-Fenix-documentos-FENIX-316x420.jpg\" alt=\"\" width=\"316\" height=\"420\" srcset=\"https:\/\/www.upo.es\/diario\/wp-content\/uploads\/2024\/12\/DANA-Fenix-documentos-FENIX-316x420.jpg 316w, https:\/\/www.upo.es\/diario\/wp-content\/uploads\/2024\/12\/DANA-Fenix-documentos-FENIX-395x525.jpg 395w, https:\/\/www.upo.es\/diario\/wp-content\/uploads\/2024\/12\/DANA-Fenix-documentos-FENIX-768x1020.jpg 768w, https:\/\/www.upo.es\/diario\/wp-content\/uploads\/2024\/12\/DANA-Fenix-documentos-FENIX-1157x1536.jpg 1157w, https:\/\/www.upo.es\/diario\/wp-content\/uploads\/2024\/12\/DANA-Fenix-documentos-FENIX.jpg 1160w\" sizes=\"auto, (max-width: 316px) 100vw, 316px\" \/><\/a>Para la recuperaci\u00f3n de los documentos da\u00f1ados por el agua, al haber estado completamente sumergidos, se procede al secado mediante la colocaci\u00f3n de secantes, ventilaci\u00f3n por oreo, posteriormente aspiraci\u00f3n, vac\u00edo y nuevamente aspiraci\u00f3n. Es un proceso de recuperaci\u00f3n de emergencia dadas las dimensiones de la cat\u00e1strofe.<\/p>\n<p>En esta actuaci\u00f3n est\u00e1n participado t\u00e9cnicos especialistas del <strong>IVCR+i<\/strong>, <strong>Ministerio de Cultura<\/strong>, voluntarios de la <strong>Asociaci\u00f3n Valenciana de Archiveros<\/strong> e investigadoras del proyecto <strong>FENIX 4.0<\/strong>.<\/p>\n<p>El proyecto <a href=\"https:\/\/www.upo.es\/investiga\/art-risk\/proyecto-fenix-40\/\">\u2018An\u00e1lisis de viabilidad y pruebas <em>end-user<\/em> de APPs de prevenci\u00f3n y gesti\u00f3n de incendios o desastres naturales para conservaci\u00f3n de Patrimonio Cultural mueble e inmueble\u2019 (FENIX 4.0)<\/a> tiene como objetivo la transferencia del conocimiento y de las tecnolog\u00edas aplicadas desarrolladas para la gesti\u00f3n de riesgos y emergencias que afecten a la conservaci\u00f3n e integridad del patrimonio hist\u00f3rico y cultural. Estas herramientas son ART-RISK 1 Terra, ART-RISK 3 Iglesias, ART-RISK 4 Salvaguarda y Mission Track, y ART-RISK 5 Atlas; todas ellas disponibles para que las administraciones regionales y locales, as\u00ed como propietarios de patrimonio cultural, dispongan de metodolog\u00edas para la toma de decisiones basadas en estrategias de conservaci\u00f3n preventiva y en buenas pr\u00e1cticas de gesti\u00f3n en la respuesta ante emergencias. FENIX 4.0 es un proyecto de las universidades Pablo de Olavide, Valencia y Sevilla, junto al Institut Valenci\u00e0 de Conservaci\u00f3, Restauraci\u00f3 i Investigaci\u00f3n y al Instituto Andaluz de Patrimonio Hist\u00f3rico.<\/p>\n<figure id=\"attachment_30884591\" aria-describedby=\"caption-attachment-30884591\" style=\"width: 750px\" class=\"wp-caption aligncenter\"><a href=\"https:\/\/www.upo.es\/diario\/wp-content\/uploads\/2024\/12\/DANA-Fenix-documentos-Pilar-FENIX.jpg\"><img loading=\"lazy\" decoding=\"async\" class=\"size-large wp-image-30884591\" src=\"https:\/\/www.upo.es\/diario\/wp-content\/uploads\/2024\/12\/DANA-Fenix-documentos-Pilar-FENIX-750x494.jpg\" alt=\"Pilar Ortiz durante los trabajos de recuperaci\u00f3n de los documentos\" width=\"750\" height=\"494\" srcset=\"https:\/\/www.upo.es\/diario\/wp-content\/uploads\/2024\/12\/DANA-Fenix-documentos-Pilar-FENIX-750x494.jpg 750w, https:\/\/www.upo.es\/diario\/wp-content\/uploads\/2024\/12\/DANA-Fenix-documentos-Pilar-FENIX-420x277.jpg 420w, https:\/\/www.upo.es\/diario\/wp-content\/uploads\/2024\/12\/DANA-Fenix-documentos-Pilar-FENIX-768x506.jpg 768w, https:\/\/www.upo.es\/diario\/wp-content\/uploads\/2024\/12\/DANA-Fenix-documentos-Pilar-FENIX-380x250.jpg 380w, https:\/\/www.upo.es\/diario\/wp-content\/uploads\/2024\/12\/DANA-Fenix-documentos-Pilar-FENIX-760x500.jpg 760w, https:\/\/www.upo.es\/diario\/wp-content\/uploads\/2024\/12\/DANA-Fenix-documentos-Pilar-FENIX-165x109.jpg 165w, https:\/\/www.upo.es\/diario\/wp-content\/uploads\/2024\/12\/DANA-Fenix-documentos-Pilar-FENIX.jpg 1156w\" sizes=\"auto, (max-width: 750px) 100vw, 750px\" \/><\/a><figcaption id=\"caption-attachment-30884591\" class=\"wp-caption-text\">Pilar Ortiz durante los trabajos de recuperaci\u00f3n de los documentos<\/figcaption><\/figure>\n","protected":false},"excerpt":{"rendered":"<p>Miembros del proyecto FENIX 4.0 participan en la restauraci\u00f3n del patrimonio documental afectado por las inundaciones, que lleva a cabo el Institut Valenci\u00e0 de Conservaci\u00f3, Restauraci\u00f3 i Investigaci\u00f3 (IVCR+i).<\/p>\n","protected":false},"author":6,"featured_media":30884589,"comment_status":"closed","ping_status":"open","sticky":false,"template":"","format":"standard","meta":{"_monsterinsights_skip_tracking":false,"_monsterinsights_sitenote_active":false,"_monsterinsights_sitenote_note":"","_monsterinsights_sitenote_category":0,"footnotes":""},"categories":[2779],"tags":[6312,9010,1176,1161,8952,8983],"class_list":["post-30884588","post","type-post","status-publish","format-standard","has-post-thumbnail","hentry","category-docencia-formacion","tag-art-risk","tag-dana","tag-gestion-del-patrimonio","tag-patrimonio-cultural","tag-pilar-ortiz-calderon","tag-valencia"],"_links":{"self":[{"href":"https:\/\/www.upo.es\/diario\/wp-json\/wp\/v2\/posts\/30884588","targetHints":{"allow":["GET"]}}],"collection":[{"href":"https:\/\/www.upo.es\/diario\/wp-json\/wp\/v2\/posts"}],"about":[{"href":"https:\/\/www.upo.es\/diario\/wp-json\/wp\/v2\/types\/post"}],"author":[{"embeddable":true,"href":"https:\/\/www.upo.es\/diario\/wp-json\/wp\/v2\/users\/6"}],"replies":[{"embeddable":true,"href":"https:\/\/www.upo.es\/diario\/wp-json\/wp\/v2\/comments?post=30884588"}],"version-history":[{"count":3,"href":"https:\/\/www.upo.es\/diario\/wp-json\/wp\/v2\/posts\/30884588\/revisions"}],"predecessor-version":[{"id":30884594,"href":"https:\/\/www.upo.es\/diario\/wp-json\/wp\/v2\/posts\/30884588\/revisions\/30884594"}],"wp:featuredmedia":[{"embeddable":true,"href":"https:\/\/www.upo.es\/diario\/wp-json\/wp\/v2\/media\/30884589"}],"wp:attachment":[{"href":"https:\/\/www.upo.es\/diario\/wp-json\/wp\/v2\/media?parent=30884588"}],"wp:term":[{"taxonomy":"category","embeddable":true,"href":"https:\/\/www.upo.es\/diario\/wp-json\/wp\/v2\/categories?post=30884588"},{"taxonomy":"post_tag","embeddable":true,"href":"https:\/\/www.upo.es\/diario\/wp-json\/wp\/v2\/tags?post=30884588"}],"curies":[{"name":"wp","href":"https:\/\/api.w.org\/{rel}","templated":true}]}}