{"id":30884615,"date":"2024-12-18T22:02:46","date_gmt":"2024-12-18T21:02:46","guid":{"rendered":"https:\/\/www.upo.es\/diario\/?p=30884615"},"modified":"2025-01-21T18:17:57","modified_gmt":"2025-01-21T17:17:57","slug":"claustro-universitario-aprueba-gestion-francisco-oliva-2024","status":"publish","type":"post","link":"https:\/\/www.upo.es\/diario\/institucional\/2024\/12\/claustro-universitario-aprueba-gestion-francisco-oliva-2024\/","title":{"rendered":"Una amplia mayor\u00eda del Claustro Universitario de la Pablo de Olavide aprueba la gesti\u00f3n de Francisco Oliva en 2024"},"content":{"rendered":"<figure id=\"attachment_30884617\" aria-describedby=\"caption-attachment-30884617\" style=\"width: 750px\" class=\"wp-caption aligncenter\"><a href=\"https:\/\/www.upo.es\/diario\/wp-content\/uploads\/2024\/12\/Claustro_20241218-2-scaled.jpg\"><img loading=\"lazy\" decoding=\"async\" class=\"size-large wp-image-30884617\" src=\"https:\/\/www.upo.es\/diario\/wp-content\/uploads\/2024\/12\/Claustro_20241218-2-750x422.jpg\" alt=\"Votaci\u00f3n en el Claustro del informe presentado por el rector\" width=\"750\" height=\"422\" srcset=\"https:\/\/www.upo.es\/diario\/wp-content\/uploads\/2024\/12\/Claustro_20241218-2-750x422.jpg 750w, https:\/\/www.upo.es\/diario\/wp-content\/uploads\/2024\/12\/Claustro_20241218-2-420x236.jpg 420w, https:\/\/www.upo.es\/diario\/wp-content\/uploads\/2024\/12\/Claustro_20241218-2-768x432.jpg 768w, https:\/\/www.upo.es\/diario\/wp-content\/uploads\/2024\/12\/Claustro_20241218-2-1536x864.jpg 1536w, https:\/\/www.upo.es\/diario\/wp-content\/uploads\/2024\/12\/Claustro_20241218-2-2048x1152.jpg 2048w, https:\/\/www.upo.es\/diario\/wp-content\/uploads\/2024\/12\/Claustro_20241218-2-1320x743.jpg 1320w\" sizes=\"auto, (max-width: 750px) 100vw, 750px\" \/><\/a><figcaption id=\"caption-attachment-30884617\" class=\"wp-caption-text\">Votaci\u00f3n en el Claustro del informe de gesti\u00f3n 2024<\/figcaption><\/figure>\n<p>El Claustro de la Universidad Pablo de Olavide, en su segunda sesi\u00f3n ordinaria, ha avalado por amplia mayor\u00eda \u201467 votos a favor, 4 abstenciones y un voto en contra\u2014 el informe de la gesti\u00f3n realizada por el equipo de direcci\u00f3n de la Universidad en 2024, que ha presentado el rector esta ma\u00f1ana en el Paraninfo.<\/p>\n<p>Antes de desgranar el contenido del informe, Francisco Oliva lo ha enmarcado en el contexto econ\u00f3mico financiero de la Universidad, com\u00fan al resto de campus p\u00fablicos de Andaluc\u00eda. De este modo, ha incidido en que la Universidad cumple con el principio de estabilidad presupuestaria gracias a que realiza retenciones de cr\u00e9dito, que le permiten afrontar la incertidumbre en la cantidad final que ingresar\u00e1 cada a\u00f1o. A esto se suma, a fecha de hoy, la falta de financiaci\u00f3n para cumplir con los acuerdos del CAU y las previsiones presupuestarias de la Junta para el conjunto del sistema p\u00fablico andaluz en 2025. \u201cEs imposible tener una estrategia de Universidad si estamos pensando en c\u00f3mo llegar a fin de mes\u201d, ha comentado el rector para poner de relieve la dificultad de la gesti\u00f3n llevada a cabo en el a\u00f1o que termina y las perspectivas para 2025.<\/p>\n<figure id=\"attachment_30884618\" aria-describedby=\"caption-attachment-30884618\" style=\"width: 420px\" class=\"wp-caption alignleft\"><a href=\"https:\/\/www.upo.es\/diario\/wp-content\/uploads\/2024\/12\/Claustro_20241218-1-scaled.jpg\"><img loading=\"lazy\" decoding=\"async\" class=\"wp-image-30884618 size-medium\" src=\"https:\/\/www.upo.es\/diario\/wp-content\/uploads\/2024\/12\/Claustro_20241218-1-420x280.jpg\" alt=\"Francisco Oliva durante la exposici\u00f3n del informe\" width=\"420\" height=\"280\" srcset=\"https:\/\/www.upo.es\/diario\/wp-content\/uploads\/2024\/12\/Claustro_20241218-1-420x280.jpg 420w, https:\/\/www.upo.es\/diario\/wp-content\/uploads\/2024\/12\/Claustro_20241218-1-750x500.jpg 750w, https:\/\/www.upo.es\/diario\/wp-content\/uploads\/2024\/12\/Claustro_20241218-1-768x512.jpg 768w, https:\/\/www.upo.es\/diario\/wp-content\/uploads\/2024\/12\/Claustro_20241218-1-1536x1024.jpg 1536w, https:\/\/www.upo.es\/diario\/wp-content\/uploads\/2024\/12\/Claustro_20241218-1-2048x1365.jpg 2048w, https:\/\/www.upo.es\/diario\/wp-content\/uploads\/2024\/12\/Claustro_20241218-1-165x109.jpg 165w, https:\/\/www.upo.es\/diario\/wp-content\/uploads\/2024\/12\/Claustro_20241218-1-1320x880.jpg 1320w\" sizes=\"auto, (max-width: 420px) 100vw, 420px\" \/><\/a><figcaption id=\"caption-attachment-30884618\" class=\"wp-caption-text\">Francisco Oliva durante la exposici\u00f3n del informe<\/figcaption><\/figure>\n<p>Francisco Oliva ha expuesto a continuaci\u00f3n las medidas que se han llevado a cabo desde el Rectorado, agrupadas seg\u00fan los trece objetivos del Plan Estrat\u00e9gico \u201cque debe regir el rumbo de las actuaciones en todos los \u00e1mbitos\u201d. <strong>Como balance num\u00e9rico, el rector ha destacado que de las 207 acciones emprendidas este a\u00f1o, 185 han sido ya completadas o est\u00e1n en una fase avanzada<\/strong>, lo que supone el 89,37 por ciento.<\/p>\n<p>En lo concerniente al <strong>profesorado<\/strong>, el rector ha destacado que la Olavide ha disminuido la temporalidad de su personal docente del 47 al 39 por ciento en 2024, las 81 plazas que permitir\u00e1 el \u2018Programa Mar\u00eda Goyri\u2019 y el hecho de que se hayan convocado cuatro convocatorias de Profesorado Titular de Universidad. En cuanto al <strong>personal t\u00e9cnico y de administraci\u00f3n<\/strong>, ha resaltado la finalizaci\u00f3n del proceso de estabilizaci\u00f3n para el PTGAS, con 19 plazas, la promoci\u00f3n de otras quince al subgrupo A2, y el acuerdo alcanzado para la reducci\u00f3n extraordinaria de jornada por raz\u00f3n de edad.<\/p>\n<p>En cuanto al <strong>campus<\/strong>, Oliva ha destacado la planta fotovoltaica, la reforma parcial de las aulas de los edificios 6 y 7, los trabajos que se est\u00e1n llevando a cabo para transformar el Pabell\u00f3n de Marruecos en sede universitaria, y la finalizaci\u00f3n del CEGAB, que ser\u00e1 inaugurado en breve. Adem\u00e1s, ha resaltado el \u00e9xito obtenido por la Olavide en la captaci\u00f3n de fondos estatales para infraestructuras de investigaci\u00f3n y equipamiento cient\u00edfico, 3 millones de euros.<\/p>\n<p>En <strong>digitalizaci\u00f3n<\/strong>, el rector ha apuntado la puesta en marcha de la nueva sede electr\u00f3nica de la Universidad, con siete procedimientos y 19 servicios de respuesta inmediata, la implantaci\u00f3n de la nueva versi\u00f3n del Aula Virtual (Blackboard Learn Ultra) y el sello de ciberseguridad C3!Cyber.<\/p>\n<p>De las acciones llevadas a cabo para dotar a la Universidad de <strong>un campus m\u00e1s sostenible y m\u00e1s saludable<\/strong>, Francisco Oliva ha resaltado la apuesta por la promoci\u00f3n del talento deportivo a trav\u00e9s de las becas para deportistas de alto rendimiento y la consecuci\u00f3n del certificado internacional \u2018Healthy Campus-Bronze\u2019. En sostenibilidad, ha se\u00f1alado el compromiso con la Agenda 2030, con la evaluaci\u00f3n de las pol\u00edticas <em>verdes<\/em> a trav\u00e9s de los presupuestos \u2014proyecto puesto en marcha en 2025 gracias al programa EDUODS del Ministerio\u2014 y el dise\u00f1o del Plan de Acci\u00f3n para la Implementaci\u00f3n de la Agenda 2030, con 85 medidas para avanzar en los ODS desde la Universidad.<\/p>\n<p>En la <strong>actualizaci\u00f3n de la oferta formativa<\/strong>, el rector ha enumerado los t\u00edtulos que ACCUA tiene ya en proceso de evaluaci\u00f3n, seg\u00fan la Programaci\u00f3n Universitaria prevista para 2028, siete grados y tres t\u00edtulos de m\u00e1ster universitario, ya sea por que se modifican sustancialmente o porque son nuevas titulaciones. Asimismo, ha declarado que el proyecto <strong>\u2018Olavide Dual\u2019<\/strong> sigue adelante para los grados de ADE, Finanzas y Contabilidad e Ingenier\u00eda Inform\u00e1tica, a la espera de la autorizaci\u00f3n de la Agencia para la Calidad Cient\u00edfica y Universitaria de Andaluc\u00eda. En cuanto a Formaci\u00f3n Permanente, la UPO podr\u00e1 impulsar estos dos pr\u00f3ximos a\u00f1os nuevos <strong>Cursos de Desarrollo Profesional Avanzado<\/strong> (microcredenciales) al obtener 857 mil euros de los 9 M\u20ac destinados para Andaluc\u00eda.<\/p>\n<p>Por lo que se refiere a <strong>internacionalizaci\u00f3n<\/strong>, la Olavide seguir\u00e1 cooperando con la red de universidades que present\u00f3 EURESTRA para optar a una Alianza Europea de Universidades. El rector ha subrayado que conseguir este reconocimiento es complejo y dif\u00edcil, y ha destacado la relevancia de los centros que forman parte de esta red junto a la UPO. Oliva ha destacado que el Centro Universitario Internacional haya aumentado sus estudiantes en un 27%, y que la Universidad ha recibido recientemente del programa Erasmus+ 688 mil euros m\u00e1s para movilidad.<\/p>\n<p>Con respecto a <strong>investigaci\u00f3n<\/strong>, ha resaltado la obtenci\u00f3n del sello de excelencia HRS4R, que permitir\u00e1 avanzar en la captaci\u00f3n de talento investigador, y el pleno desarrollo de la Escuela de Doctorado, que cuenta desde este a\u00f1o con reglamento y normativa espec\u00edficas para este centro. Asimismo, la Olavide avanza en su apuesta por la ciencia abierta y por una mejor evaluaci\u00f3n de la actividad cient\u00edfica, en l\u00ednea con lo establecido por la iniciativa COARA.<\/p>\n<p>El convenio firmado con PCT Cartuja, las 30 mesas del Programa UPO-Transfiere en 2024 y la apuesta por las c\u00e1tedras institucionales y de empresa son algunas de las acciones resaltadas por el rector en el \u00e1mbito de la <strong>transferencia<\/strong>.<\/p>\n<p>Sobre <strong>igualdad y responsabilidad social<\/strong>, Francisco Oliva ha resaltado el estudio de diagn\u00f3stico sobre la conciliaci\u00f3n que se est\u00e1 llevando a cabo con las universidades de Almer\u00eda y C\u00f3rdoba; la renovaci\u00f3n del acuerdo con la Junta que permitir\u00e1 que la UPO siga siendo referente de voluntariado gracias al Observatorio Andaluz (OAV); y el proyecto EVA-VOL para acreditar el aprendizaje obtenido a trav\u00e9s del Voluntariado. El rector ha destacado asimismo el convenio firmado con la Junta para que la Olavide coordine las pol\u00edticas universitarias de atenci\u00f3n a la discapacidad en Andaluc\u00eda.<\/p>\n<p>Tras la aprobaci\u00f3n del informe, el rector ha agradecido la confianza de la comunidad universitaria, representada en el Claustro. Ha concluido con palabras sobre la importancia de que las universidades p\u00fablicas cuenten con ingresos suficientes \u201csi queremos vivir en una sociedad justa, en la que la igualdad de oportunidades sea una de sus banderas\u201d.<\/p>\n","protected":false},"excerpt":{"rendered":"<p>El Claustro de la Universidad Pablo de Olavide, en su segunda sesi\u00f3n ordinaria, ha avalado por amplia mayor\u00eda \u201467 votos a favor, 4 abstenciones y un voto en contra\u2014 el informe de la gesti\u00f3n realizada por el equipo de direcci\u00f3n de la Universidad en 2024, que ha presentado el rector esta ma\u00f1ana en el Paraninfo.<\/p>\n","protected":false},"author":6,"featured_media":30884618,"comment_status":"closed","ping_status":"open","sticky":false,"template":"","format":"standard","meta":{"_monsterinsights_skip_tracking":false,"_monsterinsights_sitenote_active":false,"_monsterinsights_sitenote_note":"","_monsterinsights_sitenote_category":0,"footnotes":""},"categories":[6],"tags":[6525,1973,21,874,4021,199,8572,7230],"class_list":["post-30884615","post","type-post","status-publish","format-standard","has-post-thumbnail","hentry","category-institucional","tag-claustro-universitario","tag-docencia","tag-estudiantes","tag-financiacion","tag-francisco-oliva-blazquez","tag-profesorado","tag-ptgas","tag-transferencia"],"_links":{"self":[{"href":"https:\/\/www.upo.es\/diario\/wp-json\/wp\/v2\/posts\/30884615","targetHints":{"allow":["GET"]}}],"collection":[{"href":"https:\/\/www.upo.es\/diario\/wp-json\/wp\/v2\/posts"}],"about":[{"href":"https:\/\/www.upo.es\/diario\/wp-json\/wp\/v2\/types\/post"}],"author":[{"embeddable":true,"href":"https:\/\/www.upo.es\/diario\/wp-json\/wp\/v2\/users\/6"}],"replies":[{"embeddable":true,"href":"https:\/\/www.upo.es\/diario\/wp-json\/wp\/v2\/comments?post=30884615"}],"version-history":[{"count":3,"href":"https:\/\/www.upo.es\/diario\/wp-json\/wp\/v2\/posts\/30884615\/revisions"}],"predecessor-version":[{"id":30884620,"href":"https:\/\/www.upo.es\/diario\/wp-json\/wp\/v2\/posts\/30884615\/revisions\/30884620"}],"wp:featuredmedia":[{"embeddable":true,"href":"https:\/\/www.upo.es\/diario\/wp-json\/wp\/v2\/media\/30884618"}],"wp:attachment":[{"href":"https:\/\/www.upo.es\/diario\/wp-json\/wp\/v2\/media?parent=30884615"}],"wp:term":[{"taxonomy":"category","embeddable":true,"href":"https:\/\/www.upo.es\/diario\/wp-json\/wp\/v2\/categories?post=30884615"},{"taxonomy":"post_tag","embeddable":true,"href":"https:\/\/www.upo.es\/diario\/wp-json\/wp\/v2\/tags?post=30884615"}],"curies":[{"name":"wp","href":"https:\/\/api.w.org\/{rel}","templated":true}]}}