{"id":30884631,"date":"2024-12-17T17:26:06","date_gmt":"2024-12-17T16:26:06","guid":{"rendered":"https:\/\/www.upo.es\/diario\/?p=30884631"},"modified":"2024-12-19T17:26:17","modified_gmt":"2024-12-19T16:26:17","slug":"memoria-dignidad-justicia-y-verdad-principios-fundamentales-de-la-proteccion-integral-a-las-victimas-de-terrorismo","status":"publish","type":"post","link":"https:\/\/www.upo.es\/diario\/docencia-formacion\/2024\/12\/memoria-dignidad-justicia-y-verdad-principios-fundamentales-de-la-proteccion-integral-a-las-victimas-de-terrorismo\/","title":{"rendered":"Memoria, dignidad, justicia y verdad, principios fundamentales de la protecci\u00f3n integral a las v\u00edctimas de terrorismo"},"content":{"rendered":"<p><a href=\"https:\/\/www.upo.es\/diario\/wp-content\/uploads\/2024\/12\/Jornadas-Victimologia_20241216-2-scaled.jpg\"><img loading=\"lazy\" decoding=\"async\" class=\"aligncenter size-large wp-image-30884638\" src=\"https:\/\/www.upo.es\/diario\/wp-content\/uploads\/2024\/12\/Jornadas-Victimologia_20241216-2-750x338.jpg\" alt=\"\" width=\"750\" height=\"338\" srcset=\"https:\/\/www.upo.es\/diario\/wp-content\/uploads\/2024\/12\/Jornadas-Victimologia_20241216-2-750x338.jpg 750w, https:\/\/www.upo.es\/diario\/wp-content\/uploads\/2024\/12\/Jornadas-Victimologia_20241216-2-420x189.jpg 420w, https:\/\/www.upo.es\/diario\/wp-content\/uploads\/2024\/12\/Jornadas-Victimologia_20241216-2-768x346.jpg 768w, https:\/\/www.upo.es\/diario\/wp-content\/uploads\/2024\/12\/Jornadas-Victimologia_20241216-2-1536x691.jpg 1536w, https:\/\/www.upo.es\/diario\/wp-content\/uploads\/2024\/12\/Jornadas-Victimologia_20241216-2-2048x922.jpg 2048w, https:\/\/www.upo.es\/diario\/wp-content\/uploads\/2024\/12\/Jornadas-Victimologia_20241216-2-1320x594.jpg 1320w\" sizes=\"auto, (max-width: 750px) 100vw, 750px\" \/><\/a>Dirigidas por <strong>Manuel Jos\u00e9 Garc\u00eda Rodr\u00edguez<\/strong>, profesor de Derecho Penal y Criminolog\u00eda de la Universidad Pablo de Olavide, las <a href=\"https:\/\/eventos.upo.es\/127576\/detail\/i-jornadas-de-victimologia-reconocimiento-y-proteccion-integral-a-las-victimas-del-terrorismo.html\">I Jornadas de Victimolog\u00eda<\/a> se han celebrado esta semana en el campus en colaboraci\u00f3n con la <strong>Asociaci\u00f3n Andaluza de V\u00edctimas del Terrorismo<\/strong> (AAVT); la <strong>Consejer\u00eda de Justicia<\/strong> de la Junta de Andaluc\u00eda; y la <strong>editorial Tirant Lo Blanch<\/strong>. Durante las mismas ha sido presentado el libro <em>Reconocimiento y protecci\u00f3n integral a las v\u00edctimas del terrorismo en Espa\u00f1a<\/em>, publicado por Garc\u00eda Rodr\u00edguez en esta editorial.<\/p>\n<p>Organizada en torno a dos mesas, las Jornadas de Victimolog\u00eda, a las que su director quiere dar continuidad, han contado con expertos universitarios sobre terrorismo, como el catedr\u00e1tico de la Olavide Torres Soriano; en Derecho Penal, profesor V\u00edctor Manuel Mac\u00edas; adem\u00e1s de la experiencia de profesionales que trabajan en la asistencia a las v\u00edctimas de la AAVT y de representantes de la Consejer\u00eda de Justicia, Administraci\u00f3n Local y Funci\u00f3n P\u00fablica, cuyo director general de Justicia Juvenil, Esteban Rond\u00f3n, trat\u00f3 la Ley de medidas para la asistencia y atenci\u00f3n a las v\u00edctimas del terrorismo de Andaluc\u00eda.<\/p>\n<figure id=\"attachment_30884639\" aria-describedby=\"caption-attachment-30884639\" style=\"width: 420px\" class=\"wp-caption alignright\"><a href=\"https:\/\/www.upo.es\/diario\/wp-content\/uploads\/2024\/12\/Jornadas-Victimologia_20241216-3-scaled.jpg\"><img loading=\"lazy\" decoding=\"async\" class=\"size-medium wp-image-30884639\" src=\"https:\/\/www.upo.es\/diario\/wp-content\/uploads\/2024\/12\/Jornadas-Victimologia_20241216-3-420x236.jpg\" alt=\"Joaqu\u00edn Vidal y Manuel J. Garc\u00eda\" width=\"420\" height=\"236\" srcset=\"https:\/\/www.upo.es\/diario\/wp-content\/uploads\/2024\/12\/Jornadas-Victimologia_20241216-3-420x236.jpg 420w, https:\/\/www.upo.es\/diario\/wp-content\/uploads\/2024\/12\/Jornadas-Victimologia_20241216-3-750x422.jpg 750w, https:\/\/www.upo.es\/diario\/wp-content\/uploads\/2024\/12\/Jornadas-Victimologia_20241216-3-768x432.jpg 768w, https:\/\/www.upo.es\/diario\/wp-content\/uploads\/2024\/12\/Jornadas-Victimologia_20241216-3-1536x864.jpg 1536w, https:\/\/www.upo.es\/diario\/wp-content\/uploads\/2024\/12\/Jornadas-Victimologia_20241216-3-2048x1152.jpg 2048w, https:\/\/www.upo.es\/diario\/wp-content\/uploads\/2024\/12\/Jornadas-Victimologia_20241216-3-1320x743.jpg 1320w\" sizes=\"auto, (max-width: 420px) 100vw, 420px\" \/><\/a><figcaption id=\"caption-attachment-30884639\" class=\"wp-caption-text\">Joaqu\u00edn Vidal y Manuel J. Garc\u00eda<\/figcaption><\/figure>\n<p><strong>Joaqu\u00edn Vidal<\/strong>, presidente de la Asociaci\u00f3n Andaluza de V\u00edctimas del Terrorismo \u2014que present\u00f3 las Jornadas acompa\u00f1ado del decano de la Facultad de Derecho, C\u00e9sar Hornero, y de la vicerrectora de Cultura y Pol\u00edticas Sociales, Laura G\u00f3mez\u2014 afirm\u00f3 que \u00aba los terroristas no les importa la democracia\u00bb y que el fin de la asociaci\u00f3n que preside \u00abno es ning\u00fan af\u00e1n de protagonismo, sino aliviar el sufrimiento y el dolor de las familias\u00bb.<\/p>\n<p><strong>Laura G\u00f3mez<\/strong> resalt\u00f3 la labor de sensibilizaci\u00f3n que se lleva a cabo desde la Universidad Pablo de Olavide y c\u00f3mo en el campus se desarrollan valores sobre la responsabilidad social que todo ciudadano tiene.<\/p>\n<p>\u00abV\u00edctima y olvido no deben jam\u00e1s ir unidas\u00bb, declar\u00f3 <strong>C\u00e9sar Hornero<\/strong>, poniendo as\u00ed de relieve uno de los objetivos de estas jornadas: que las generaciones m\u00e1s j\u00f3venes conozcan el fen\u00f3meno terrorista y sus graves consecuencias. En este sentido se pronunci\u00f3 la profesora <strong>Pastora Garc\u00eda<\/strong>, directora del Grupo de investigaci\u00f3n sobre la Criminalidad, al afirmar que \u00ablas v\u00edctimas no deben nunca ser relegadas al olvido, y precisan la m\u00e1xima protecci\u00f3n que la sociedad pueda darles\u00bb.<\/p>\n<p><strong>Viviana Caruso<\/strong>, directora del Departamento de Derecho P\u00fablico, present\u00f3 el libro reci\u00e9n publicado por el profesor Garc\u00eda Rodr\u00edguez. De<em> Reconocimiento y protecci\u00f3n integral a las v\u00edctimas del terrorismo en Espa\u00f1a<\/em> destac\u00f3 que \u00aba\u00fana el compromiso con el rigor cient\u00edfico\u00bb. Destac\u00f3 el abordaje tan completo que realiza de la normativa existente, y yendo m\u00e1s all\u00e1, el libro \u00abanaliza las conclusiones del Consejo de Europa y la transposici\u00f3n del derecho europeo\u00bb. Caruso Font\u00e1n, que subray\u00f3 la calidad docente como profesor de Victimolog\u00eda del autor, apunt\u00f3 como idea novedosa aportada por la obra \u00abequiparar a las v\u00edctimas de terrorismo con v\u00edctimas de la violaci\u00f3n de los Derechos Humanos, detalle de gran importancia\u00bb<\/p>\n<div>\n<div>\n<p><a href=\"https:\/\/editorial.tirant.com\/es\/ebook\/reconocimiento-y-proteccion-integral-a-las-victimas-del-terrorismo-en-espana-manuel-jose-garcia-rodriguez-9788410568907\"><img loading=\"lazy\" decoding=\"async\" class=\"alignleft wp-image-30884636 \" src=\"https:\/\/www.upo.es\/diario\/wp-content\/uploads\/2024\/12\/9788410568907-283x420.jpg\" alt=\"\" width=\"208\" height=\"309\" srcset=\"https:\/\/www.upo.es\/diario\/wp-content\/uploads\/2024\/12\/9788410568907-283x420.jpg 283w, https:\/\/www.upo.es\/diario\/wp-content\/uploads\/2024\/12\/9788410568907-354x525.jpg 354w, https:\/\/www.upo.es\/diario\/wp-content\/uploads\/2024\/12\/9788410568907.jpg 360w\" sizes=\"auto, (max-width: 208px) 100vw, 208px\" \/><\/a>Garc\u00eda Rodr\u00edguez MJ. <strong><i>Reconocimiento y protecci\u00f3n integral a las v\u00edctimas del terrorismo en Espa\u00f1a<\/i><\/strong>. Tirant Lo Blanch ; 2024. <a href=\"https:\/\/editorial.tirant.com\/es\/ebook\/reconocimiento-y-proteccion-integral-a-las-victimas-del-terrorismo-en-espana-manuel-jose-garcia-rodriguez-9788410568907\"><span class=\"url\">https:\/\/editorial.tirant.com\/es\/ebook\/reconocimiento-y-proteccion-integral-a-las-victimas-del-terrorismo-en-espana-manuel-jose-garcia-rodriguez-9788410568907<\/span><\/a>.<\/p>\n<\/div>\n<\/div>\n","protected":false},"excerpt":{"rendered":"<p>Dirigidas por Manuel Jos\u00e9 Garc\u00eda Rodr\u00edguez, profesor de Derecho Penal y Criminolog\u00eda de la Universidad Pablo de Olavide, las I Jornadas de Victimolog\u00eda se han celebrado esta semana en el campus en colaboraci\u00f3n con la Asociaci\u00f3n Andaluza de V\u00edctimas del Terrorismo (AAVT); la Consejer\u00eda de Justicia de la Junta de Andaluc\u00eda; y la editorial Tirant Lo Blanch. Durante las mismas ha sido presentado el libro Reconocimiento y protecci\u00f3n integral a las v\u00edctimas del terrorismo en Espa\u00f1a, publicado por Garc\u00eda Rodr\u00edguez en esta editorial.<\/p>\n","protected":false},"author":6,"featured_media":30884639,"comment_status":"closed","ping_status":"open","sticky":false,"template":"","format":"standard","meta":{"_monsterinsights_skip_tracking":false,"_monsterinsights_sitenote_active":false,"_monsterinsights_sitenote_note":"","_monsterinsights_sitenote_category":0,"footnotes":""},"categories":[2779],"tags":[],"class_list":["post-30884631","post","type-post","status-publish","format-standard","has-post-thumbnail","hentry","category-docencia-formacion"],"_links":{"self":[{"href":"https:\/\/www.upo.es\/diario\/wp-json\/wp\/v2\/posts\/30884631","targetHints":{"allow":["GET"]}}],"collection":[{"href":"https:\/\/www.upo.es\/diario\/wp-json\/wp\/v2\/posts"}],"about":[{"href":"https:\/\/www.upo.es\/diario\/wp-json\/wp\/v2\/types\/post"}],"author":[{"embeddable":true,"href":"https:\/\/www.upo.es\/diario\/wp-json\/wp\/v2\/users\/6"}],"replies":[{"embeddable":true,"href":"https:\/\/www.upo.es\/diario\/wp-json\/wp\/v2\/comments?post=30884631"}],"version-history":[{"count":7,"href":"https:\/\/www.upo.es\/diario\/wp-json\/wp\/v2\/posts\/30884631\/revisions"}],"predecessor-version":[{"id":30884641,"href":"https:\/\/www.upo.es\/diario\/wp-json\/wp\/v2\/posts\/30884631\/revisions\/30884641"}],"wp:featuredmedia":[{"embeddable":true,"href":"https:\/\/www.upo.es\/diario\/wp-json\/wp\/v2\/media\/30884639"}],"wp:attachment":[{"href":"https:\/\/www.upo.es\/diario\/wp-json\/wp\/v2\/media?parent=30884631"}],"wp:term":[{"taxonomy":"category","embeddable":true,"href":"https:\/\/www.upo.es\/diario\/wp-json\/wp\/v2\/categories?post=30884631"},{"taxonomy":"post_tag","embeddable":true,"href":"https:\/\/www.upo.es\/diario\/wp-json\/wp\/v2\/tags?post=30884631"}],"curies":[{"name":"wp","href":"https:\/\/api.w.org\/{rel}","templated":true}]}}