{"id":30884665,"date":"2024-12-20T12:51:17","date_gmt":"2024-12-20T11:51:17","guid":{"rendered":"https:\/\/www.upo.es\/diario\/?p=30884665"},"modified":"2024-12-20T12:51:55","modified_gmt":"2024-12-20T11:51:55","slug":"comunicado-en-memoria-de-federico-mayor-zaragoza","status":"publish","type":"post","link":"https:\/\/www.upo.es\/diario\/institucional\/2024\/12\/comunicado-en-memoria-de-federico-mayor-zaragoza\/","title":{"rendered":"Comunicado en memoria de Federico Mayor Zaragoza"},"content":{"rendered":"<p><a href=\"https:\/\/www.upo.es\/diario\/wp-content\/uploads\/2024\/12\/AUPA-Identidad-Imagotipo-vertical.png\"><img loading=\"lazy\" decoding=\"async\" class=\"alignright wp-image-30884666 size-medium\" src=\"https:\/\/www.upo.es\/diario\/wp-content\/uploads\/2024\/12\/AUPA-Identidad-Imagotipo-vertical-420x279.png\" alt=\"\" width=\"420\" height=\"279\" srcset=\"https:\/\/www.upo.es\/diario\/wp-content\/uploads\/2024\/12\/AUPA-Identidad-Imagotipo-vertical-420x279.png 420w, https:\/\/www.upo.es\/diario\/wp-content\/uploads\/2024\/12\/AUPA-Identidad-Imagotipo-vertical-750x498.png 750w, https:\/\/www.upo.es\/diario\/wp-content\/uploads\/2024\/12\/AUPA-Identidad-Imagotipo-vertical-768x510.png 768w, https:\/\/www.upo.es\/diario\/wp-content\/uploads\/2024\/12\/AUPA-Identidad-Imagotipo-vertical-1536x1020.png 1536w, https:\/\/www.upo.es\/diario\/wp-content\/uploads\/2024\/12\/AUPA-Identidad-Imagotipo-vertical-2048x1360.png 2048w, https:\/\/www.upo.es\/diario\/wp-content\/uploads\/2024\/12\/AUPA-Identidad-Imagotipo-vertical-165x109.png 165w, https:\/\/www.upo.es\/diario\/wp-content\/uploads\/2024\/12\/AUPA-Identidad-Imagotipo-vertical-1320x876.png 1320w\" sizes=\"auto, (max-width: 420px) 100vw, 420px\" \/><\/a>Las Universidades P\u00fablicas de Andaluc\u00eda queremos expresar nuestro profundo pesar por el fallecimiento de <strong>Federico Mayor Zaragoza<\/strong>, ex rector de la Universidad de Granada, que tambi\u00e9n nos dej\u00f3 su huella como ministro de Educaci\u00f3n y Ciencia, y director general de la UNESCO.<\/p>\n<p>Acompa\u00f1amos a sus familiares, amigos y compa\u00f1eros en este amargo momento, y les trasladamos el cari\u00f1o y la gratitud de nuestras comunidades universitarias por su imperecedero compromiso con nuestras instituciones.<\/p>\n<p>Como homenaje a su destacada y prol\u00edfica trayectoria, Federico Mayor Zaragoza recibi\u00f3, entre otros, los reconocimientos como Doctor Honoris Causa por la Universidad de Almer\u00eda, por la Universidad de C\u00f3rdoba y tambi\u00e9n por la Universidad de M\u00e1laga, el premio Juan Antonio Carrillo Salcedo de la Universidad de Sevilla, y fue<br \/>\nnombrado Hijo Predilecto de Andaluc\u00eda.<\/p>\n<p>Su adi\u00f3s supone una enorme p\u00e9rdida para nuestras instituciones, que atesoran con agradecimiento su inmenso legado en favor de la ciencia, la educaci\u00f3n, la paz y los derechos humanos.<\/p>\n<p>Jos\u00e9 Joaqu\u00edn C\u00e9spedes Lorente, Rector de la Universidad de Almer\u00eda<br \/>\nCasimiro Mantell Serrano, Rector Universidad de C\u00e1diz<br \/>\nManuel Torralbo Rodr\u00edguez, Rector de la Universidad de C\u00f3rdoba<br \/>\nPedro Mercado Pacheco, Rector de la Universidad de Granada<br \/>\nM\u00aa Antonia Pe\u00f1a Guerrero, Rectora de la Universidad de Huelva<br \/>\nJos\u00e9 Ignacio Garc\u00eda P\u00e9rez, Rector de la Universidad Internacional de Andaluc\u00eda<br \/>\nNicol\u00e1s Ruiz Reyes, Rector de la Universidad de Ja\u00e9n<br \/>\nJuan Teodomiro L\u00f3pez Navarrete, Rector Universidad de M\u00e1laga<br \/>\nFrancisco Oliva Bl\u00e1zquez, Rector de la Universidad Pablo de Olavide<br \/>\nMiguel \u00c1ngel Castro Arroyo, Rector de la Universidad de Sevilla<\/p>\n","protected":false},"excerpt":{"rendered":"<p>Las Universidades P\u00fablicas de Andaluc\u00eda queremos expresar nuestro profundo pesar por el fallecimiento de Federico Mayor Zaragoza, ex rector de la Universidad de Granada, que tambi\u00e9n nos dej\u00f3 su huella como ministro de Educaci\u00f3n y Ciencia, y director general de la UNESCO.<\/p>\n","protected":false},"author":2,"featured_media":30884666,"comment_status":"closed","ping_status":"open","sticky":false,"template":"","format":"standard","meta":{"_monsterinsights_skip_tracking":false,"_monsterinsights_sitenote_active":false,"_monsterinsights_sitenote_note":"","_monsterinsights_sitenote_category":0,"footnotes":""},"categories":[6],"tags":[190,2842,4282,4021,9051,2514],"class_list":["post-30884665","post","type-post","status-publish","format-standard","has-post-thumbnail","hentry","category-institucional","tag-andalucia","tag-aupa","tag-federico-mayor-zaragoza","tag-francisco-oliva-blazquez","tag-pesame","tag-universidades-publicas"],"_links":{"self":[{"href":"https:\/\/www.upo.es\/diario\/wp-json\/wp\/v2\/posts\/30884665","targetHints":{"allow":["GET"]}}],"collection":[{"href":"https:\/\/www.upo.es\/diario\/wp-json\/wp\/v2\/posts"}],"about":[{"href":"https:\/\/www.upo.es\/diario\/wp-json\/wp\/v2\/types\/post"}],"author":[{"embeddable":true,"href":"https:\/\/www.upo.es\/diario\/wp-json\/wp\/v2\/users\/2"}],"replies":[{"embeddable":true,"href":"https:\/\/www.upo.es\/diario\/wp-json\/wp\/v2\/comments?post=30884665"}],"version-history":[{"count":1,"href":"https:\/\/www.upo.es\/diario\/wp-json\/wp\/v2\/posts\/30884665\/revisions"}],"predecessor-version":[{"id":30884667,"href":"https:\/\/www.upo.es\/diario\/wp-json\/wp\/v2\/posts\/30884665\/revisions\/30884667"}],"wp:featuredmedia":[{"embeddable":true,"href":"https:\/\/www.upo.es\/diario\/wp-json\/wp\/v2\/media\/30884666"}],"wp:attachment":[{"href":"https:\/\/www.upo.es\/diario\/wp-json\/wp\/v2\/media?parent=30884665"}],"wp:term":[{"taxonomy":"category","embeddable":true,"href":"https:\/\/www.upo.es\/diario\/wp-json\/wp\/v2\/categories?post=30884665"},{"taxonomy":"post_tag","embeddable":true,"href":"https:\/\/www.upo.es\/diario\/wp-json\/wp\/v2\/tags?post=30884665"}],"curies":[{"name":"wp","href":"https:\/\/api.w.org\/{rel}","templated":true}]}}