{"id":30884682,"date":"2025-01-10T14:09:08","date_gmt":"2025-01-10T13:09:08","guid":{"rendered":"https:\/\/www.upo.es\/diario\/?p=30884682"},"modified":"2025-02-05T13:51:11","modified_gmt":"2025-02-05T12:51:11","slug":"universidad-pablo-olavide-cmma-mediran-peso-economia-azul-andalucia","status":"publish","type":"post","link":"https:\/\/www.upo.es\/diario\/institucional\/2025\/01\/universidad-pablo-olavide-cmma-mediran-peso-economia-azul-andalucia\/","title":{"rendered":"La Universidad Pablo de Olavide y el CMMA  medir\u00e1n el peso de la Econom\u00eda Azul en Andaluc\u00eda"},"content":{"rendered":"<figure id=\"attachment_30884684\" aria-describedby=\"caption-attachment-30884684\" style=\"width: 750px\" class=\"wp-caption aligncenter\"><a href=\"https:\/\/www.upo.es\/diario\/wp-content\/uploads\/2025\/01\/conve_cmma01-1-scaled.jpg\"><img loading=\"lazy\" decoding=\"async\" class=\"wp-image-30884684 size-large\" src=\"https:\/\/www.upo.es\/diario\/wp-content\/uploads\/2025\/01\/conve_cmma01-1-750x500.jpg\" alt=\"El rector de la UPO, Francisco Oliva Bl\u00e1zquez, y el presidente del CMMA, Javier Noriega Hern\u00e1ndez.\" width=\"750\" height=\"500\" srcset=\"https:\/\/www.upo.es\/diario\/wp-content\/uploads\/2025\/01\/conve_cmma01-1-750x500.jpg 750w, https:\/\/www.upo.es\/diario\/wp-content\/uploads\/2025\/01\/conve_cmma01-1-420x280.jpg 420w, https:\/\/www.upo.es\/diario\/wp-content\/uploads\/2025\/01\/conve_cmma01-1-768x512.jpg 768w, https:\/\/www.upo.es\/diario\/wp-content\/uploads\/2025\/01\/conve_cmma01-1-1536x1024.jpg 1536w, https:\/\/www.upo.es\/diario\/wp-content\/uploads\/2025\/01\/conve_cmma01-1-2048x1365.jpg 2048w, https:\/\/www.upo.es\/diario\/wp-content\/uploads\/2025\/01\/conve_cmma01-1-165x109.jpg 165w, https:\/\/www.upo.es\/diario\/wp-content\/uploads\/2025\/01\/conve_cmma01-1-1320x880.jpg 1320w\" sizes=\"auto, (max-width: 750px) 100vw, 750px\" \/><\/a><figcaption id=\"caption-attachment-30884684\" class=\"wp-caption-text\">El rector de la UPO, Francisco Oliva Bl\u00e1zquez, y el presidente del CMMA, Javier Noriega Hern\u00e1ndez.<\/figcaption><\/figure>\n<p>El rector de la Universidad Pablo Olavide, Francisco Oliva Bl\u00e1zquez, y el presidente del Cl\u00faster Mar\u00edtimo-Marino de Andaluc\u00eda (CMMA), Javier Noriega Hern\u00e1ndez, han ratificado hoy un protocolo general de colaboraci\u00f3n con el fin de crear un monitor andaluz de Econom\u00eda Azul, una herramienta que servir\u00e1 para cuantificar el peso del sector en el seno del marco general econ\u00f3mico de la comunidad aut\u00f3noma, con el fin de que instituciones, organizaciones, asociaciones, empresas e investigadores tomen as\u00ed las mejores decisiones posibles al contar con m\u00e1s datos para ello.<\/p>\n<figure id=\"attachment_30884685\" aria-describedby=\"caption-attachment-30884685\" style=\"width: 420px\" class=\"wp-caption alignright\"><a href=\"https:\/\/www.upo.es\/diario\/wp-content\/uploads\/2025\/01\/conve_cmma02-1-scaled.jpg\"><img loading=\"lazy\" decoding=\"async\" class=\"wp-image-30884685 size-medium\" src=\"https:\/\/www.upo.es\/diario\/wp-content\/uploads\/2025\/01\/conve_cmma02-1-420x277.jpg\" alt=\"\" width=\"420\" height=\"277\" srcset=\"https:\/\/www.upo.es\/diario\/wp-content\/uploads\/2025\/01\/conve_cmma02-1-420x277.jpg 420w, https:\/\/www.upo.es\/diario\/wp-content\/uploads\/2025\/01\/conve_cmma02-1-750x494.jpg 750w, https:\/\/www.upo.es\/diario\/wp-content\/uploads\/2025\/01\/conve_cmma02-1-768x506.jpg 768w, https:\/\/www.upo.es\/diario\/wp-content\/uploads\/2025\/01\/conve_cmma02-1-1536x1012.jpg 1536w, https:\/\/www.upo.es\/diario\/wp-content\/uploads\/2025\/01\/conve_cmma02-1-2048x1349.jpg 2048w, https:\/\/www.upo.es\/diario\/wp-content\/uploads\/2025\/01\/conve_cmma02-1-380x250.jpg 380w, https:\/\/www.upo.es\/diario\/wp-content\/uploads\/2025\/01\/conve_cmma02-1-760x500.jpg 760w, https:\/\/www.upo.es\/diario\/wp-content\/uploads\/2025\/01\/conve_cmma02-1-165x109.jpg 165w, https:\/\/www.upo.es\/diario\/wp-content\/uploads\/2025\/01\/conve_cmma02-1-1320x870.jpg 1320w\" sizes=\"auto, (max-width: 420px) 100vw, 420px\" \/><\/a><figcaption id=\"caption-attachment-30884685\" class=\"wp-caption-text\">De izquierda a derecha, Jes\u00fas Cambra Fierro, el rector Francisco Oliva Bl\u00e1zquez, Javier Noriega Hern\u00e1ndez y Mar Recuna Mata , gerente del Cl\u00faster Mar\u00edtimo-Marino de Andaluc\u00eda.<\/figcaption><\/figure>\n<p>El monitor ser\u00e1 un \u00f3rgano de an\u00e1lisis sobre temas de inter\u00e9s que afectan a todos los subsectores relacionados con la Econom\u00eda Azul Sostenible de Andaluc\u00eda. En un principio, se va a realizar un informe objetivo y riguroso, explica Jes\u00fas Cambra Fierro, catedr\u00e1tico de Comercializaci\u00f3n e Investigaci\u00f3n de Mercados de la UPO, \u201cque mida el impacto de la Econom\u00eda Azul en Andaluc\u00eda. Adem\u00e1s, queremos establecer una metodolog\u00eda totalmente confiable y transparente que permita analizar la evoluci\u00f3n del sector y su impacto en la econom\u00eda andaluza\u201d, siguiendo as\u00ed los est\u00e1ndares propuestos por la Uni\u00f3n Europea. Aunque ese ser\u00e1 solo el punto de partida, porque, de forma progresiva, se van a a\u00f1adir una serie de indicadores y ratios complementarios que ayuden a empresas e instituciones p\u00fablicas a \u201ctomar decisiones adecuadas\u201d.<\/p>\n<p>Javier Noriega Hern\u00e1ndez, presidente del CMMA y de la Comisi\u00f3n de Econom\u00eda Azul y Puertos de la Confederaci\u00f3n de Empresarios de Andaluc\u00eda (CEA), por su parte, ha recordado que el Cl\u00faster ya efectu\u00f3, tambi\u00e9n de forma pionera, junto a la CEA, un diagn\u00f3stico de la Econom\u00eda Azul en la regi\u00f3n, reflejando la realidad estad\u00edstica y cualitativa de todos y cada uno de los subsectores, as\u00ed como proponiendo una serie de medidas para su impulso. \u201cLlevamos mucho tiempo diciendo que hay que medir el peso de la Econom\u00eda Azul Sostenible de Andaluc\u00eda. Nosotros ya lo hicimos, y ahora, con esta alianza estrat\u00e9gica con la UPO, aseguramos que un organismo vele espec\u00edficamente por un \u00e1mbito clave para el futuro econ\u00f3mico y social de la comunidad, un horizonte laboral para much\u00edsimos j\u00f3venes andaluces, lo que ayudar\u00e1, adem\u00e1s, a que empresas e instituciones p\u00fablicas tomen mejores decisiones, que est\u00e9n m\u00e1s informados a la hora de elegir un camino u otro\u201d.<\/p>\n<p>El rector de la Universidad Pablo de Olavide, Francisco Oliva Bl\u00e1zquez, ha destacado c\u00f3mo esta colaboraci\u00f3n entre la UPO y el Cl\u00faster Mar\u00edtimo-Marino de Andaluc\u00eda es un claro ejemplo de transferencia de conocimiento. \u201cCreemos firmemente que la investigaci\u00f3n y el saber generado en nuestras aulas y laboratorios deben trascender las fronteras acad\u00e9micas para transformarse en soluciones concretas que impulsen el desarrollo sostenible, la innovaci\u00f3n, el desarrollo econ\u00f3mico y empresarial y el progreso de nuestra sociedad\u201d.<\/p>\n<p>El monitor andaluz de Econom\u00eda Azul servir\u00e1 asimismo para valorar el impacto real de medidas e iniciativas espec\u00edficas, es decir, conocer de primera mano cu\u00e1l es el retorno de determinadas decisiones o pol\u00edticas. De esta forma, se va a analizar, en primer lugar, la informaci\u00f3n general disponible del sector de las distintas administraciones p\u00fablicas, cuantificando el n\u00famero de empresas vinculadas a la industria, prestando especial atenci\u00f3n a su perfil \u2014tama\u00f1o, antig\u00fcedad, estructura de propiedad y grado de internacionalizaci\u00f3n\u2014 con el fin de identificar fortalezas y debilidades sobre las que establecer pol\u00edticas de acci\u00f3n concretas.<\/p>\n<p>Tambi\u00e9n se elaborar\u00e1n informes de coyuntura anuales, extrapolando a nivel andaluz y espa\u00f1ol la estructura de los reportes del <em>Blue Economy Report<\/em> de la UE: estos estudios contendr\u00e1n datos desde el punto de vista de la oferta (empresas del sector), pero tambi\u00e9n de la evoluci\u00f3n de la demanda y de la intervenci\u00f3n de las instituciones. Es m\u00e1s, los investigadores no se van a centrar \u00fanicamente en indicadores cl\u00e1sicos como el impacto del sector en el PIB y en el empleo, sino que, de forma innovadora, se van a integrar un conjunto de indicadores relacionados con la sostenibilidad (contando con su triple enfoque: econ\u00f3mico, social y medioambiental). Todo ello, en conjunto y con diferentes niveles de agregaci\u00f3n, permitir\u00e1 a medio plazo contar con una serie de indicadores sint\u00e9ticos sobre el sector, con el fin de ver de una manera r\u00e1pida y sencilla su evoluci\u00f3n y perspectivas.<\/p>\n<p>\u201cSe plantea un monitor a medida del sector, susceptible de ir incorporando an\u00e1lisis e indicadores a demanda de los distintos grupos de inter\u00e9s, para garantizar que es una herramienta \u00fatil\u201d, explica Cambra Fierro, quien a\u00f1ade, acto seguido, que todos los informes e indicadores tendr\u00e1n su correspondiente manual de interpretaci\u00f3n.<\/p>\n<p>Cambra Fierro ha subrayado el potencial de esta herramienta para \u201cextrapolar el nivel de an\u00e1lisis a todo el conjunto de las industrias azules en Espa\u00f1a, pero tambi\u00e9n valorando la posibilidad de realizar an\u00e1lisis provinciales, comarcales o locales, as\u00ed como para cada uno de los subsectores\u201d.<\/p>\n<p>Los encargados de efectuar estos informes y an\u00e1lisis forman parte de un equipo liderado por profesorado e investigadores de la UPO, especializados en diversas metodolog\u00edas y enfoques cient\u00edficos adecuados para realizar estudios de impacto econ\u00f3mico, social y medioambiental, con experiencia contrastada en proyectos nacionales e internacionales. Varios de los miembros de este grupo han colaborado con la Comisi\u00f3n Europea y el Banco Mundial. A este colectivo se incorporan tambi\u00e9n profesores e investigadores de las universidades de Almer\u00eda, C\u00e1diz y M\u00e1laga.<\/p>\n<p>Noriega ha subrayado que los subsectores de la Econom\u00eda Azul andaluza generan 122.000 empleos y su aportaci\u00f3n al PIB auton\u00f3mico es superior a los 11%, adem\u00e1s de indicar que el hecho de medir el peso de la econom\u00eda de los mares en la regi\u00f3n permitir\u00e1 saber con mayor concreci\u00f3n las medidas de est\u00edmulo que han de serles aplicadas a estas compa\u00f1\u00edas tecnol\u00f3gicas, innovadoras y sostenibles que operan en subsectores tales como la pesca, la acuicultura y la industria de transformaci\u00f3n alimentaria, la log\u00edstica, los puertos y el transporte mar\u00edtimo, el turismo azul, la desalaci\u00f3n, la biotecnolog\u00eda y los cultivos marinos, la construcci\u00f3n y la industria naval, las energ\u00edas renovables marinas, la arqueolog\u00eda y la rob\u00f3tica subacu\u00e1ticas.<\/p>\n","protected":false},"excerpt":{"rendered":"<p>El rector de la Universidad Pablo Olavide, Francisco Oliva Bl\u00e1zquez, y el presidente del Cl\u00faster Mar\u00edtimo-Marino de Andaluc\u00eda (CMMA), Javier Noriega Hern\u00e1ndez, han ratificado hoy un protocolo general de colaboraci\u00f3n con el fin de crear un monitor andaluz de Econom\u00eda Azul, una herramienta que servir\u00e1 para cuantificar el peso del sector en el seno del marco general econ\u00f3mico de la comunidad aut\u00f3noma, con el fin de que instituciones, organizaciones, asociaciones, empresas e investigadores tomen as\u00ed las mejores decisiones posibles al contar con m\u00e1s datos para ello.<\/p>\n","protected":false},"author":2,"featured_media":30884727,"comment_status":"closed","ping_status":"open","sticky":false,"template":"","format":"standard","meta":{"_monsterinsights_skip_tracking":false,"_monsterinsights_sitenote_active":false,"_monsterinsights_sitenote_note":"","_monsterinsights_sitenote_category":0,"footnotes":""},"categories":[6],"tags":[9055,63,9054,6569,6799],"class_list":["post-30884682","post","type-post","status-publish","format-standard","has-post-thumbnail","hentry","category-institucional","tag-cluster-maritimo-marino-de-andalucia","tag-economia","tag-economia-azul","tag-protocolo-general-de-colaboracion","tag-transferencia-de-conocimiento"],"_links":{"self":[{"href":"https:\/\/www.upo.es\/diario\/wp-json\/wp\/v2\/posts\/30884682","targetHints":{"allow":["GET"]}}],"collection":[{"href":"https:\/\/www.upo.es\/diario\/wp-json\/wp\/v2\/posts"}],"about":[{"href":"https:\/\/www.upo.es\/diario\/wp-json\/wp\/v2\/types\/post"}],"author":[{"embeddable":true,"href":"https:\/\/www.upo.es\/diario\/wp-json\/wp\/v2\/users\/2"}],"replies":[{"embeddable":true,"href":"https:\/\/www.upo.es\/diario\/wp-json\/wp\/v2\/comments?post=30884682"}],"version-history":[{"count":2,"href":"https:\/\/www.upo.es\/diario\/wp-json\/wp\/v2\/posts\/30884682\/revisions"}],"predecessor-version":[{"id":30884686,"href":"https:\/\/www.upo.es\/diario\/wp-json\/wp\/v2\/posts\/30884682\/revisions\/30884686"}],"wp:featuredmedia":[{"embeddable":true,"href":"https:\/\/www.upo.es\/diario\/wp-json\/wp\/v2\/media\/30884727"}],"wp:attachment":[{"href":"https:\/\/www.upo.es\/diario\/wp-json\/wp\/v2\/media?parent=30884682"}],"wp:term":[{"taxonomy":"category","embeddable":true,"href":"https:\/\/www.upo.es\/diario\/wp-json\/wp\/v2\/categories?post=30884682"},{"taxonomy":"post_tag","embeddable":true,"href":"https:\/\/www.upo.es\/diario\/wp-json\/wp\/v2\/tags?post=30884682"}],"curies":[{"name":"wp","href":"https:\/\/api.w.org\/{rel}","templated":true}]}}