{"id":30884734,"date":"2025-01-13T21:18:59","date_gmt":"2025-01-13T20:18:59","guid":{"rendered":"https:\/\/www.upo.es\/diario\/?p=30884734"},"modified":"2025-02-05T13:55:41","modified_gmt":"2025-02-05T12:55:41","slug":"el-aula-abierta-de-mayores-de-la-upo-inaugura-su-vii-encuentro-provincial","status":"publish","type":"post","link":"https:\/\/www.upo.es\/diario\/comunidad\/2025\/01\/el-aula-abierta-de-mayores-de-la-upo-inaugura-su-vii-encuentro-provincial\/","title":{"rendered":"El Aula Abierta de Mayores de la UPO inaugura su VII Encuentro Provincial"},"content":{"rendered":"<p><a href=\"https:\/\/www.upo.es\/diario\/wp-content\/uploads\/2025\/01\/encuentro-provincial-1-e1737361415367.jpg\"><img loading=\"lazy\" decoding=\"async\" class=\"aligncenter wp-image-30884737 size-large\" src=\"https:\/\/www.upo.es\/diario\/wp-content\/uploads\/2025\/01\/encuentro-provincial-1-e1737361415367-750x410.jpg\" alt=\"VII Encuentro Provincial del Aula Abierta de Mayores de la Universidad Pablo de Olavide en Gilena\" width=\"750\" height=\"410\" srcset=\"https:\/\/www.upo.es\/diario\/wp-content\/uploads\/2025\/01\/encuentro-provincial-1-e1737361415367-750x410.jpg 750w, https:\/\/www.upo.es\/diario\/wp-content\/uploads\/2025\/01\/encuentro-provincial-1-e1737361415367-420x230.jpg 420w, https:\/\/www.upo.es\/diario\/wp-content\/uploads\/2025\/01\/encuentro-provincial-1-e1737361415367-768x420.jpg 768w, https:\/\/www.upo.es\/diario\/wp-content\/uploads\/2025\/01\/encuentro-provincial-1-e1737361415367.jpg 1300w\" sizes=\"auto, (max-width: 750px) 100vw, 750px\" \/><\/a>La Universidad Pablo de Olavide ha inaugurado en el municipio de Gilena el <strong>VII Encuentro Provincial del Aula Abierta de Mayores de la Universidad Pablo de Olavide<\/strong>, un encuentro que bajo el t\u00edtulo <strong>\u2018Gilena naci\u00f3 del agua\u2019<\/strong> acoger\u00e1 durante esta edici\u00f3n al alumnado del programa que podr\u00e1 conocer la historia, el patrimonio, el arte, las fiestas populares y la gastronom\u00eda de esta localidad.<\/p>\n<p><a href=\"https:\/\/www.upo.es\/diario\/wp-content\/uploads\/2025\/01\/encuentro-provincial.jpg\"><img loading=\"lazy\" decoding=\"async\" class=\"alignright size-medium wp-image-30884740\" src=\"https:\/\/www.upo.es\/diario\/wp-content\/uploads\/2025\/01\/encuentro-provincial-420x280.jpg\" alt=\"\" width=\"420\" height=\"280\" srcset=\"https:\/\/www.upo.es\/diario\/wp-content\/uploads\/2025\/01\/encuentro-provincial-420x280.jpg 420w, https:\/\/www.upo.es\/diario\/wp-content\/uploads\/2025\/01\/encuentro-provincial-750x500.jpg 750w, https:\/\/www.upo.es\/diario\/wp-content\/uploads\/2025\/01\/encuentro-provincial-768x512.jpg 768w, https:\/\/www.upo.es\/diario\/wp-content\/uploads\/2025\/01\/encuentro-provincial-165x109.jpg 165w, https:\/\/www.upo.es\/diario\/wp-content\/uploads\/2025\/01\/encuentro-provincial.jpg 1300w\" sizes=\"auto, (max-width: 420px) 100vw, 420px\" \/><\/a>La inauguraci\u00f3n del encuentro, estuvo presidida por la vicerrectora de Cultura y Pol\u00edticas Sociales, <strong>Laura G\u00f3mez Ruiz<\/strong>; y por el alcalde de la localidad de Gilena, <strong>Jos\u00e9 Manuel Ruiz Jurado<\/strong>. Adem\u00e1s, tambi\u00e9n estuvieron presentes en la inauguraci\u00f3n el alcalde de Santiponce, <strong>Juan Jos\u00e9 Ortega Gord\u00f3n<\/strong>; la directora acad\u00e9mica del aula Abierta de Mayores, <strong>Manuela Dom\u00ednguez Orta<\/strong>; la teniente-alcalde y delegada de Cultura y Patrimonio de Gilena, Pilar Rodr\u00edguez Reina; y la delegada de Bienestar Social del Ayuntamiento de Santiponce, Francisca Mateos; as\u00ed como el equipo de coordinaci\u00f3n del programa, los coordinadores de los municipios de Gilena y Santiponce y estudiantes de ambos municipios.<\/p>\n<p>Durante la inauguraci\u00f3n se destac\u00f3 el valor del fomento de la educaci\u00f3n de las personas mayores a trav\u00e9s de la riqueza cultural y patrimonial de los municipios, as\u00ed como el aprendizaje continuo y la excelente labor realizada por el alumnado anfitri\u00f3n para mostrar la localidad al resto de compa\u00f1eros y compa\u00f1eras. Gilena tom\u00f3 el testigo de la sede de Santiponce, anfitriona del encuentro durante el a\u00f1o 2024, y por ella pasar\u00e1n a lo largo de los pr\u00f3ximos meses cada una de las sedes municipales que conforman el programa Aula Abierta de Mayores, compuesto por 23 sedes y un total de 1.263 alumnos y alumnas.<\/p>\n<p>El Encuentro Provincial, que se viene realizando desde el a\u00f1o 2016, forma parte de las acciones recogidas en el <strong>Programa de Envejecimiento Activo y Solidaridad Intergeneracional del Aula Abierta de Mayores<\/strong> para el curso actual y que recoge tambi\u00e9n acciones como seminarios acad\u00e9micos y jornadas culturales que se celebrar\u00e1n tambi\u00e9n en los pr\u00f3ximos meses.<\/p>\n<p>El Aula Abierta de Mayores de la UPO, perteneciente al Vicerrectorado de Cultura y Pol\u00edticas Sociales de la Universidad Pablo de Olavide y gestionado por la Fundaci\u00f3n Universidad Pablo de Olavide, es un programa universitario para personas mayores de 50 a\u00f1os, de formaci\u00f3n cient\u00edfica, cultura y social que persigue mejorar la calidad de vida de estas personas y fomentar su participaci\u00f3n como dinamizadores y dinamizadoras sociales. El programa est\u00e1 financiado por la Consejer\u00eda de Inclusi\u00f3n Social, Juventud y Familias de la Junta de Andaluc\u00eda, la Diputaci\u00f3n Provincial de Sevilla y la Fundaci\u00f3n La Caixa.<\/p>\n<p>Durante el curso 2024\/2025, forman parte del Aula Abierta de Mayores los municipios sevillanos de Alcal\u00e1 de Guada\u00edra, Almensilla, Aznalc\u00f3llar, Bollullos de la Mitaci\u00f3n, Bormujos, Casariche, Castilleja de la Cuesta, Dos Hermanas, El Viso del Alcor, Gerena, Gilena, Gines, Herrera, La Algaba, La Puebla de Cazalla, las Cabezas de San Juan, Lebrija, Mairena del Alcor, Pedrera, Pilas, Salteras, Santiponce y Tomares.<\/p>\n<p>Fuente: Fundaci\u00f3n Universidad Pablo de Olavide<\/p>\n","protected":false},"excerpt":{"rendered":"<p>\u2018Gilena naci\u00f3 del agua\u2019 el lema de este encuentro provincial que tiene como sede anfitriona a la localidad de Gilena por la que pasar\u00e1n a lo largo de los pr\u00f3ximos meses lo m\u00e1s de 1.200 alumnos y alumnas que forman parte de este programa.<\/p>\n","protected":false},"author":6,"featured_media":30884737,"comment_status":"closed","ping_status":"open","sticky":false,"template":"","format":"standard","meta":{"_monsterinsights_skip_tracking":false,"_monsterinsights_sitenote_active":false,"_monsterinsights_sitenote_note":"","_monsterinsights_sitenote_category":0,"footnotes":""},"categories":[5842],"tags":[52,8700,2474,4114,7194],"class_list":["post-30884734","post","type-post","status-publish","format-standard","has-post-thumbnail","hentry","category-comunidad","tag-aula-abierta-de-mayores","tag-encuentro-provincial","tag-fundacion-universidad-pablo-de-olavide","tag-gilena","tag-vicerrectorado-de-cultura-y-politicas-sociales"],"_links":{"self":[{"href":"https:\/\/www.upo.es\/diario\/wp-json\/wp\/v2\/posts\/30884734","targetHints":{"allow":["GET"]}}],"collection":[{"href":"https:\/\/www.upo.es\/diario\/wp-json\/wp\/v2\/posts"}],"about":[{"href":"https:\/\/www.upo.es\/diario\/wp-json\/wp\/v2\/types\/post"}],"author":[{"embeddable":true,"href":"https:\/\/www.upo.es\/diario\/wp-json\/wp\/v2\/users\/6"}],"replies":[{"embeddable":true,"href":"https:\/\/www.upo.es\/diario\/wp-json\/wp\/v2\/comments?post=30884734"}],"version-history":[{"count":2,"href":"https:\/\/www.upo.es\/diario\/wp-json\/wp\/v2\/posts\/30884734\/revisions"}],"predecessor-version":[{"id":30884741,"href":"https:\/\/www.upo.es\/diario\/wp-json\/wp\/v2\/posts\/30884734\/revisions\/30884741"}],"wp:featuredmedia":[{"embeddable":true,"href":"https:\/\/www.upo.es\/diario\/wp-json\/wp\/v2\/media\/30884737"}],"wp:attachment":[{"href":"https:\/\/www.upo.es\/diario\/wp-json\/wp\/v2\/media?parent=30884734"}],"wp:term":[{"taxonomy":"category","embeddable":true,"href":"https:\/\/www.upo.es\/diario\/wp-json\/wp\/v2\/categories?post=30884734"},{"taxonomy":"post_tag","embeddable":true,"href":"https:\/\/www.upo.es\/diario\/wp-json\/wp\/v2\/tags?post=30884734"}],"curies":[{"name":"wp","href":"https:\/\/api.w.org\/{rel}","templated":true}]}}