{"id":30884759,"date":"2025-01-21T18:16:00","date_gmt":"2025-01-21T17:16:00","guid":{"rendered":"https:\/\/www.upo.es\/diario\/?p=30884759"},"modified":"2025-01-28T13:30:43","modified_gmt":"2025-01-28T12:30:43","slug":"el-seminario-del-master-en-derechos-humanos-llega-a-su-15a-edicion-centrado-en-la-revision-del-pensamiento-critico","status":"publish","type":"post","link":"https:\/\/www.upo.es\/diario\/docencia-formacion\/2025\/01\/el-seminario-del-master-en-derechos-humanos-llega-a-su-15a-edicion-centrado-en-la-revision-del-pensamiento-critico\/","title":{"rendered":"El Seminario del M\u00e1ster en Derechos Humanos llega a su 15\u00aa edici\u00f3n centrado en la revisi\u00f3n del pensamiento cr\u00edtico"},"content":{"rendered":"<p><a href=\"https:\/\/www.upo.es\/diario\/wp-content\/uploads\/2025\/01\/21012025-Sem-Pens-Critico-DDHH-8738-scaled.jpg\"><img loading=\"lazy\" decoding=\"async\" class=\"aligncenter size-large wp-image-30884767\" src=\"https:\/\/www.upo.es\/diario\/wp-content\/uploads\/2025\/01\/21012025-Sem-Pens-Critico-DDHH-8738-750x500.jpg\" alt=\"\" width=\"750\" height=\"500\" srcset=\"https:\/\/www.upo.es\/diario\/wp-content\/uploads\/2025\/01\/21012025-Sem-Pens-Critico-DDHH-8738-750x500.jpg 750w, https:\/\/www.upo.es\/diario\/wp-content\/uploads\/2025\/01\/21012025-Sem-Pens-Critico-DDHH-8738-420x280.jpg 420w, https:\/\/www.upo.es\/diario\/wp-content\/uploads\/2025\/01\/21012025-Sem-Pens-Critico-DDHH-8738-768x512.jpg 768w, https:\/\/www.upo.es\/diario\/wp-content\/uploads\/2025\/01\/21012025-Sem-Pens-Critico-DDHH-8738-1536x1024.jpg 1536w, https:\/\/www.upo.es\/diario\/wp-content\/uploads\/2025\/01\/21012025-Sem-Pens-Critico-DDHH-8738-2048x1365.jpg 2048w\" sizes=\"auto, (max-width: 750px) 100vw, 750px\" \/><\/a>La <a href=\"https:\/\/eventos.upo.es\/event_detail\/128416\/detail\/seminario-internacional-de-teoria-critica-de-los-derechos-humanos.html\">15\u00aa edici\u00f3n del Seminario Internacional de Teor\u00eda Cr\u00edtica en Derechos Humanos<\/a> ha comenzado esta tarde en la Universidad Pablo de Olavide con el t\u00edtulo <strong>&#8216;Repensar el Pensamiento Cr\u00edtico. Emergencias, revisitas, cruces y (re)invenciones&#8217;<\/strong>. Organizado anualmente en el marco del <a href=\"https:\/\/www.upo.es\/master\/Master-Oficial-Derechos-Humanos-Interculturalidad-y-Desarrollo\/\">M\u00e1ster Universitario en Derechos Humanos, Interculturalidad y Desarrollo<\/a>, impartido por la UPO y la UNIA, ha sido presentado por sus directores, Francisco Infante y Carol Proner, junto al rector de la Olavide Francisco Oliva y al vicerrector de Postgrado de la UNIA, Jos\u00e9 Antonio Ordaz. El seminario cuenta con la colaboraci\u00f3n del <strong>Instituto Joaqu\u00edn Herrera Flores<\/strong> y la <strong>Asociaci\u00f3n Rosario Valpuesta<\/strong>.<\/p>\n<p>Programado en torno a cinco paneles y una mesa redonda final de debate y reflexi\u00f3n, <strong>el Seminario contar\u00e1 hasta el pr\u00f3ximo jueves con la presencia de m\u00e1s de cincuenta ponentes, juristas y docentes<\/strong>, que analizar\u00e1n la interacci\u00f3n entre pol\u00edtica y derechos humanos, con especial atenci\u00f3n a las &#8216;emergencias&#8217; y a la necesaria redefinici\u00f3n del pensamiento cr\u00edtico en este \u00e1mbito.<\/p>\n<p><a href=\"https:\/\/www.upo.es\/diario\/wp-content\/uploads\/2025\/01\/21012025-Sem-Pens-Critico-DDHH-8811-scaled.jpg\"><img loading=\"lazy\" decoding=\"async\" class=\"alignleft size-medium wp-image-30884768\" src=\"https:\/\/www.upo.es\/diario\/wp-content\/uploads\/2025\/01\/21012025-Sem-Pens-Critico-DDHH-8811-420x280.jpg\" alt=\"\" width=\"420\" height=\"280\" srcset=\"https:\/\/www.upo.es\/diario\/wp-content\/uploads\/2025\/01\/21012025-Sem-Pens-Critico-DDHH-8811-420x280.jpg 420w, https:\/\/www.upo.es\/diario\/wp-content\/uploads\/2025\/01\/21012025-Sem-Pens-Critico-DDHH-8811-750x500.jpg 750w, https:\/\/www.upo.es\/diario\/wp-content\/uploads\/2025\/01\/21012025-Sem-Pens-Critico-DDHH-8811-768x512.jpg 768w, https:\/\/www.upo.es\/diario\/wp-content\/uploads\/2025\/01\/21012025-Sem-Pens-Critico-DDHH-8811-1536x1024.jpg 1536w, https:\/\/www.upo.es\/diario\/wp-content\/uploads\/2025\/01\/21012025-Sem-Pens-Critico-DDHH-8811-2048x1365.jpg 2048w, https:\/\/www.upo.es\/diario\/wp-content\/uploads\/2025\/01\/21012025-Sem-Pens-Critico-DDHH-8811-165x109.jpg 165w, https:\/\/www.upo.es\/diario\/wp-content\/uploads\/2025\/01\/21012025-Sem-Pens-Critico-DDHH-8811-1320x880.jpg 1320w\" sizes=\"auto, (max-width: 420px) 100vw, 420px\" \/><\/a>\u00abRepensar el pensamiento cr\u00edtico es pensar en las condiciones necesarias para el desarrollo humano\u00bb, ha declarado durante la sesi\u00f3n inaugural <strong>Francisco Infante<\/strong>, codirector del M\u00e1ster Interuniversitario, que ha afirmado que los derechos humanos \u00abson la gran invenci\u00f3n hist\u00f3rica de la Humanidad, y c\u00f3mo tal, tambi\u00e9n puede ser reinventada\u00bb. Por su parte, <strong>Carol Proner<\/strong>, del Instituto Joaqu\u00edn Herrera Flores y profesora de la Universidade Federal do Rio de Janeiro (UFRJ), ha se\u00f1alado que \u00aben una \u00e9poca de mentiras y falsedades el pensamiento es un acto revolucionario\u00bb. La tambi\u00e9n codirectora del M\u00e1ster ha abundado en la necesidad de reflexionar sobre los derechos humanos \u00abpara que puedan continuar con su traves\u00eda\u00bb.<\/p>\n<p>El rector de la Universidad Pablo de Olavide, tras agradecer a las entidades, instituciones y personas que hacen posible que el Seminario Internacional celebre su 15\u00aa edici\u00f3n, ha recordado las contribuciones de Rosario Valpuesta y Joaqu\u00edn Herrera en el campo de los derechos humanos, \u00abdos personas que nunca dejar\u00e1n de estar en la academia\u00bb, as\u00ed como la importancia que tuvieron en la construcci\u00f3n de la Universidad. <strong>Francisco Oliva<\/strong> ha reivindicado la imaginaci\u00f3n pol\u00edtica y la \u00abcapacidad de pensar nuevos horizontes\u00bb, adem\u00e1s de recordar que los derechos humanos requieren \u00abpr\u00e1cticas de resistencia\u00bb, citando al profesor Herrera.<\/p>\n<p>El M\u00e1ster Universitario en Derechos Humanos, Interculturalidad y Desarrollo facilita una visi\u00f3n integral y contextualizada de los derechos humanos en Europa, teniendo en cuenta la relaci\u00f3n entre normativa y jurisprudencia internacional y su influencia en el desarrollo econ\u00f3mico, tanto en el continente europeo como en \u00c1frica y Am\u00e9rica Latina.<\/p>\n<figure id=\"attachment_30884770\" aria-describedby=\"caption-attachment-30884770\" style=\"width: 750px\" class=\"wp-caption aligncenter\"><a href=\"https:\/\/www.upo.es\/diario\/wp-content\/uploads\/2025\/01\/21012025-Sem-Pens-Critico-DDHH-8832-scaled.jpg\"><img loading=\"lazy\" decoding=\"async\" class=\"size-large wp-image-30884770\" src=\"https:\/\/www.upo.es\/diario\/wp-content\/uploads\/2025\/01\/21012025-Sem-Pens-Critico-DDHH-8832-750x422.jpg\" alt=\"Antonio Ordaz, Francisco Oliva, Carol Proner, Francisco Infante, Prudente Mello\" width=\"750\" height=\"422\" srcset=\"https:\/\/www.upo.es\/diario\/wp-content\/uploads\/2025\/01\/21012025-Sem-Pens-Critico-DDHH-8832-750x422.jpg 750w, https:\/\/www.upo.es\/diario\/wp-content\/uploads\/2025\/01\/21012025-Sem-Pens-Critico-DDHH-8832-420x236.jpg 420w, https:\/\/www.upo.es\/diario\/wp-content\/uploads\/2025\/01\/21012025-Sem-Pens-Critico-DDHH-8832-768x432.jpg 768w, https:\/\/www.upo.es\/diario\/wp-content\/uploads\/2025\/01\/21012025-Sem-Pens-Critico-DDHH-8832-1536x864.jpg 1536w, https:\/\/www.upo.es\/diario\/wp-content\/uploads\/2025\/01\/21012025-Sem-Pens-Critico-DDHH-8832-2048x1152.jpg 2048w, https:\/\/www.upo.es\/diario\/wp-content\/uploads\/2025\/01\/21012025-Sem-Pens-Critico-DDHH-8832-1320x743.jpg 1320w\" sizes=\"auto, (max-width: 750px) 100vw, 750px\" \/><\/a><figcaption id=\"caption-attachment-30884770\" class=\"wp-caption-text\">Jos\u00e9 Antonio Ordaz, Francisco Oliva, Carol Proner, Francisco Infante y Prudente Mello en la presentaci\u00f3n del Seminario<\/figcaption><\/figure>\n","protected":false},"excerpt":{"rendered":"<p>La 15\u00aa edici\u00f3n del Seminario Internacional de Teor\u00eda Cr\u00edtica en Derechos Humanos ha comenzado esta tarde en la Universidad Pablo de Olavide con el t\u00edtulo &#8216;Repensar el Pensamiento Cr\u00edtico. Emergencias, revisitas, cruces y (re)invenciones&#8217;. Organizado anualmente en el marco del M\u00e1ster Universitario en Derechos Humanos, Interculturalidad y Desarrollo, impartido por la UPO y la UNIA, ha sido presentado por sus directores, Francisco Infante y Carol Proner, y por el rector Francisco Oliva. El seminario cuenta con la colaboraci\u00f3n del Instituto Joaqu\u00edn Herrera Flores y la Asociaci\u00f3n Rosario Valpuesta.<\/p>\n","protected":false},"author":6,"featured_media":30884767,"comment_status":"closed","ping_status":"open","sticky":false,"template":"","format":"standard","meta":{"_monsterinsights_skip_tracking":false,"_monsterinsights_sitenote_active":false,"_monsterinsights_sitenote_note":"","_monsterinsights_sitenote_category":0,"footnotes":""},"categories":[2779],"tags":[154,92,4641,1577,82,170],"class_list":["post-30884759","post","type-post","status-publish","format-standard","has-post-thumbnail","hentry","category-docencia-formacion","tag-brasil","tag-derechos-humanos","tag-instituto-joaquin-herrera-flores","tag-master-universitario","tag-postgrado","tag-unia"],"_links":{"self":[{"href":"https:\/\/www.upo.es\/diario\/wp-json\/wp\/v2\/posts\/30884759","targetHints":{"allow":["GET"]}}],"collection":[{"href":"https:\/\/www.upo.es\/diario\/wp-json\/wp\/v2\/posts"}],"about":[{"href":"https:\/\/www.upo.es\/diario\/wp-json\/wp\/v2\/types\/post"}],"author":[{"embeddable":true,"href":"https:\/\/www.upo.es\/diario\/wp-json\/wp\/v2\/users\/6"}],"replies":[{"embeddable":true,"href":"https:\/\/www.upo.es\/diario\/wp-json\/wp\/v2\/comments?post=30884759"}],"version-history":[{"count":13,"href":"https:\/\/www.upo.es\/diario\/wp-json\/wp\/v2\/posts\/30884759\/revisions"}],"predecessor-version":[{"id":30884791,"href":"https:\/\/www.upo.es\/diario\/wp-json\/wp\/v2\/posts\/30884759\/revisions\/30884791"}],"wp:featuredmedia":[{"embeddable":true,"href":"https:\/\/www.upo.es\/diario\/wp-json\/wp\/v2\/media\/30884767"}],"wp:attachment":[{"href":"https:\/\/www.upo.es\/diario\/wp-json\/wp\/v2\/media?parent=30884759"}],"wp:term":[{"taxonomy":"category","embeddable":true,"href":"https:\/\/www.upo.es\/diario\/wp-json\/wp\/v2\/categories?post=30884759"},{"taxonomy":"post_tag","embeddable":true,"href":"https:\/\/www.upo.es\/diario\/wp-json\/wp\/v2\/tags?post=30884759"}],"curies":[{"name":"wp","href":"https:\/\/api.w.org\/{rel}","templated":true}]}}