{"id":30884782,"date":"2025-01-23T06:36:20","date_gmt":"2025-01-23T05:36:20","guid":{"rendered":"https:\/\/www.upo.es\/diario\/?p=30884782"},"modified":"2025-01-23T16:37:18","modified_gmt":"2025-01-23T15:37:18","slug":"sistema-penal-y-criminologia-sispecrim","status":"publish","type":"post","link":"https:\/\/www.upo.es\/diario\/video\/2025\/01\/sistema-penal-y-criminologia-sispecrim\/","title":{"rendered":"Sistema penal y criminolog\u00eda &#8211; SISPECRIM"},"content":{"rendered":"<p><iframe loading=\"lazy\" title=\"YouTube video player\" src=\"https:\/\/www.youtube.com\/embed\/sLRvbGiJhHk?si=YRqMlQWW8q42TGQw\" width=\"560\" height=\"315\" frameborder=\"0\" allowfullscreen=\"allowfullscreen\"><\/iframe><\/p>\n<p>Compuesto por expertos en Derecho penal, procesal y criminolog\u00eda, este grupo aborda algunos de los temas m\u00e1s actuales y problem\u00e1ticos del Derecho Penal de nuestros d\u00edas. <strong>Con gran repercusi\u00f3n cient\u00edfica, sus investigaciones se centran en la persecuci\u00f3n de discursos terroristas y yihadistas, los delitos y discursos de odio, y los desaf\u00edos de la desinformaci\u00f3n en redes sociales<\/strong>. Estudian estas problem\u00e1ticas de forma multidisciplinar, analizando aspectos como el tratamiento de datos personales, la investigaci\u00f3n penal de fen\u00f3menos internacionales y el impacto social y tecnol\u00f3gico de estas conductas. Con una amplia colaboraci\u00f3n con universidades, autoridades y ONGs, este grupo se ha consolidado como referente nacional e internacional, promoviendo un equilibrio entre la eficacia del sistema penal y la protecci\u00f3n de derechos fundamentales como la libertad de expresi\u00f3n, la intimidad y la inviolabilidad de las comunicaciones.<\/p>\n","protected":false},"excerpt":{"rendered":"<p>Compuesto por expertos en Derecho penal, procesal y criminolog\u00eda, este grupo aborda algunos de los temas m\u00e1s actuales y problem\u00e1ticos del Derecho Penal de nuestros d\u00edas. Con gran repercusi\u00f3n cient\u00edfica, sus investigaciones se centran en la persecuci\u00f3n de discursos terroristas y yihadistas, los delitos y discursos de odio, y los desaf\u00edos de la desinformaci\u00f3n en redes sociales.<\/p>\n","protected":false},"author":6,"featured_media":30884783,"comment_status":"closed","ping_status":"open","sticky":false,"template":"","format":"video","meta":{"_monsterinsights_skip_tracking":false,"_monsterinsights_sitenote_active":false,"_monsterinsights_sitenote_note":"","_monsterinsights_sitenote_category":0,"footnotes":""},"categories":[6038],"tags":[532,4801,842,2017,8065,6490,7457,482,2496],"class_list":["post-30884782","post","type-post","status-publish","format-video","has-post-thumbnail","hentry","category-video","tag-criminologia","tag-departamento-de-derecho-publico","tag-derecho-penal","tag-derecho-procesal","tag-desinformacion","tag-dia-de-la-universidad-pablo-de-olavide","tag-discurso-del-odio","tag-terrorismo","tag-yihadismo","post_format-post-format-video"],"_links":{"self":[{"href":"https:\/\/www.upo.es\/diario\/wp-json\/wp\/v2\/posts\/30884782","targetHints":{"allow":["GET"]}}],"collection":[{"href":"https:\/\/www.upo.es\/diario\/wp-json\/wp\/v2\/posts"}],"about":[{"href":"https:\/\/www.upo.es\/diario\/wp-json\/wp\/v2\/types\/post"}],"author":[{"embeddable":true,"href":"https:\/\/www.upo.es\/diario\/wp-json\/wp\/v2\/users\/6"}],"replies":[{"embeddable":true,"href":"https:\/\/www.upo.es\/diario\/wp-json\/wp\/v2\/comments?post=30884782"}],"version-history":[{"count":2,"href":"https:\/\/www.upo.es\/diario\/wp-json\/wp\/v2\/posts\/30884782\/revisions"}],"predecessor-version":[{"id":30884808,"href":"https:\/\/www.upo.es\/diario\/wp-json\/wp\/v2\/posts\/30884782\/revisions\/30884808"}],"wp:featuredmedia":[{"embeddable":true,"href":"https:\/\/www.upo.es\/diario\/wp-json\/wp\/v2\/media\/30884783"}],"wp:attachment":[{"href":"https:\/\/www.upo.es\/diario\/wp-json\/wp\/v2\/media?parent=30884782"}],"wp:term":[{"taxonomy":"category","embeddable":true,"href":"https:\/\/www.upo.es\/diario\/wp-json\/wp\/v2\/categories?post=30884782"},{"taxonomy":"post_tag","embeddable":true,"href":"https:\/\/www.upo.es\/diario\/wp-json\/wp\/v2\/tags?post=30884782"}],"curies":[{"name":"wp","href":"https:\/\/api.w.org\/{rel}","templated":true}]}}