{"id":30884787,"date":"2025-01-23T11:46:11","date_gmt":"2025-01-23T10:46:11","guid":{"rendered":"https:\/\/www.upo.es\/diario\/?p=30884787"},"modified":"2025-01-28T13:30:36","modified_gmt":"2025-01-28T12:30:36","slug":"universidad-pablo-olavide-acoge-congreso-internacional-investigacion-lectura-facil","status":"publish","type":"post","link":"https:\/\/www.upo.es\/diario\/docencia-formacion\/2025\/01\/universidad-pablo-olavide-acoge-congreso-internacional-investigacion-lectura-facil\/","title":{"rendered":"La Universidad Pablo de Olavide acoge el Congreso Internacional sobre Investigaci\u00f3n en Lectura F\u00e1cil"},"content":{"rendered":"<figure id=\"attachment_30884785\" aria-describedby=\"caption-attachment-30884785\" style=\"width: 750px\" class=\"wp-caption aligncenter\"><a href=\"https:\/\/www.upo.es\/diario\/wp-content\/uploads\/2025\/01\/congreso_lecturafacil01-1-scaled.jpg\"><img loading=\"lazy\" decoding=\"async\" class=\"wp-image-30884785 size-large\" src=\"https:\/\/www.upo.es\/diario\/wp-content\/uploads\/2025\/01\/congreso_lecturafacil01-1-750x420.jpg\" alt=\"\" width=\"750\" height=\"420\" srcset=\"https:\/\/www.upo.es\/diario\/wp-content\/uploads\/2025\/01\/congreso_lecturafacil01-1-750x420.jpg 750w, https:\/\/www.upo.es\/diario\/wp-content\/uploads\/2025\/01\/congreso_lecturafacil01-1-420x235.jpg 420w, https:\/\/www.upo.es\/diario\/wp-content\/uploads\/2025\/01\/congreso_lecturafacil01-1-768x430.jpg 768w, https:\/\/www.upo.es\/diario\/wp-content\/uploads\/2025\/01\/congreso_lecturafacil01-1-1536x859.jpg 1536w, https:\/\/www.upo.es\/diario\/wp-content\/uploads\/2025\/01\/congreso_lecturafacil01-1-2048x1146.jpg 2048w, https:\/\/www.upo.es\/diario\/wp-content\/uploads\/2025\/01\/congreso_lecturafacil01-1-1320x739.jpg 1320w\" sizes=\"auto, (max-width: 750px) 100vw, 750px\" \/><\/a><figcaption id=\"caption-attachment-30884785\" class=\"wp-caption-text\">A lo largo de dos d\u00edas, los y las ponentes presentar\u00e1n hallazgos y compartir\u00e1n experiencias que abordan la lectura f\u00e1cil desde diversas perspectivas.<\/figcaption><\/figure>\n<p>La Universidad Pablo de Olavide acoge los d\u00edas 23 y 24 de enero la celebraci\u00f3n del <strong>Congreso Internacional sobre Investigaci\u00f3n en Lectura F\u00e1cil<\/strong>, un evento que re\u00fane a investigadores e investigadoras y personas expertas de diversas disciplinas para profundizar en esta herramienta clave de accesibilidad cognitiva.<\/p>\n<p>Este congreso forma parte del proyecto estatal coordinado \u2018<strong>Lectura f\u00e1cil y lenguaje simplificado. Acceso multimodal al patrimonio\u2019 (LECPAT)<\/strong>, compuesto por dos subproyectos: \u2018Traducci\u00f3n y lenguaje simplificado del patrimonio para todos. Herramienta de an\u00e1lisis y consulta\u2019 (<strong>TALENTO)<\/strong>, liderado por las profesoras <strong>Catalina Jim\u00e9nez Hurtado<\/strong> y <strong>Cristina \u00c1lvarez<\/strong> (Universidad de Granada), y \u2018Sistemas pictogr\u00e1ficos y elementos visuales para comprender el patrimonio. Traducci\u00f3n intersemi\u00f3tica a lectura f\u00e1cil\u2019 (<strong>VISUALECT)<\/strong>, bajo la direcci\u00f3n de <strong>Ana Medina Reguera<\/strong> y <strong>Juan Antonio Prieto Velasco<\/strong> (Universidad Pablo de Olavide).<\/p>\n<h3><strong>Una herramienta clave para la accesibilidad cognitiva<\/strong><\/h3>\n<p>La lectura f\u00e1cil, reconocida por la Ley 6\/2022, de 31 de marzo, como un derecho que regula la accesibilidad cognitiva, facilita la comprensi\u00f3n y con ella el acceso al aprendizaje, al conocimiento, al disfrute y al ocio de varios colectivos vulnerables. Para las personas con discapacidad intelectual y del desarrollo constituyen una importante v\u00eda para la igualdad de derechos y oportunidades. Sin embargo, los estudios cient\u00edficos sobre esta modalidad de lenguaje todav\u00eda son escasos, lo que hace que este congreso sea una oportunidad \u00fanica para avanzar en el conocimiento y la investigaci\u00f3n en esta \u00e1rea.<\/p>\n<figure id=\"attachment_30884786\" aria-describedby=\"caption-attachment-30884786\" style=\"width: 420px\" class=\"wp-caption alignright\"><a href=\"https:\/\/www.upo.es\/diario\/wp-content\/uploads\/2025\/01\/congreso_lecturafacil02-1-scaled.jpg\"><img loading=\"lazy\" decoding=\"async\" class=\"wp-image-30884786 size-medium\" src=\"https:\/\/www.upo.es\/diario\/wp-content\/uploads\/2025\/01\/congreso_lecturafacil02-1-420x256.jpg\" alt=\"\" width=\"420\" height=\"256\" srcset=\"https:\/\/www.upo.es\/diario\/wp-content\/uploads\/2025\/01\/congreso_lecturafacil02-1-420x256.jpg 420w, https:\/\/www.upo.es\/diario\/wp-content\/uploads\/2025\/01\/congreso_lecturafacil02-1-750x457.jpg 750w, https:\/\/www.upo.es\/diario\/wp-content\/uploads\/2025\/01\/congreso_lecturafacil02-1-768x468.jpg 768w, https:\/\/www.upo.es\/diario\/wp-content\/uploads\/2025\/01\/congreso_lecturafacil02-1-1536x935.jpg 1536w, https:\/\/www.upo.es\/diario\/wp-content\/uploads\/2025\/01\/congreso_lecturafacil02-1-2048x1247.jpg 2048w, https:\/\/www.upo.es\/diario\/wp-content\/uploads\/2025\/01\/congreso_lecturafacil02-1-1320x804.jpg 1320w\" sizes=\"auto, (max-width: 420px) 100vw, 420px\" \/><\/a><figcaption id=\"caption-attachment-30884786\" class=\"wp-caption-text\">De izquierda a derecha, Catalina Jim\u00e9nez; el director del Departamento de Filolog\u00eda y Traducci\u00f3n Juan Miguel Cuartero; la decana de la Facultad de Humanidades Mar\u00eda Losada, Ana Medina y Juan Antonio Prieto, en la presentaci\u00f3n del congreso.<\/figcaption><\/figure>\n<p>Durante los dos d\u00edas del evento, investigadores e investigadoras de 18 universidades nacionales e internacionales, junto con personas expertas de entidades como Plena Inclusi\u00f3n y el Centro Espa\u00f1ol de Accesibilidad Cognitiva (CEACOG), presentar\u00e1n hallazgos y compartir\u00e1n experiencias que abordan la lectura f\u00e1cil desde diversas perspectivas. Adem\u00e1s, centros de investigaci\u00f3n como el INICO de la Universidad de Salamanca o el Observatorio Nebrija de la Lengua mostrar\u00e1n sus trabajos.<\/p>\n<h3><strong>Investigaci\u00f3n interdisciplinar e innovadora<\/strong><\/h3>\n<p>En particular, en este congreso se ahonda en la lectura f\u00e1cil como una modalidad de traducci\u00f3n entre variedades de la misma lengua (intraling\u00fc\u00edstica) y que se enmarca dentro de la l\u00ednea de investigaci\u00f3n de traducci\u00f3n para la accesibilidad, junto a la audiodescripci\u00f3n o el subtitulado.<\/p>\n<p>Asimismo, se analizar\u00e1 su relaci\u00f3n con otras disciplinas como la traducci\u00f3n, la psicolog\u00eda, la inform\u00e1tica, la ling\u00fc\u00edstica, la arqueolog\u00eda, la museolog\u00eda, las bellas artes o la did\u00e1ctica. Adem\u00e1s, se contar\u00e1 con la presencia de figuras de gran relevancia en el estudio de la lectura f\u00e1cil como <strong>Barbara Arf\u00e9<\/strong> (Universidad de Padua) y <strong>Sabina Sieghart<\/strong> (Universidad de Hasselt) o <strong>S\u00edlvia Hansen-Schirra<\/strong> (Universidad de Mainz). El componente multimodal de los textos, la relaci\u00f3n intersemi\u00f3tica texto-imagen y la inteligencia artificial estar\u00e1n muy presentes en las contribuciones.<\/p>\n<h3><strong>Colaboraci\u00f3n con asociaciones<\/strong><\/h3>\n<p>Varias asociaciones de personas con discapacidad intelectual de Sevilla, C\u00f3rdoba y Granada han colaborado con el proyecto de investigaci\u00f3n: Aspace Sevilla, Paz y Bien, Down Granada, Futuro Singular, Hermanas Hospitalarias, entre otras.<\/p>\n<p>Por \u00faltimo, el mercado editorial colabora con el congreso con la exposici\u00f3n de sus colecciones en lectura f\u00e1cil. As\u00ed, est\u00e1n presentes la colecci\u00f3n Kalafate de Almadraba, el sello editorial Adapta y La Mar de F\u00e1cil.<\/p>\n<h3><strong>M\u00e1s informaci\u00f3n:<\/strong><\/h3>\n<p><a href=\"https:\/\/eventos.upo.es\/125557\/detail\/congreso-internacional-sobre-investigacion-en-lectura-facil.html\">Congreso Internacional sobre Investigaci\u00f3n en Lectura F\u00e1cil<\/a><\/p>\n<p>&nbsp;<\/p>\n","protected":false},"excerpt":{"rendered":"<p>La Universidad Pablo de Olavide acoge los d\u00edas 23 y 24 de enero la celebraci\u00f3n del Congreso Internacional sobre Investigaci\u00f3n en Lectura F\u00e1cil, un evento que re\u00fane a investigadores e investigadoras y personas expertas de diversas disciplinas para profundizar en esta herramienta clave de accesibilidad cognitiva.<\/p>\n","protected":false},"author":2,"featured_media":30884785,"comment_status":"closed","ping_status":"open","sticky":false,"template":"","format":"standard","meta":{"_monsterinsights_skip_tracking":false,"_monsterinsights_sitenote_active":false,"_monsterinsights_sitenote_note":"","_monsterinsights_sitenote_category":0,"footnotes":""},"categories":[2779],"tags":[448,9073,7933,5773,812,9074],"class_list":["post-30884787","post","type-post","status-publish","format-standard","has-post-thumbnail","hentry","category-docencia-formacion","tag-accesibilidad","tag-lecpat","tag-lectura-facil","tag-talento","tag-traduccion","tag-visualect"],"_links":{"self":[{"href":"https:\/\/www.upo.es\/diario\/wp-json\/wp\/v2\/posts\/30884787","targetHints":{"allow":["GET"]}}],"collection":[{"href":"https:\/\/www.upo.es\/diario\/wp-json\/wp\/v2\/posts"}],"about":[{"href":"https:\/\/www.upo.es\/diario\/wp-json\/wp\/v2\/types\/post"}],"author":[{"embeddable":true,"href":"https:\/\/www.upo.es\/diario\/wp-json\/wp\/v2\/users\/2"}],"replies":[{"embeddable":true,"href":"https:\/\/www.upo.es\/diario\/wp-json\/wp\/v2\/comments?post=30884787"}],"version-history":[{"count":1,"href":"https:\/\/www.upo.es\/diario\/wp-json\/wp\/v2\/posts\/30884787\/revisions"}],"predecessor-version":[{"id":30884788,"href":"https:\/\/www.upo.es\/diario\/wp-json\/wp\/v2\/posts\/30884787\/revisions\/30884788"}],"wp:featuredmedia":[{"embeddable":true,"href":"https:\/\/www.upo.es\/diario\/wp-json\/wp\/v2\/media\/30884785"}],"wp:attachment":[{"href":"https:\/\/www.upo.es\/diario\/wp-json\/wp\/v2\/media?parent=30884787"}],"wp:term":[{"taxonomy":"category","embeddable":true,"href":"https:\/\/www.upo.es\/diario\/wp-json\/wp\/v2\/categories?post=30884787"},{"taxonomy":"post_tag","embeddable":true,"href":"https:\/\/www.upo.es\/diario\/wp-json\/wp\/v2\/tags?post=30884787"}],"curies":[{"name":"wp","href":"https:\/\/api.w.org\/{rel}","templated":true}]}}