{"id":30884789,"date":"2025-01-23T15:51:08","date_gmt":"2025-01-23T14:51:08","guid":{"rendered":"https:\/\/www.upo.es\/diario\/?p=30884789"},"modified":"2025-02-05T13:44:16","modified_gmt":"2025-02-05T12:44:16","slug":"francisco-oliva-reivindica-vigencia-legado-pablo-olavide","status":"publish","type":"post","link":"https:\/\/www.upo.es\/diario\/institucional\/2025\/01\/francisco-oliva-reivindica-vigencia-legado-pablo-olavide\/","title":{"rendered":"Francisco Oliva reivindica la vigencia del legado de Pablo de Olavide: el desarrollo gracias a la educaci\u00f3n p\u00fablica y el conocimiento cient\u00edfico"},"content":{"rendered":"<p><iframe loading=\"lazy\" title=\"YouTube video player\" src=\"https:\/\/www.youtube.com\/embed\/M8XrowspLi0?si=aC-jVcO5n1aAANu_\" width=\"560\" height=\"315\" frameborder=\"0\" allowfullscreen=\"allowfullscreen\"><\/iframe><br \/>\nLa Universidad Pablo de Olavide ha celebrado este jueves en el Paraninfo una <strong>jornada de reconocimiento hacia la labor investigadora de su PDI, as\u00ed como de la actividad docente y de gesti\u00f3n realizada por su profesorado y por su personal t\u00e9cnico y de administraci\u00f3n (PTGAS)<\/strong>.<\/p>\n<p>Presidido por el rector <strong>Francisco Oliva Bl\u00e1zquez<\/strong>, el D\u00eda de la Universidad se celebra coincidiendo con el nacimiento de Pablo de Olavide y J\u00e1uregui un 25 de enero hace 300 a\u00f1os en Lima, y que da nombre a la instituci\u00f3n. El rector ha estado acompa\u00f1ado por <strong>Jos\u00e9 Ignacio Garc\u00eda P\u00e9rez<\/strong>, rector de la Universidad Internacional de Andaluc\u00eda; <strong>Vicente Mart\u00edn Gonz\u00e1lez<\/strong>, presidente del Consejo Social de la UPO; <strong>Laura L\u00f3pez de la Cruz<\/strong>, vicerrectora de Relaciones Institucionales, Formaci\u00f3n Permanente y Fundaciones; y <strong>Silvia Mendoza Calder\u00f3n<\/strong>, secretaria general de la Universidad.<\/p>\n<p>Durante el acto, celebrado en el Paraninfo, se ha reconocido la labor de tres destacados grupos de investigaci\u00f3n en el marco de la secci\u00f3n \u2018Somos Universidad\u2019, se ha hecho entrega de honores y distinciones, y finalmente, el rector ha pronunciado su discurso en el que ha reflexionado sobre el legado de Pablo de Olavide, cuyo pensamiento ilustrado y compromiso con la educaci\u00f3n p\u00fablica siguen vigentes tres siglos despu\u00e9s de su nacimiento.<\/p>\n<blockquote><p>Olavide estaba convencido de la fuerza intr\u00ednseca de la Universidad p\u00fablica para cambiar la sociedad\u201d<\/p><\/blockquote>\n<h5>Francisco Oliva<\/h5>\n<p><a href=\"https:\/\/www.upo.es\/diario\/wp-content\/uploads\/2025\/01\/23012025-Dia-PablodeOlavide-9688-scaled.jpg\"><img loading=\"lazy\" decoding=\"async\" class=\"alignright size-medium wp-image-30884793\" src=\"https:\/\/www.upo.es\/diario\/wp-content\/uploads\/2025\/01\/23012025-Dia-PablodeOlavide-9688-420x236.jpg\" alt=\"\" width=\"420\" height=\"236\" srcset=\"https:\/\/www.upo.es\/diario\/wp-content\/uploads\/2025\/01\/23012025-Dia-PablodeOlavide-9688-420x236.jpg 420w, https:\/\/www.upo.es\/diario\/wp-content\/uploads\/2025\/01\/23012025-Dia-PablodeOlavide-9688-750x422.jpg 750w, https:\/\/www.upo.es\/diario\/wp-content\/uploads\/2025\/01\/23012025-Dia-PablodeOlavide-9688-768x432.jpg 768w, https:\/\/www.upo.es\/diario\/wp-content\/uploads\/2025\/01\/23012025-Dia-PablodeOlavide-9688-1536x864.jpg 1536w, https:\/\/www.upo.es\/diario\/wp-content\/uploads\/2025\/01\/23012025-Dia-PablodeOlavide-9688-2048x1152.jpg 2048w, https:\/\/www.upo.es\/diario\/wp-content\/uploads\/2025\/01\/23012025-Dia-PablodeOlavide-9688-1320x743.jpg 1320w\" sizes=\"auto, (max-width: 420px) 100vw, 420px\" \/><\/a>El rector destac\u00f3 la trayectoria de las personas galardonadas con <strong>la Medalla al M\u00e9rito<\/strong> de la Universidad Pablo de Olavide. Entre ellas, <strong>Flor Guerrero Casas<\/strong>, catedr\u00e1tica del \u00c1rea de M\u00e9todos Cuantitativos para la Econom\u00eda y Empresa, cuya dedicaci\u00f3n a la formaci\u00f3n, investigaci\u00f3n y gesti\u00f3n universitaria incluye importantes cargos como vicerrectora de Servicios y Planificaci\u00f3n o directora del Plan Estrat\u00e9gico. Tambi\u00e9n ha sido reconocida la labor de <strong>Juan Carlos Balany\u00e1 Roure<\/strong>, profesor de Geodin\u00e1mica Interna del Departamento de Sistemas F\u00edsicos, Qu\u00edmicos y Naturales, quien fue director del originario Departamento de Ciencias Ambientales, adem\u00e1s de ponente del plan de estudios del Grado en Ciencias Ambientales, entre otros muchos m\u00e9ritos. Asimismo, se ha otorgado la Medalla al M\u00e9rito a <strong>Javier Torres Vela<\/strong>, profesor de Ciencias Pol\u00edticas y de la Administraci\u00f3n, quien anteriormente destac\u00f3 en su carrera pol\u00edtica como presidente del Parlamento de Andaluc\u00eda, diputado en Cortes y consejero de Cultura, contribuyendo a dar prestigio y consolidaci\u00f3n de los estudios de Ciencias Pol\u00edticas en la UPO.<\/p>\n<p>Se han entregado adem\u00e1s las <strong>Insignias Olavide<\/strong> a los Servicios Prestados a las personas que han accedido a la jubilaci\u00f3n, entre ellas el profesor <strong>Jos\u00e9 Mar\u00eda Mor\u00e1n Carrillo<\/strong> y el mencionado <strong>Juan Carlos Balany\u00e1 Roure<\/strong>. \u201cLa UPO, como vuestra casa que es, siempre tendr\u00e1 las puertas abiertas para recibiros y contar\u00e1 con vosotros\u201d, expres\u00f3 el rector en un emotivo mensaje de gratitud.<\/p>\n<h3><strong>La consecuci\u00f3n de \u201cla felicidad p\u00fablica\u201d<\/strong><\/h3>\n<figure id=\"attachment_30884794\" aria-describedby=\"caption-attachment-30884794\" style=\"width: 420px\" class=\"wp-caption alignright\"><a href=\"https:\/\/www.upo.es\/diario\/wp-content\/uploads\/2025\/01\/23012025-Dia-PablodeOlavide-9633-scaled.jpg\"><img loading=\"lazy\" decoding=\"async\" class=\"size-medium wp-image-30884794\" src=\"https:\/\/www.upo.es\/diario\/wp-content\/uploads\/2025\/01\/23012025-Dia-PablodeOlavide-9633-420x280.jpg\" alt=\"Francisco Oliva durante su discurso con motivo del D\u00eda de la Universidad\" width=\"420\" height=\"280\" srcset=\"https:\/\/www.upo.es\/diario\/wp-content\/uploads\/2025\/01\/23012025-Dia-PablodeOlavide-9633-420x280.jpg 420w, https:\/\/www.upo.es\/diario\/wp-content\/uploads\/2025\/01\/23012025-Dia-PablodeOlavide-9633-750x500.jpg 750w, https:\/\/www.upo.es\/diario\/wp-content\/uploads\/2025\/01\/23012025-Dia-PablodeOlavide-9633-768x512.jpg 768w, https:\/\/www.upo.es\/diario\/wp-content\/uploads\/2025\/01\/23012025-Dia-PablodeOlavide-9633-1536x1024.jpg 1536w, https:\/\/www.upo.es\/diario\/wp-content\/uploads\/2025\/01\/23012025-Dia-PablodeOlavide-9633-2048x1365.jpg 2048w\" sizes=\"auto, (max-width: 420px) 100vw, 420px\" \/><\/a><figcaption id=\"caption-attachment-30884794\" class=\"wp-caption-text\">Francisco Oliva durante su discurso con motivo del D\u00eda de la Universidad<\/figcaption><\/figure>\n<p>El rector centr\u00f3 gran parte de su discurso en el legado del lime\u00f1o Pablo de Olavide y J\u00e1uregui, cuya vida y obra marcaron un antes y un despu\u00e9s en la modernizaci\u00f3n de Sevilla y en la educaci\u00f3n p\u00fablica. \u201cFue un personaje apasionante, defensor a ultranza de la libertad y de la raz\u00f3n, un adelantado a su \u00e9poca, un precursor de una Espa\u00f1a moderna y avanzada que a\u00fan no estaba preparada para sus valientes y ambiciosas reformas\u201d, ha se\u00f1alado Francisco Oliva.<\/p>\n<p>As\u00ed, record\u00f3 la reforma universitaria abordada por Olavide, que reflejaba principios visionarios como la necesidad de una educaci\u00f3n p\u00fablica estatal, la autonom\u00eda universitaria y la integraci\u00f3n de pr\u00e1cticas en los estudios. \u201cOlavide estaba convencido de la fuerza intr\u00ednseca de la Universidad p\u00fablica para cambiar la sociedad\u201d, ha afirmado el rector.<\/p>\n<p>Francisco Oliva tambi\u00e9n ha resaltado la importancia de los valores ilustrados en un contexto actual marcado por la desinformaci\u00f3n y los desaf\u00edos tecnol\u00f3gicos: \u201cEn estos tiempos, las universidades somos templos de la raz\u00f3n y el conocimiento, con la responsabilidad de preparar una ciudadan\u00eda cr\u00edtica y libre, que ponga en tela de juicio las falsedades, las <em>fake news<\/em>, y que a su vez siga investigando para alumbrar la luz de la verdad y la raz\u00f3n\u201d.<\/p>\n<p>El rector ha concluido su intervenci\u00f3n con un llamamiento a la b\u00fasqueda del bien com\u00fan y la importancia de la educaci\u00f3n p\u00fablica como herramienta transformadora. \u201cEnse\u00f1ar y formar, investigar y transmitir conocimientos, crear ciudadan\u00eda cr\u00edtica y libre son nuestras funciones esenciales, y con ellas nos acercamos un poco m\u00e1s a esa felicidad p\u00fablica que anhelaba Pablo de Olavide\u201d.<\/p>\n<h3><strong>Avances en el conocimiento y la ciencia<\/strong><strong>\u00a0<\/strong><\/h3>\n<p>En el D\u00eda que celebra su existencia, la Universidad Pablo de Olavide ha resaltado los logros de tres equipos de investigadores e investigadoras \u201cempe\u00f1ados en llevar a cabo avances en el conocimiento y la ciencia, siempre en pro de la sociedad\u201d, en palabras del rector. Tarea investigadora \u201cque distingue a las universidades p\u00fablicas espa\u00f1olas, que aplican el principio humboldtiano de que sin docencia e investigaci\u00f3n no hay universidad\u201d, ha se\u00f1alado Francisco Oliva.<\/p>\n<p>As\u00ed, por su excelencia en los resultados obtenidos, y la repercusi\u00f3n que tienen en la sociedad la aplicaci\u00f3n de sus trabajos, han sido especialmente reconocidos esta ma\u00f1ana los siguientes grupos de la Olavide:<strong>\u00a0<\/strong><\/p>\n<p><strong>Desarrollo y enfermedades musculares (BIO 336)<\/strong><\/p>\n<figure id=\"attachment_30884804\" aria-describedby=\"caption-attachment-30884804\" style=\"width: 420px\" class=\"wp-caption alignright\"><a href=\"https:\/\/www.upo.es\/diario\/wp-content\/uploads\/2025\/01\/23012025-Dia-PablodeOlavide-9206-scaled.jpg\"><img loading=\"lazy\" decoding=\"async\" class=\"wp-image-30884804 size-medium\" src=\"https:\/\/www.upo.es\/diario\/wp-content\/uploads\/2025\/01\/23012025-Dia-PablodeOlavide-9206-420x236.jpg\" alt=\"Jos\u00e9 A. S\u00e1nchez Alc\u00e1zar junto a los miembros del grupo BIO 336\" width=\"420\" height=\"236\" srcset=\"https:\/\/www.upo.es\/diario\/wp-content\/uploads\/2025\/01\/23012025-Dia-PablodeOlavide-9206-420x236.jpg 420w, https:\/\/www.upo.es\/diario\/wp-content\/uploads\/2025\/01\/23012025-Dia-PablodeOlavide-9206-750x422.jpg 750w, https:\/\/www.upo.es\/diario\/wp-content\/uploads\/2025\/01\/23012025-Dia-PablodeOlavide-9206-768x432.jpg 768w, https:\/\/www.upo.es\/diario\/wp-content\/uploads\/2025\/01\/23012025-Dia-PablodeOlavide-9206-1536x864.jpg 1536w, https:\/\/www.upo.es\/diario\/wp-content\/uploads\/2025\/01\/23012025-Dia-PablodeOlavide-9206-2048x1152.jpg 2048w, https:\/\/www.upo.es\/diario\/wp-content\/uploads\/2025\/01\/23012025-Dia-PablodeOlavide-9206-1320x743.jpg 1320w\" sizes=\"auto, (max-width: 420px) 100vw, 420px\" \/><\/a><figcaption id=\"caption-attachment-30884804\" class=\"wp-caption-text\">Jos\u00e9 A. S\u00e1nchez Alc\u00e1zar junto a los miembros del grupo BIO 336<\/figcaption><\/figure>\n<p>Este grupo de investigaci\u00f3n de la Universidad Pablo de Olavide, que desarrolla su trabajo en el Centro Andaluz de Biolog\u00eda del Desarrollo (centro mixto del CSIC, UPO y Junta de Andaluc\u00eda), es referente internacional en la b\u00fasqueda de terapias frente a las enfermedades raras. Aplica el m\u00e9todo de trabajo basado en la medicina de precisi\u00f3n personalizada en el proyecto MITOCURE (centrado en las enfermedades mitocondriales), MYOCURE (centrado en las miopat\u00edas cong\u00e9nitas), BRAINCURE (centrado en la neurodegeneraci\u00f3n por acumulaci\u00f3n de hierro y las enfermedades desmielinizantes) y CANCERCURE (centrado en la b\u00fasqueda de tratamientos personalizados para la susceptibilidad gen\u00e9tica al c\u00e1ncer), ofreciendo nuevas v\u00edas terap\u00e9uticas a pacientes que hasta ahora solo contaban con tratamientos paliativos. <a href=\"https:\/\/youtu.be\/Ef7ZoMG3Krg\">https:\/\/youtu.be\/Ef7ZoMG3Krg<\/a><\/p>\n<p><strong><em>Data Science and Big Data Research Lab<\/em><\/strong><strong> (TIC 254)<\/strong><\/p>\n<figure id=\"attachment_30884802\" aria-describedby=\"caption-attachment-30884802\" style=\"width: 420px\" class=\"wp-caption alignright\"><a href=\"https:\/\/www.upo.es\/diario\/wp-content\/uploads\/2025\/01\/23012025-Dia-PablodeOlavide-9287-scaled.jpg\"><img loading=\"lazy\" decoding=\"async\" class=\"size-medium wp-image-30884802\" src=\"https:\/\/www.upo.es\/diario\/wp-content\/uploads\/2025\/01\/23012025-Dia-PablodeOlavide-9287-420x236.jpg\" alt=\"Alicia Troncoso del Data Lab\" width=\"420\" height=\"236\" srcset=\"https:\/\/www.upo.es\/diario\/wp-content\/uploads\/2025\/01\/23012025-Dia-PablodeOlavide-9287-420x236.jpg 420w, https:\/\/www.upo.es\/diario\/wp-content\/uploads\/2025\/01\/23012025-Dia-PablodeOlavide-9287-750x422.jpg 750w, https:\/\/www.upo.es\/diario\/wp-content\/uploads\/2025\/01\/23012025-Dia-PablodeOlavide-9287-768x432.jpg 768w, https:\/\/www.upo.es\/diario\/wp-content\/uploads\/2025\/01\/23012025-Dia-PablodeOlavide-9287-1536x864.jpg 1536w, https:\/\/www.upo.es\/diario\/wp-content\/uploads\/2025\/01\/23012025-Dia-PablodeOlavide-9287-2048x1152.jpg 2048w, https:\/\/www.upo.es\/diario\/wp-content\/uploads\/2025\/01\/23012025-Dia-PablodeOlavide-9287-1320x743.jpg 1320w\" sizes=\"auto, (max-width: 420px) 100vw, 420px\" \/><\/a><figcaption id=\"caption-attachment-30884802\" class=\"wp-caption-text\">Alicia Troncoso junto al equipo TIC 254<\/figcaption><\/figure>\n<p>Comprometidos con la transferencia de conocimiento, este grupo de investigaci\u00f3n lleva m\u00e1s de 20 a\u00f1os trabajando en inteligencia artificial, con un enfoque en el aprendizaje autom\u00e1tico y el an\u00e1lisis de datos temporales para predecir el futuro. Sus l\u00edneas de investigaci\u00f3n actuales incluyen <em>big data analytics<\/em>, aprendizaje profundo, IA explicable, IA sostenible y aprendizaje autom\u00e1tico cu\u00e1ntico. Han desarrollado t\u00e9cnicas innovadoras para explicar y evaluar predicciones de IA, adem\u00e1s de dise\u00f1ar algoritmos m\u00e1s eficientes para reducir su impacto ambiental. Sus proyectos incluyen aplicaciones pr\u00e1cticas como el mantenimiento predictivo en parques e\u00f3licos, detecci\u00f3n de desperfectos en pistas de aeropuertos mediante drones y algoritmos, o mejoras en la agricultura de precisi\u00f3n, entre otras muchas. El grupo combina investigaci\u00f3n puntera con transferencia tecnol\u00f3gica, colaborando con empresas y promoviendo soluciones aplicadas que responden a retos actuales. <a href=\"https:\/\/youtu.be\/C8L8VNIVCHg\">https:\/\/youtu.be\/C8L8VNIVCHg<\/a><\/p>\n<p><strong>Sistema penal y criminolog\u00eda (SISPECRIM) (SEJ-571)<\/strong><\/p>\n<figure id=\"attachment_30884801\" aria-describedby=\"caption-attachment-30884801\" style=\"width: 420px\" class=\"wp-caption alignright\"><a href=\"https:\/\/www.upo.es\/diario\/wp-content\/uploads\/2025\/01\/23012025-Dia-PablodeOlavide-9320-scaled.jpg\"><img loading=\"lazy\" decoding=\"async\" class=\"size-medium wp-image-30884801\" src=\"https:\/\/www.upo.es\/diario\/wp-content\/uploads\/2025\/01\/23012025-Dia-PablodeOlavide-9320-420x236.jpg\" alt=\"Jos\u00e9 Antonio Colmenero intervino en nombre de SISPECRIM\" width=\"420\" height=\"236\" srcset=\"https:\/\/www.upo.es\/diario\/wp-content\/uploads\/2025\/01\/23012025-Dia-PablodeOlavide-9320-420x236.jpg 420w, https:\/\/www.upo.es\/diario\/wp-content\/uploads\/2025\/01\/23012025-Dia-PablodeOlavide-9320-750x422.jpg 750w, https:\/\/www.upo.es\/diario\/wp-content\/uploads\/2025\/01\/23012025-Dia-PablodeOlavide-9320-768x432.jpg 768w, https:\/\/www.upo.es\/diario\/wp-content\/uploads\/2025\/01\/23012025-Dia-PablodeOlavide-9320-1536x864.jpg 1536w, https:\/\/www.upo.es\/diario\/wp-content\/uploads\/2025\/01\/23012025-Dia-PablodeOlavide-9320-2048x1152.jpg 2048w, https:\/\/www.upo.es\/diario\/wp-content\/uploads\/2025\/01\/23012025-Dia-PablodeOlavide-9320-1320x743.jpg 1320w\" sizes=\"auto, (max-width: 420px) 100vw, 420px\" \/><\/a><figcaption id=\"caption-attachment-30884801\" class=\"wp-caption-text\">Jos\u00e9 Antonio Colmenero intervino en nombre de SISPECRIM<\/figcaption><\/figure>\n<p>Compuesto por expertos en Derecho penal, procesal y criminolog\u00eda, este grupo aborda algunos de los temas m\u00e1s actuales y problem\u00e1ticos del Derecho Penal de nuestros d\u00edas. Con gran repercusi\u00f3n cient\u00edfica, sus investigaciones se centran en la persecuci\u00f3n de discursos terroristas y yihadistas, los delitos y discursos de odio, y los desaf\u00edos de la desinformaci\u00f3n en redes sociales. Estudian estas problem\u00e1ticas de forma multidisciplinar, analizando aspectos como el tratamiento de datos personales, la investigaci\u00f3n penal de fen\u00f3menos internacionales y el impacto social y tecnol\u00f3gico de estas conductas. Con una amplia colaboraci\u00f3n con Universidades, autoridades y ONGs, este grupo se ha consolidado como referente nacional e internacional, promoviendo un equilibrio entre la eficacia del sistema penal y la protecci\u00f3n de derechos fundamentales como la libertad de expresi\u00f3n, la intimidad y la inviolabilidad de las comunicaciones. <a href=\"https:\/\/youtu.be\/sLRvbGiJhHk\">https:\/\/youtu.be\/sLRvbGiJhHk<\/a><\/p>\n<p>&nbsp;<\/p>\n","protected":false},"excerpt":{"rendered":"<p>La Universidad Pablo de Olavide ha celebrado este jueves en el Paraninfo una jornada de reconocimiento hacia la labor investigadora de su PDI, as\u00ed como de la actividad docente y de gesti\u00f3n realizada por su profesorado y por su personal t\u00e9cnico y de administraci\u00f3n (PTGAS).<\/p>\n","protected":false},"author":2,"featured_media":30884797,"comment_status":"closed","ping_status":"open","sticky":false,"template":"","format":"standard","meta":{"_monsterinsights_skip_tracking":false,"_monsterinsights_sitenote_active":false,"_monsterinsights_sitenote_note":"","_monsterinsights_sitenote_category":0,"footnotes":""},"categories":[6],"tags":[5722,6490,9076,21,4021,5446,9075,1648,7708,8672,199,8572],"class_list":["post-30884789","post","type-post","status-publish","format-standard","has-post-thumbnail","hentry","category-institucional","tag-celebracion","tag-dia-de-la-universidad-pablo-de-olavide","tag-dia-upo","tag-estudiantes","tag-francisco-oliva-blazquez","tag-grupos-de-investigacion","tag-insignia","tag-laura-lopez-de-la-cruz","tag-medallas-al-merito","tag-pablo-de-olavide-y-jauregui","tag-profesorado","tag-ptgas"],"_links":{"self":[{"href":"https:\/\/www.upo.es\/diario\/wp-json\/wp\/v2\/posts\/30884789","targetHints":{"allow":["GET"]}}],"collection":[{"href":"https:\/\/www.upo.es\/diario\/wp-json\/wp\/v2\/posts"}],"about":[{"href":"https:\/\/www.upo.es\/diario\/wp-json\/wp\/v2\/types\/post"}],"author":[{"embeddable":true,"href":"https:\/\/www.upo.es\/diario\/wp-json\/wp\/v2\/users\/2"}],"replies":[{"embeddable":true,"href":"https:\/\/www.upo.es\/diario\/wp-json\/wp\/v2\/comments?post=30884789"}],"version-history":[{"count":14,"href":"https:\/\/www.upo.es\/diario\/wp-json\/wp\/v2\/posts\/30884789\/revisions"}],"predecessor-version":[{"id":30884821,"href":"https:\/\/www.upo.es\/diario\/wp-json\/wp\/v2\/posts\/30884789\/revisions\/30884821"}],"wp:featuredmedia":[{"embeddable":true,"href":"https:\/\/www.upo.es\/diario\/wp-json\/wp\/v2\/media\/30884797"}],"wp:attachment":[{"href":"https:\/\/www.upo.es\/diario\/wp-json\/wp\/v2\/media?parent=30884789"}],"wp:term":[{"taxonomy":"category","embeddable":true,"href":"https:\/\/www.upo.es\/diario\/wp-json\/wp\/v2\/categories?post=30884789"},{"taxonomy":"post_tag","embeddable":true,"href":"https:\/\/www.upo.es\/diario\/wp-json\/wp\/v2\/tags?post=30884789"}],"curies":[{"name":"wp","href":"https:\/\/api.w.org\/{rel}","templated":true}]}}