{"id":30884829,"date":"2025-01-28T13:25:08","date_gmt":"2025-01-28T12:25:08","guid":{"rendered":"https:\/\/www.upo.es\/diario\/?p=30884829"},"modified":"2025-02-03T09:33:44","modified_gmt":"2025-02-03T08:33:44","slug":"el-aula-abierta-de-mayores-de-la-universidad-pablo-de-olavide-celebra-sus-seminarios-academicos-2","status":"publish","type":"post","link":"https:\/\/www.upo.es\/diario\/cultura-social\/2025\/01\/el-aula-abierta-de-mayores-de-la-universidad-pablo-de-olavide-celebra-sus-seminarios-academicos-2\/","title":{"rendered":"El Aula Abierta de Mayores de la Universidad Pablo de Olavide celebra sus seminarios acad\u00e9micos"},"content":{"rendered":"<figure id=\"attachment_30884831\" aria-describedby=\"caption-attachment-30884831\" style=\"width: 750px\" class=\"wp-caption aligncenter\"><a href=\"https:\/\/www.upo.es\/diario\/wp-content\/uploads\/2025\/01\/IMG_8118-scaled-e1738066948383.jpg\"><img loading=\"lazy\" decoding=\"async\" class=\"size-large wp-image-30884831\" src=\"https:\/\/www.upo.es\/diario\/wp-content\/uploads\/2025\/01\/IMG_8118-scaled-e1738066948383-750x369.jpg\" alt=\"Seminarios en el Paraninfo del Aula Abierta de Mayores\" width=\"750\" height=\"369\" \/><\/a><figcaption id=\"caption-attachment-30884831\" class=\"wp-caption-text\">Seminarios en el Paraninfo del Aula Abierta de Mayores<\/figcaption><\/figure>\n<p>La Universidad Pablo de Olavide ha inaugurado esta ma\u00f1ana los seminarios acad\u00e9micos del Aula Abierta de Mayores, una actividad que se desarrollar\u00e1 durante dos d\u00edas en el Paraninfo de la Universidad y que va <strong>dirigida a personas mayores de 50 a\u00f1os inscritas en el programa Aula Abierta de Mayores en las 23 sedes universitarias que el programa<\/strong> tiene activas en este curso 2024\/2025. Es una actividad organizada por el vicerrectorado de Cultura y Pol\u00edticas Sociales y est\u00e1 enmarcada en el Programa de Envejecimiento Activo y Solidaridad Intergeneracional.<\/p>\n<figure id=\"attachment_30884830\" aria-describedby=\"caption-attachment-30884830\" style=\"width: 420px\" class=\"wp-caption alignleft\"><a href=\"https:\/\/www.upo.es\/diario\/wp-content\/uploads\/2025\/01\/red-IMG_3193.jpg\"><img loading=\"lazy\" decoding=\"async\" class=\"size-medium wp-image-30884830\" src=\"https:\/\/www.upo.es\/diario\/wp-content\/uploads\/2025\/01\/red-IMG_3193-420x236.jpg\" alt=\"Seminario en el Paraninfo del Aula Abierta de Mayores\" width=\"420\" height=\"236\" srcset=\"https:\/\/www.upo.es\/diario\/wp-content\/uploads\/2025\/01\/red-IMG_3193-420x236.jpg 420w, https:\/\/www.upo.es\/diario\/wp-content\/uploads\/2025\/01\/red-IMG_3193-750x422.jpg 750w, https:\/\/www.upo.es\/diario\/wp-content\/uploads\/2025\/01\/red-IMG_3193-768x432.jpg 768w, https:\/\/www.upo.es\/diario\/wp-content\/uploads\/2025\/01\/red-IMG_3193-1536x864.jpg 1536w, https:\/\/www.upo.es\/diario\/wp-content\/uploads\/2025\/01\/red-IMG_3193-2048x1152.jpg 2048w, https:\/\/www.upo.es\/diario\/wp-content\/uploads\/2025\/01\/red-IMG_3193-1320x743.jpg 1320w\" sizes=\"auto, (max-width: 420px) 100vw, 420px\" \/><\/a><figcaption id=\"caption-attachment-30884830\" class=\"wp-caption-text\">Los Seminarios complementan el programa acad\u00e9mico de cada una de las sedes universitarias del Aula<\/figcaption><\/figure>\n<p>Durante este encuentro, cuya inauguraci\u00f3n ha sido presidida por la vicerrectora de Cultura y Pol\u00edticas Sociales, <strong>Laura G\u00f3mez Ruiz<\/strong>, y por la directora acad\u00e9mica del aula, <strong>Manuela Dom\u00ednguez Orta<\/strong>, las diferentes sedes tendr\u00e1n la oportunidad de conocer aspectos concretos sobre Ciencias Jur\u00eddicas y Experimentales, de la Tierra y el Medio Ambiente. Esta actividad, adem\u00e1s, complementa el programa acad\u00e9mico que se desarrolla en cada una de las sedes universitarias municipales y crea un espacio de encuentro para que el alumnado pueda compartir conocimientos y experiencias con compa\u00f1eros y compa\u00f1eras de otras localidades.<\/p>\n<p>Tras la inauguraci\u00f3n, se ha celebrado la primera ponencia titulada<strong> \u2018Claves pr\u00e1cticas en Derecho de Sucesiones: c\u00f3mo funciona y qu\u00e9 debes saber sobre la herencia\u2019<\/strong> a cargo de Isabel D\u00edaz Carretero, abogada especializada en Derecho de Familia y Sucesiones. A continuaci\u00f3n, el profesor Otilio Fern\u00e1ndez Romero, licenciado en Ciencias Qu\u00edmicas, ofrecer\u00e1 la segunda ponencia de la ma\u00f1ana, titulada <strong>\u2018Aspectos t\u00e9cnico-cient\u00edficos de los ODS. Caso de los micropl\u00e1sticos\u2019<\/strong>. A esta primera sesi\u00f3n han acudido los municipios de Alcal\u00e1 de Guada\u00edra, Almensilla, Bormujos, Castilleja de la Cuesta, el Viso del Alcor, Gines, Herrera, Las Cabezas de San Juan, Tomares, Pilas y Salteras.<\/p>\n<p>La segunda jornada, que se celebrar\u00e1 ma\u00f1ana con la misma programaci\u00f3n que el d\u00eda de hoy contar\u00e1 con la asistencia de los municipios de Aznalc\u00f3llar, Bollullos de la Mitaci\u00f3n, Casariche, Dos Hermanas, Gerena, Gilena, La Algaba, La Puebla de Cazalla, Lebrija, Pedrera, Santiponce y Mairena del Alcor.<\/p>\n<p>El <strong>Aula Abierta de Mayores de la UPO<\/strong>, gestionada por la Fundaci\u00f3n Universidad Pablo de Olavide, tiene como principal objetivo integrar a las personas mayores en la vida universitaria, ampliando sus conocimientos y promoviendo su participaci\u00f3n en la sociedad a trav\u00e9s de actividades art\u00edsticas y culturales. El programa Aula Abierta de Mayores est\u00e1 financiado por la Diputaci\u00f3n Provincial de Sevilla, la Consejer\u00eda de Inclusi\u00f3n Social, Juventud, Familias e Igualdad de la Junta de Andaluc\u00eda, la Fundaci\u00f3n \u201cLa Caixa\u201d y cuenta con la colaboraci\u00f3n de los diferentes ayuntamientos adscritos al programa.<\/p>\n<p>Fuente: Fundaci\u00f3n Universidad Pablo de Olavide<\/p>\n","protected":false},"excerpt":{"rendered":"<p>Durante dos d\u00edas, alumnado de las 23 sedes universitarias participan en la UPO en este encuentro que tratar\u00e1 temas de Ciencias Jur\u00eddicas y Experimentales, de la Tierra y Medio Ambiente.<\/p>\n","protected":false},"author":6,"featured_media":30884830,"comment_status":"closed","ping_status":"open","sticky":false,"template":"","format":"standard","meta":{"_monsterinsights_skip_tracking":false,"_monsterinsights_sitenote_active":false,"_monsterinsights_sitenote_note":"","_monsterinsights_sitenote_category":0,"footnotes":""},"categories":[5843],"tags":[52,2474,7824,1996,7194],"class_list":["post-30884829","post","type-post","status-publish","format-standard","has-post-thumbnail","hentry","category-cultura-social","tag-aula-abierta-de-mayores","tag-fundacion-universidad-pablo-de-olavide","tag-laura-gomez-ruiz","tag-seminarios","tag-vicerrectorado-de-cultura-y-politicas-sociales"],"_links":{"self":[{"href":"https:\/\/www.upo.es\/diario\/wp-json\/wp\/v2\/posts\/30884829","targetHints":{"allow":["GET"]}}],"collection":[{"href":"https:\/\/www.upo.es\/diario\/wp-json\/wp\/v2\/posts"}],"about":[{"href":"https:\/\/www.upo.es\/diario\/wp-json\/wp\/v2\/types\/post"}],"author":[{"embeddable":true,"href":"https:\/\/www.upo.es\/diario\/wp-json\/wp\/v2\/users\/6"}],"replies":[{"embeddable":true,"href":"https:\/\/www.upo.es\/diario\/wp-json\/wp\/v2\/comments?post=30884829"}],"version-history":[{"count":3,"href":"https:\/\/www.upo.es\/diario\/wp-json\/wp\/v2\/posts\/30884829\/revisions"}],"predecessor-version":[{"id":30884834,"href":"https:\/\/www.upo.es\/diario\/wp-json\/wp\/v2\/posts\/30884829\/revisions\/30884834"}],"wp:featuredmedia":[{"embeddable":true,"href":"https:\/\/www.upo.es\/diario\/wp-json\/wp\/v2\/media\/30884830"}],"wp:attachment":[{"href":"https:\/\/www.upo.es\/diario\/wp-json\/wp\/v2\/media?parent=30884829"}],"wp:term":[{"taxonomy":"category","embeddable":true,"href":"https:\/\/www.upo.es\/diario\/wp-json\/wp\/v2\/categories?post=30884829"},{"taxonomy":"post_tag","embeddable":true,"href":"https:\/\/www.upo.es\/diario\/wp-json\/wp\/v2\/tags?post=30884829"}],"curies":[{"name":"wp","href":"https:\/\/api.w.org\/{rel}","templated":true}]}}