{"id":30884845,"date":"2025-01-29T14:29:46","date_gmt":"2025-01-29T13:29:46","guid":{"rendered":"https:\/\/www.upo.es\/diario\/?p=30884845"},"modified":"2025-02-05T13:42:42","modified_gmt":"2025-02-05T12:42:42","slug":"convenio-asecop-cooperacion-internacional-palestina","status":"publish","type":"post","link":"https:\/\/www.upo.es\/diario\/institucional\/2025\/01\/convenio-asecop-cooperacion-internacional-palestina\/","title":{"rendered":"La Universidad Pablo de Olavide y ASECOP colaborar\u00e1n en proyectos de cooperaci\u00f3n internacional para el desarrollo de Palestina"},"content":{"rendered":"<figure id=\"attachment_30884846\" aria-describedby=\"caption-attachment-30884846\" style=\"width: 750px\" class=\"wp-caption aligncenter\"><a href=\"https:\/\/www.upo.es\/diario\/wp-content\/uploads\/2025\/01\/29012025-Conve-UPO-ASECOP-9797-scaled.jpg\"><img loading=\"lazy\" decoding=\"async\" class=\"size-large wp-image-30884846\" src=\"https:\/\/www.upo.es\/diario\/wp-content\/uploads\/2025\/01\/29012025-Conve-UPO-ASECOP-9797-750x500.jpg\" alt=\"Francisco Oliva y Jehad K. Suleiman Rashid\" width=\"750\" height=\"500\" srcset=\"https:\/\/www.upo.es\/diario\/wp-content\/uploads\/2025\/01\/29012025-Conve-UPO-ASECOP-9797-750x500.jpg 750w, https:\/\/www.upo.es\/diario\/wp-content\/uploads\/2025\/01\/29012025-Conve-UPO-ASECOP-9797-420x280.jpg 420w, https:\/\/www.upo.es\/diario\/wp-content\/uploads\/2025\/01\/29012025-Conve-UPO-ASECOP-9797-768x512.jpg 768w, https:\/\/www.upo.es\/diario\/wp-content\/uploads\/2025\/01\/29012025-Conve-UPO-ASECOP-9797-1536x1024.jpg 1536w, https:\/\/www.upo.es\/diario\/wp-content\/uploads\/2025\/01\/29012025-Conve-UPO-ASECOP-9797-2048x1365.jpg 2048w, https:\/\/www.upo.es\/diario\/wp-content\/uploads\/2025\/01\/29012025-Conve-UPO-ASECOP-9797-165x109.jpg 165w, https:\/\/www.upo.es\/diario\/wp-content\/uploads\/2025\/01\/29012025-Conve-UPO-ASECOP-9797-1320x880.jpg 1320w\" sizes=\"auto, (max-width: 750px) 100vw, 750px\" \/><\/a><figcaption id=\"caption-attachment-30884846\" class=\"wp-caption-text\">Francisco Oliva y Jehad K. Suleiman Rashid<\/figcaption><\/figure>\n<p><strong>Francisco Oliva Bl\u00e1zquez<\/strong>, rector de la Universidad Pablo de Olavide, y <strong>Jehad Kamel Suleiman Rashid<\/strong>, presidente y fundador de la Asociaci\u00f3n Europea de Cooperaci\u00f3n con Palestina (ASECOP), han firmado esta ma\u00f1ana un convenio para impulsar proyectos de cooperaci\u00f3n internacional que promuevan actividades conjuntas de formaci\u00f3n, investigaci\u00f3n y voluntariado.<\/p>\n<p>La <a href=\"https:\/\/asecop.org\/\">Asociaci\u00f3n Europea de Cooperaci\u00f3n con Palestina<\/a> es una organizaci\u00f3n sin \u00e1nimo de lucro constituida en el a\u00f1o 2003 con el objetivo de canalizar la solidaridad con el pueblo palestino. As\u00ed, ASECOP trabaja para favorecer el desarrollo socioecon\u00f3mico, cultural y pol\u00edtico del pueblo palestino.<\/p>\n<p>El acuerdo suscrito este mi\u00e9rcoles entre la Olavide y ASECOP crea un marco de colaboraci\u00f3n para facilitar actividades de formaci\u00f3n, especialmente en programas destinados a la mujer; el fomento del voluntariado internacional; y el dise\u00f1o de propuestas con el objeto de obtener financiaci\u00f3n para proyectos formativos y de investigaci\u00f3n en Palestina.<\/p>\n<p>En este sentido Jehad K. Suleiman ha agradecido que \u201cla Universidad Pablo de Olavide abra las puertas a ASECOP. Vamos a trabajar para que nuestro esfuerzo llegue a quienes lo necesitan en Gaza y Cisjordania, donde no hay sector, y especialmente en sanidad y educaci\u00f3n, que no requiera de ayuda en estos momentos\u201d.<\/p>\n<p>Por su parte, el rector de la Universidad Pablo de Olavide ha destacado la labor de ASECOP, con 285 proyectos en apoyo de los sectores m\u00e1s d\u00e9biles, y ha expresado el deseo de que el acuerdo \u201cse traduzca en acciones espec\u00edficas y concretas en las que pueda participar la comunidad universitaria\u201d. Francisco Oliva ha declarado asimismo que el compromiso de la Pablo de Olavide con la causa palestina nace de la defensa de \u201clos principios de la paz y del Derecho internacional, consustanciales a la Universidad\u201d.<\/p>\n<figure id=\"attachment_30884848\" aria-describedby=\"caption-attachment-30884848\" style=\"width: 750px\" class=\"wp-caption aligncenter\"><a href=\"https:\/\/www.upo.es\/diario\/wp-content\/uploads\/2025\/01\/29012025-Conve-UPO-ASECOP-9806-scaled.jpg\"><img loading=\"lazy\" decoding=\"async\" class=\"size-large wp-image-30884848\" src=\"https:\/\/www.upo.es\/diario\/wp-content\/uploads\/2025\/01\/29012025-Conve-UPO-ASECOP-9806-750x422.jpg\" alt=\"Laura G\u00f3mez, Ra\u00fal \u00c1lvarez, Francisco Oliva, Jehad K. Suleiman, Mari\u00e1n Mor\u00f3n y Ra\u00fal Gir\u00e1ldez\" width=\"750\" height=\"422\" srcset=\"https:\/\/www.upo.es\/diario\/wp-content\/uploads\/2025\/01\/29012025-Conve-UPO-ASECOP-9806-750x422.jpg 750w, https:\/\/www.upo.es\/diario\/wp-content\/uploads\/2025\/01\/29012025-Conve-UPO-ASECOP-9806-420x236.jpg 420w, https:\/\/www.upo.es\/diario\/wp-content\/uploads\/2025\/01\/29012025-Conve-UPO-ASECOP-9806-768x432.jpg 768w, https:\/\/www.upo.es\/diario\/wp-content\/uploads\/2025\/01\/29012025-Conve-UPO-ASECOP-9806-1536x864.jpg 1536w, https:\/\/www.upo.es\/diario\/wp-content\/uploads\/2025\/01\/29012025-Conve-UPO-ASECOP-9806-2048x1152.jpg 2048w, https:\/\/www.upo.es\/diario\/wp-content\/uploads\/2025\/01\/29012025-Conve-UPO-ASECOP-9806-1320x742.jpg 1320w\" sizes=\"auto, (max-width: 750px) 100vw, 750px\" \/><\/a><figcaption id=\"caption-attachment-30884848\" class=\"wp-caption-text\">Laura G\u00f3mez, Ra\u00fal \u00c1lvarez, Francisco Oliva, Jehad K. Suleiman, Mari\u00e1n Mor\u00f3n y Ra\u00fal Gir\u00e1ldez<\/figcaption><\/figure>\n","protected":false},"excerpt":{"rendered":"<p>Francisco Oliva Bl\u00e1zquez, rector de la Universidad Pablo de Olavide, y Jehad Kamel Suleiman Rashid, presidente y fundador de la Asociaci\u00f3n Europea de Cooperaci\u00f3n con Palestina (ASECOP), han firmado esta ma\u00f1ana un convenio para impulsar proyectos de cooperaci\u00f3n internacional que promuevan actividades conjuntas de formaci\u00f3n, investigaci\u00f3n y voluntariado.<\/p>\n","protected":false},"author":6,"featured_media":30884846,"comment_status":"closed","ping_status":"open","sticky":false,"template":"","format":"standard","meta":{"_monsterinsights_skip_tracking":false,"_monsterinsights_sitenote_active":false,"_monsterinsights_sitenote_note":"","_monsterinsights_sitenote_category":0,"footnotes":""},"categories":[6],"tags":[326,3144,4021,352,38],"class_list":["post-30884845","post","type-post","status-publish","format-standard","has-post-thumbnail","hentry","category-institucional","tag-convenio","tag-cooperacion-internacional","tag-francisco-oliva-blazquez","tag-palestina","tag-rector"],"_links":{"self":[{"href":"https:\/\/www.upo.es\/diario\/wp-json\/wp\/v2\/posts\/30884845","targetHints":{"allow":["GET"]}}],"collection":[{"href":"https:\/\/www.upo.es\/diario\/wp-json\/wp\/v2\/posts"}],"about":[{"href":"https:\/\/www.upo.es\/diario\/wp-json\/wp\/v2\/types\/post"}],"author":[{"embeddable":true,"href":"https:\/\/www.upo.es\/diario\/wp-json\/wp\/v2\/users\/6"}],"replies":[{"embeddable":true,"href":"https:\/\/www.upo.es\/diario\/wp-json\/wp\/v2\/comments?post=30884845"}],"version-history":[{"count":4,"href":"https:\/\/www.upo.es\/diario\/wp-json\/wp\/v2\/posts\/30884845\/revisions"}],"predecessor-version":[{"id":30884851,"href":"https:\/\/www.upo.es\/diario\/wp-json\/wp\/v2\/posts\/30884845\/revisions\/30884851"}],"wp:featuredmedia":[{"embeddable":true,"href":"https:\/\/www.upo.es\/diario\/wp-json\/wp\/v2\/media\/30884846"}],"wp:attachment":[{"href":"https:\/\/www.upo.es\/diario\/wp-json\/wp\/v2\/media?parent=30884845"}],"wp:term":[{"taxonomy":"category","embeddable":true,"href":"https:\/\/www.upo.es\/diario\/wp-json\/wp\/v2\/categories?post=30884845"},{"taxonomy":"post_tag","embeddable":true,"href":"https:\/\/www.upo.es\/diario\/wp-json\/wp\/v2\/tags?post=30884845"}],"curies":[{"name":"wp","href":"https:\/\/api.w.org\/{rel}","templated":true}]}}