{"id":30884895,"date":"2025-02-03T20:08:11","date_gmt":"2025-02-03T19:08:11","guid":{"rendered":"https:\/\/www.upo.es\/diario\/?p=30884895"},"modified":"2025-02-14T16:22:38","modified_gmt":"2025-02-14T15:22:38","slug":"el-rector-informa-del-contenido-del-contrato-programa-suscrito-por-la-universidad-con-la-junta-de-andalucia","status":"publish","type":"post","link":"https:\/\/www.upo.es\/diario\/institucional\/2025\/02\/el-rector-informa-del-contenido-del-contrato-programa-suscrito-por-la-universidad-con-la-junta-de-andalucia\/","title":{"rendered":"El rector informa del contenido del contrato programa suscrito por la Universidad con la Junta de Andaluc\u00eda"},"content":{"rendered":"<figure id=\"attachment_30884892\" aria-describedby=\"caption-attachment-30884892\" style=\"width: 750px\" class=\"wp-caption aligncenter\"><a href=\"https:\/\/www.upo.es\/diario\/wp-content\/uploads\/2025\/02\/31012025-CG_20250131-9910-scaled.jpg\"><img loading=\"lazy\" decoding=\"async\" class=\"size-large wp-image-30884892\" src=\"https:\/\/www.upo.es\/diario\/wp-content\/uploads\/2025\/02\/31012025-CG_20250131-9910-750x422.jpg\" alt=\"El Consejo de Gobierno en la sesi\u00f3n del viernes d\u00eda 31\" width=\"750\" height=\"422\" srcset=\"https:\/\/www.upo.es\/diario\/wp-content\/uploads\/2025\/02\/31012025-CG_20250131-9910-750x422.jpg 750w, https:\/\/www.upo.es\/diario\/wp-content\/uploads\/2025\/02\/31012025-CG_20250131-9910-420x236.jpg 420w, https:\/\/www.upo.es\/diario\/wp-content\/uploads\/2025\/02\/31012025-CG_20250131-9910-768x432.jpg 768w, https:\/\/www.upo.es\/diario\/wp-content\/uploads\/2025\/02\/31012025-CG_20250131-9910-1536x864.jpg 1536w, https:\/\/www.upo.es\/diario\/wp-content\/uploads\/2025\/02\/31012025-CG_20250131-9910-2048x1152.jpg 2048w, https:\/\/www.upo.es\/diario\/wp-content\/uploads\/2025\/02\/31012025-CG_20250131-9910-1320x743.jpg 1320w\" sizes=\"auto, (max-width: 750px) 100vw, 750px\" \/><\/a><figcaption id=\"caption-attachment-30884892\" class=\"wp-caption-text\">El Consejo de Gobierno en la sesi\u00f3n del viernes d\u00eda 31<\/figcaption><\/figure>\n<p>Francisco Oliva ha detallado, en su \u00faltimo informe en Consejo de Gobierno, los compromisos asumidos por la Universidad Pablo de Olavide como resultado del <strong>contrato programa firmado con la Consejer\u00eda de Universidad, Investigaci\u00f3n e Innovaci\u00f3n<\/strong>. As\u00ed, el rector ha se\u00f1alado que se trata de una financiaci\u00f3n por objetivos para mejorar la calidad del sistema universitario contemplada en la LOSU.<\/p>\n<figure id=\"attachment_30884894\" aria-describedby=\"caption-attachment-30884894\" style=\"width: 280px\" class=\"wp-caption alignright\"><a href=\"https:\/\/www.upo.es\/diario\/wp-content\/uploads\/2025\/02\/31012025-CG_20250131-9932.jpg\"><img loading=\"lazy\" decoding=\"async\" class=\"size-medium wp-image-30884894\" src=\"https:\/\/www.upo.es\/diario\/wp-content\/uploads\/2025\/02\/31012025-CG_20250131-9932-280x420.jpg\" alt=\"Francisco Oliva durante su informe\" width=\"280\" height=\"420\" srcset=\"https:\/\/www.upo.es\/diario\/wp-content\/uploads\/2025\/02\/31012025-CG_20250131-9932-280x420.jpg 280w, https:\/\/www.upo.es\/diario\/wp-content\/uploads\/2025\/02\/31012025-CG_20250131-9932-350x525.jpg 350w, https:\/\/www.upo.es\/diario\/wp-content\/uploads\/2025\/02\/31012025-CG_20250131-9932-768x1152.jpg 768w, https:\/\/www.upo.es\/diario\/wp-content\/uploads\/2025\/02\/31012025-CG_20250131-9932-1024x1536.jpg 1024w, https:\/\/www.upo.es\/diario\/wp-content\/uploads\/2025\/02\/31012025-CG_20250131-9932-1366x2048.jpg 1366w, https:\/\/www.upo.es\/diario\/wp-content\/uploads\/2025\/02\/31012025-CG_20250131-9932-1320x1980.jpg 1320w, https:\/\/www.upo.es\/diario\/wp-content\/uploads\/2025\/02\/31012025-CG_20250131-9932.jpg 1547w\" sizes=\"auto, (max-width: 280px) 100vw, 280px\" \/><\/a><figcaption id=\"caption-attachment-30884894\" class=\"wp-caption-text\">Francisco Oliva durante su informe<\/figcaption><\/figure>\n<p>El contrato programa acordado con la Junta de Andaluc\u00eda contempla mejoras estructurales y estrat\u00e9gicas para el periodo 2023-2027. En la <strong>parte estrat\u00e9gica<\/strong>, la Pablo de Olavide plantea fortalecer su proyecci\u00f3n internacional, la sostenibilidad, la transformaci\u00f3n digital, especialmente en el \u00e1mbito de la gesti\u00f3n universitaria, y la mejora de su oferta formativa. \u201cEstas cuatro l\u00edneas son fundamentales para el desarrollo de la Universidad\u201d, apunt\u00f3 Francisco Oliva.<\/p>\n<p>En la <strong>parte estructural<\/strong>, el contrato programa recoge una serie de objetivos en los que la Universidad Pablo de Olavide debe converger con el sistema universitario p\u00fablico andaluz. En este sentido, el rector ha destacado que la situaci\u00f3n de partida de la Universidad es muy buena en muchos de los indicadores de docencia e investigaci\u00f3n contemplados por la Junta de Andaluc\u00eda. De este modo, la Olavide ya cumple con criterios como el m\u00ednimo financiable por carga docente del profesorado permanente o los indicadores bibliom\u00e9tricos de producci\u00f3n cient\u00edfica. La Universidad deber\u00e1 adecuar la carga docente del PDI no permanente a los requerimientos del contrato programa; el tama\u00f1o de los grupos; y la ratio de PTGAS\/PDI. El rector ha destacado que las medidas para consolidar y mejorar estos indicadores \u201cse har\u00e1n con plena transparencia, debate y participaci\u00f3n de toda la comunidad universitaria\u201d.<\/p>\n<p>A continuaci\u00f3n, Francisco Oliva ha informado sobre la gesti\u00f3n de distintas convocatorias del PDI. Sobre el <strong>Programa Mar\u00eda Goyri<\/strong> anunci\u00f3 su pr\u00f3xima publicaci\u00f3n en BOJA. Respecto a las convocatorias de <strong>quinquenios y sexenios,<\/strong> se han ampliado al profesorado ayudante doctor y al profesorado contratado interino \u2013quinquenios\u2013, y al personal investigador doctor contratado por el art\u00edculo 22 de la Ley de la Ciencia \u2013sexenios\u2013. Oliva ha manifestado que, en lo referente a esta cuesti\u00f3n de reconocimiento de derechos, compleja desde el punto de vista jur\u00eddico, la Universidad actuar\u00e1 siguiendo los criterios de la mesa general de universidades. En cuanto al abono de las cuotas de la seguridad social de las <strong>convocatorias Margarita Salas y Mar\u00eda Zambrano<\/strong>, el rector ha anunciado que las universidades andaluzas trabajan en una pr\u00f3xima soluci\u00f3n en base a una propuesta del Ministerio de Ciencia, Innovaci\u00f3n y Universidades.<\/p>\n<h3><strong>Actuaciones en el campus<\/strong><\/h3>\n<p>Francisco Oliva se ha referido a continuaci\u00f3n a los <strong>trabajos de reforma que requieren algunos edificios del campus, como el Alejandro Malaspina<\/strong>. El rector ha anunciado que la impermeabilizaci\u00f3n de la cubierta y la reparaci\u00f3n del piso son obras cuya cuant\u00eda requieren una licitaci\u00f3n y que se ejecutar\u00e1n con la mayor inmediatez, pero cumpliendo con los plazos requeridos. Mientras estas actuaciones se llevan a cabo, el personal ubicado en las zonas m\u00e1s afectadas ser\u00e1 trasladado o incrementar\u00e1 sus jornadas de teletrabajo. El rector ha especificado que estos trabajos extraordinarios estaban ya previstos, y que <strong>el Vicerrectorado competente en infraestructuras tiene planificadas las obras y mejoras m\u00e1s urgentes para el mantenimiento del campus<\/strong>, como las necesarias en los centros de transformaci\u00f3n, en los edificios 8 y 10, y en los equipos de climatizaci\u00f3n. En este sentido, ha anunciado <strong>el pr\u00f3ximo inicio de las obras de rehabilitaci\u00f3n del edificio de la T\u00e9rmica<\/strong>, adjudicadas a la empresa Servimar 2008.<\/p>\n<p>El rector ha concluido su informe en Consejo de Gobierno anunciando que <strong>la Universidad Pablo de Olavide dejar\u00e1 de publicar en la red social X<\/strong>. Francisco Oliva ha explicado que la medida responde a los cambios recientes en la plataforma, con comportamientos que han reducido los controles de veracidad y calidad de la informaci\u00f3n, contrarios a la defensa de los valores democr\u00e1ticos, que son propios de las instituciones de educaci\u00f3n superior. La Pablo de Olavide se alinea as\u00ed con la <a href=\"https:\/\/www.crue.org\/2025\/01\/crue-deja-de-publicar-en-x-por-su-deriva-antidemocratica\/\">CRUE<\/a> y muchas universidades europeas y espa\u00f1olas.<\/p>\n<p>&nbsp;<\/p>\n","protected":false},"excerpt":{"rendered":"<p>Francisco Oliva ha detallado, en su \u00faltimo informe en Consejo de Gobierno, los compromisos asumidos por la Universidad Pablo de Olavide como resultado del contrato programa firmado con la Consejer\u00eda de Universidad, Investigaci\u00f3n e Innovaci\u00f3n. As\u00ed, el rector ha se\u00f1alado que se trata de una financiaci\u00f3n por objetivos para mejorar la calidad del sistema universitario contemplada en la LOSU.<\/p>\n","protected":false},"author":6,"featured_media":30884893,"comment_status":"closed","ping_status":"open","sticky":false,"template":"","format":"standard","meta":{"_monsterinsights_skip_tracking":false,"_monsterinsights_sitenote_active":false,"_monsterinsights_sitenote_note":"","_monsterinsights_sitenote_category":0,"footnotes":""},"categories":[6],"tags":[8709,102,9077,4021,618,203,199,38,20],"class_list":["post-30884895","post","type-post","status-publish","format-standard","has-post-thumbnail","hentry","category-institucional","tag-consejeria-de-universidades","tag-consejo-de-gobierno","tag-contrato-programa","tag-francisco-oliva-blazquez","tag-infraestructuras","tag-junta-de-andalucia","tag-profesorado","tag-rector","tag-redes-sociales"],"_links":{"self":[{"href":"https:\/\/www.upo.es\/diario\/wp-json\/wp\/v2\/posts\/30884895","targetHints":{"allow":["GET"]}}],"collection":[{"href":"https:\/\/www.upo.es\/diario\/wp-json\/wp\/v2\/posts"}],"about":[{"href":"https:\/\/www.upo.es\/diario\/wp-json\/wp\/v2\/types\/post"}],"author":[{"embeddable":true,"href":"https:\/\/www.upo.es\/diario\/wp-json\/wp\/v2\/users\/6"}],"replies":[{"embeddable":true,"href":"https:\/\/www.upo.es\/diario\/wp-json\/wp\/v2\/comments?post=30884895"}],"version-history":[{"count":1,"href":"https:\/\/www.upo.es\/diario\/wp-json\/wp\/v2\/posts\/30884895\/revisions"}],"predecessor-version":[{"id":30884896,"href":"https:\/\/www.upo.es\/diario\/wp-json\/wp\/v2\/posts\/30884895\/revisions\/30884896"}],"wp:featuredmedia":[{"embeddable":true,"href":"https:\/\/www.upo.es\/diario\/wp-json\/wp\/v2\/media\/30884893"}],"wp:attachment":[{"href":"https:\/\/www.upo.es\/diario\/wp-json\/wp\/v2\/media?parent=30884895"}],"wp:term":[{"taxonomy":"category","embeddable":true,"href":"https:\/\/www.upo.es\/diario\/wp-json\/wp\/v2\/categories?post=30884895"},{"taxonomy":"post_tag","embeddable":true,"href":"https:\/\/www.upo.es\/diario\/wp-json\/wp\/v2\/tags?post=30884895"}],"curies":[{"name":"wp","href":"https:\/\/api.w.org\/{rel}","templated":true}]}}