{"id":30884898,"date":"2025-02-04T12:53:05","date_gmt":"2025-02-04T11:53:05","guid":{"rendered":"https:\/\/www.upo.es\/diario\/?p=30884898"},"modified":"2025-02-04T14:00:23","modified_gmt":"2025-02-04T13:00:23","slug":"las-universidades-andaluzas-apuestan-por-la-equidad-en-el-acceso-del-estudiantado","status":"publish","type":"post","link":"https:\/\/www.upo.es\/diario\/institucional\/2025\/02\/las-universidades-andaluzas-apuestan-por-la-equidad-en-el-acceso-del-estudiantado\/","title":{"rendered":"Las universidades andaluzas apuestan por la equidad en el acceso del estudiantado"},"content":{"rendered":"<figure id=\"attachment_30884899\" aria-describedby=\"caption-attachment-30884899\" style=\"width: 750px\" class=\"wp-caption aligncenter\"><a href=\"https:\/\/www.upo.es\/diario\/wp-content\/uploads\/2025\/02\/0402202.jpe\"><img loading=\"lazy\" decoding=\"async\" class=\"wp-image-30884899 size-large\" src=\"https:\/\/www.upo.es\/diario\/wp-content\/uploads\/2025\/02\/0402202-e1738673863284-750x361.jpe\" alt=\"Los Vicerrectorados de Estudiantes de las Universidades P\u00fablicas de Andaluc\u00eda reunidos en la sectorial en C\u00e1diz.\" width=\"750\" height=\"361\" srcset=\"https:\/\/www.upo.es\/diario\/wp-content\/uploads\/2025\/02\/0402202-e1738673863284-750x361.jpe 750w, https:\/\/www.upo.es\/diario\/wp-content\/uploads\/2025\/02\/0402202-e1738673863284-420x202.jpe 420w, https:\/\/www.upo.es\/diario\/wp-content\/uploads\/2025\/02\/0402202-e1738673863284-768x370.jpe 768w, https:\/\/www.upo.es\/diario\/wp-content\/uploads\/2025\/02\/0402202-e1738673863284-1536x739.jpe 1536w, https:\/\/www.upo.es\/diario\/wp-content\/uploads\/2025\/02\/0402202-e1738673863284-1320x635.jpe 1320w, https:\/\/www.upo.es\/diario\/wp-content\/uploads\/2025\/02\/0402202-e1738673863284.jpe 1600w\" sizes=\"auto, (max-width: 750px) 100vw, 750px\" \/><\/a><figcaption id=\"caption-attachment-30884899\" class=\"wp-caption-text\">Responsables de los Vicerrectorados de Estudiantes de las Universidades P\u00fablicas de Andaluc\u00eda reunidos en C\u00e1diz<\/figcaption><\/figure>\n<p><strong>Los Vicerrectorados de Estudiantes de las Universidades P\u00fablicas de Andaluc\u00eda, reunidos en la sectorial presidida por la rectora de la Universidad de Huelva, Mar\u00eda Antonia Pe\u00f1a, se han dado cita en C\u00e1diz para reforzar la coordinaci\u00f3n de los procesos administrativos de acceso a la universidad.<\/strong><\/p>\n<p>A lo largo del encuentro se han tratado algunos de los asuntos de mayor actualidad relativos al acceso de estudiantes de nuevo ingreso al Sistema Universitario P\u00fablico Andaluz. En este sentido, todas las universidades han coincidido en mantener su apuesta por el Distrito \u00danico Andaluz (DUA), que permite equiparar las condiciones de acceso y admisi\u00f3n de todos los y las estudiantes que acceden al sistema.<\/p>\n<p>Esto, han afirmado las universidades, resulta fundamental para garantizar la equidad en el acceso de, entre otros grupos, el estudiantado procedente de los bachilleratos internacionales. Y, para reforzar la coordinaci\u00f3n interuniversitaria y con la administraci\u00f3n auton\u00f3mica, se solicitar\u00e1 la creaci\u00f3n de un cronograma estable de reuniones del DUA.<\/p>\n<p>En cuanto a los criterios del procedimiento para la vinculaci\u00f3n entre grados superiores y grados universitarios, las universidades andaluzas se han comprometido a alinear los grados universitarios con las diferentes ramas del conocimiento. Y permanecen a la espera de la propuesta que est\u00e1 prevista por parte de la Direcci\u00f3n General de Coordinaci\u00f3n Universitaria, para establecer la vinculaci\u00f3n de los grados superiores con dichas ramas.<\/p>\n<p>Igualmente, en la reuni\u00f3n de los Vicerrectorados de Estudiantes se ha abordado la ordenaci\u00f3n del procedimiento para solicitar la acreditaci\u00f3n del cumplimiento de los requisitos de acceso al<strong> M\u00e1ster en Psicolog\u00eda General Sanitaria<\/strong> con t\u00edtulos oficiales extranjeros de Psicolog\u00eda. En este sentido, las universidades han acordado unificar los procedimientos administrativos en toda Andaluc\u00eda y ampliar los plazos para facilitar el acceso de las personas interesadas.<\/p>\n<p>Por su parte, las universidades andaluzas tambi\u00e9n han revisado las ponderaciones para los dobles grados y las ponderaciones en las nuevas ense\u00f1anzas del actual mapa de titulaciones andaluz, haciendo prevalecer la homogeneidad de criterios.<\/p>\n<p>Y, por \u00faltimo, la rectora de la Universidad de Huelva, que tambi\u00e9n preside la sectorial Crue de Asuntos Estudiantiles, ha informado sobre el estado de discusi\u00f3n de las nuevas normativas estatales relativas a becas, acceso de personas extranjeras y sobre el Estatuto del Estudiante, entre otras cuestiones relevantes para las universidades.<\/p>\n<p>Fuente: Universidades P\u00fablicas de Andaluc\u00eda<\/p>\n","protected":false},"excerpt":{"rendered":"<p>Los Vicerrectorados de Estudiantes de las universidades p\u00fablicas andaluzas, reunidos en la sectorial presidida por la rectora de la Universidad de Huelva, Mar\u00eda Antonia Pe\u00f1a, se han dado cita en C\u00e1diz para reforzar la coordinaci\u00f3n de los procesos administrativos de acceso a la universidad.<\/p>\n","protected":false},"author":4,"featured_media":30884899,"comment_status":"closed","ping_status":"open","sticky":false,"template":"","format":"standard","meta":{"_monsterinsights_skip_tracking":false,"_monsterinsights_sitenote_active":false,"_monsterinsights_sitenote_note":"","_monsterinsights_sitenote_category":0,"footnotes":""},"categories":[6],"tags":[501,2842,717,9078,9052,2114],"class_list":["post-30884898","post","type-post","status-publish","format-standard","has-post-thumbnail","hentry","category-institucional","tag-acceso","tag-aupa","tag-distrito-unico-andaluz","tag-sectorial","tag-universidades-publicas-de-andalucia","tag-vicerrectorado-de-estudiantes"],"_links":{"self":[{"href":"https:\/\/www.upo.es\/diario\/wp-json\/wp\/v2\/posts\/30884898","targetHints":{"allow":["GET"]}}],"collection":[{"href":"https:\/\/www.upo.es\/diario\/wp-json\/wp\/v2\/posts"}],"about":[{"href":"https:\/\/www.upo.es\/diario\/wp-json\/wp\/v2\/types\/post"}],"author":[{"embeddable":true,"href":"https:\/\/www.upo.es\/diario\/wp-json\/wp\/v2\/users\/4"}],"replies":[{"embeddable":true,"href":"https:\/\/www.upo.es\/diario\/wp-json\/wp\/v2\/comments?post=30884898"}],"version-history":[{"count":3,"href":"https:\/\/www.upo.es\/diario\/wp-json\/wp\/v2\/posts\/30884898\/revisions"}],"predecessor-version":[{"id":30884902,"href":"https:\/\/www.upo.es\/diario\/wp-json\/wp\/v2\/posts\/30884898\/revisions\/30884902"}],"wp:featuredmedia":[{"embeddable":true,"href":"https:\/\/www.upo.es\/diario\/wp-json\/wp\/v2\/media\/30884899"}],"wp:attachment":[{"href":"https:\/\/www.upo.es\/diario\/wp-json\/wp\/v2\/media?parent=30884898"}],"wp:term":[{"taxonomy":"category","embeddable":true,"href":"https:\/\/www.upo.es\/diario\/wp-json\/wp\/v2\/categories?post=30884898"},{"taxonomy":"post_tag","embeddable":true,"href":"https:\/\/www.upo.es\/diario\/wp-json\/wp\/v2\/tags?post=30884898"}],"curies":[{"name":"wp","href":"https:\/\/api.w.org\/{rel}","templated":true}]}}