{"id":30885140,"date":"2025-02-11T14:48:50","date_gmt":"2025-02-11T13:48:50","guid":{"rendered":"https:\/\/www.upo.es\/diario\/?p=30885140"},"modified":"2025-02-14T12:30:16","modified_gmt":"2025-02-14T11:30:16","slug":"upo-visibiliza-papel-fundamental-desempenan-mujeres-comunidad-cientifica","status":"publish","type":"post","link":"https:\/\/www.upo.es\/diario\/docencia-formacion\/2025\/02\/upo-visibiliza-papel-fundamental-desempenan-mujeres-comunidad-cientifica\/","title":{"rendered":"La UPO visibiliza el papel fundamental que desempe\u00f1an las mujeres en la comunidad cient\u00edfica"},"content":{"rendered":"<figure id=\"attachment_30885137\" aria-describedby=\"caption-attachment-30885137\" style=\"width: 750px\" class=\"wp-caption aligncenter\"><a href=\"https:\/\/www.upo.es\/diario\/wp-content\/uploads\/2025\/02\/11f_conferencia01-1-scaled.jpg\"><img loading=\"lazy\" decoding=\"async\" class=\"size-large wp-image-30885137\" src=\"https:\/\/www.upo.es\/diario\/wp-content\/uploads\/2025\/02\/11f_conferencia01-1-750x500.jpg\" alt=\"\" width=\"750\" height=\"500\" srcset=\"https:\/\/www.upo.es\/diario\/wp-content\/uploads\/2025\/02\/11f_conferencia01-1-750x500.jpg 750w, https:\/\/www.upo.es\/diario\/wp-content\/uploads\/2025\/02\/11f_conferencia01-1-420x280.jpg 420w, https:\/\/www.upo.es\/diario\/wp-content\/uploads\/2025\/02\/11f_conferencia01-1-768x512.jpg 768w, https:\/\/www.upo.es\/diario\/wp-content\/uploads\/2025\/02\/11f_conferencia01-1-1536x1024.jpg 1536w, https:\/\/www.upo.es\/diario\/wp-content\/uploads\/2025\/02\/11f_conferencia01-1-2048x1365.jpg 2048w, https:\/\/www.upo.es\/diario\/wp-content\/uploads\/2025\/02\/11f_conferencia01-1-165x109.jpg 165w, https:\/\/www.upo.es\/diario\/wp-content\/uploads\/2025\/02\/11f_conferencia01-1-1320x880.jpg 1320w\" sizes=\"auto, (max-width: 750px) 100vw, 750px\" \/><\/a><figcaption id=\"caption-attachment-30885137\" class=\"wp-caption-text\">De izquierda a derecha, Rosario Moreno Soldevila, Mar\u00eda Losada Friend y M\u00f3nica Dom\u00ednguez Serrano.<\/figcaption><\/figure>\n<p>Un a\u00f1o m\u00e1s, la Universidad Pablo de Olavide se suma a la conmemoraci\u00f3n del <a href=\"https:\/\/www.upo.es\/upsc\/igualdad\/dia-internacional-de-la-mujer-y-la-nina-en-la-ciencia\/\"><strong>D\u00eda Internacional de la Mujer y la Ni\u00f1a en la Ciencia<\/strong><\/a>, reafirmando su compromiso con la igualdad de g\u00e9nero en el \u00e1mbito cient\u00edfico y acad\u00e9mico. A trav\u00e9s de talleres, conferencias y espacios de divulgaci\u00f3n, la UPO busca reconocer la labor de las mujeres en la ciencia, fomentar vocaciones cient\u00edficas en ni\u00f1as y j\u00f3venes, y contribuir a la construcci\u00f3n de referentes no estereotipados para ni\u00f1as y ni\u00f1os en todos los campos.<\/p>\n<p>La <strong>Delegaci\u00f3n del Rector para la Igualdad de G\u00e9nero<\/strong>, a trav\u00e9s de la <strong>Oficina para la Igualdad<\/strong>, junto con diversas facultades, centros y organismos de la UPO, ha organizado un programa de eventos que incluye talleres, conferencias, campa\u00f1as en redes sociales y espacios de divulgaci\u00f3n cient\u00edfica, una oportunidad para reflexionar sobre los desaf\u00edos que a\u00fan enfrentan las mujeres en el \u00e1mbito cient\u00edfico y para destacar su impacto en el avance del conocimiento.<\/p>\n<figure id=\"attachment_30885138\" aria-describedby=\"caption-attachment-30885138\" style=\"width: 420px\" class=\"wp-caption alignright\"><a href=\"https:\/\/www.upo.es\/diario\/wp-content\/uploads\/2025\/02\/11f_conferencia02-1-scaled.jpg\"><img loading=\"lazy\" decoding=\"async\" class=\"size-medium wp-image-30885138\" src=\"https:\/\/www.upo.es\/diario\/wp-content\/uploads\/2025\/02\/11f_conferencia02-1-420x280.jpg\" alt=\"\" width=\"420\" height=\"280\" srcset=\"https:\/\/www.upo.es\/diario\/wp-content\/uploads\/2025\/02\/11f_conferencia02-1-420x280.jpg 420w, https:\/\/www.upo.es\/diario\/wp-content\/uploads\/2025\/02\/11f_conferencia02-1-750x500.jpg 750w, https:\/\/www.upo.es\/diario\/wp-content\/uploads\/2025\/02\/11f_conferencia02-1-768x512.jpg 768w, https:\/\/www.upo.es\/diario\/wp-content\/uploads\/2025\/02\/11f_conferencia02-1-1536x1024.jpg 1536w, https:\/\/www.upo.es\/diario\/wp-content\/uploads\/2025\/02\/11f_conferencia02-1-2048x1365.jpg 2048w, https:\/\/www.upo.es\/diario\/wp-content\/uploads\/2025\/02\/11f_conferencia02-1-165x109.jpg 165w, https:\/\/www.upo.es\/diario\/wp-content\/uploads\/2025\/02\/11f_conferencia02-1-1320x880.jpg 1320w\" sizes=\"auto, (max-width: 420px) 100vw, 420px\" \/><\/a><figcaption id=\"caption-attachment-30885138\" class=\"wp-caption-text\">Rosario Moreno ha impartido la conferencia titulada \u201cCiencia, literatura y lat\u00edn en el monasterio: Rosvita de Gandersheim e Hildegarda de Bingen\u201d.<\/figcaption><\/figure>\n<p>As\u00ed, la catedr\u00e1tica de Filolog\u00eda Latina de la UPO <strong>Rosario Moreno Soldevila, <\/strong>ha impartido en la ma\u00f1ana de hoy la conferencia <strong>\u201cCiencia, literatura y lat\u00edn en el monasterio: Rosvita de Gandersheim e Hildegarda de Bingen\u201d, <\/strong>organizada por la Facultad de Humanidades, con la colaboraci\u00f3n de la Oficina para la Igualdad y el apoyo financiero de la Delegaci\u00f3n del Rector para la Igualdad de G\u00e9nero, y que ha contado con las intervenciones de la decana, <strong>Mar\u00eda Losada Friend, <\/strong>y la delegada<strong> M\u00f3nica Dom\u00ednguez Serrano.<\/strong><\/p>\n<p>En su intervenci\u00f3n, la delegada del Rector para la Igualdad de G\u00e9nero ha resaltado la importancia de celebrar este d\u00eda que \u201cnos invita a reflexionar sobre los desaf\u00edos que enfrentan las mujeres cient\u00edficas y a visibilizar el trabajo que, tanto en la actualidad como a lo largo de la historia, han desarrollado muchas mujeres en el \u00e1mbito de las ciencias\u201d. M\u00f3nica Dom\u00ednguez tambi\u00e9n ha agradecido la labor de la Facultad de Humanidades y ha resaltado la importancia de \u201cvisibilizar la ciencia con nombre de mujer y construir referentes femeninos para las ni\u00f1as y los ni\u00f1os\u201d.<\/p>\n<p><a href=\"https:\/\/www.upo.es\/diario\/wp-content\/uploads\/2025\/02\/Cartel_11F-2025.png\"><img loading=\"lazy\" decoding=\"async\" class=\"alignleft size-medium wp-image-30885132\" src=\"https:\/\/www.upo.es\/diario\/wp-content\/uploads\/2025\/02\/Cartel_11F-2025-297x420.png\" alt=\"\" width=\"297\" height=\"420\" srcset=\"https:\/\/www.upo.es\/diario\/wp-content\/uploads\/2025\/02\/Cartel_11F-2025-297x420.png 297w, https:\/\/www.upo.es\/diario\/wp-content\/uploads\/2025\/02\/Cartel_11F-2025-371x525.png 371w, https:\/\/www.upo.es\/diario\/wp-content\/uploads\/2025\/02\/Cartel_11F-2025-768x1086.png 768w, https:\/\/www.upo.es\/diario\/wp-content\/uploads\/2025\/02\/Cartel_11F-2025-1086x1536.png 1086w, https:\/\/www.upo.es\/diario\/wp-content\/uploads\/2025\/02\/Cartel_11F-2025-1448x2048.png 1448w, https:\/\/www.upo.es\/diario\/wp-content\/uploads\/2025\/02\/Cartel_11F-2025-1320x1867.png 1320w, https:\/\/www.upo.es\/diario\/wp-content\/uploads\/2025\/02\/Cartel_11F-2025.png 1587w\" sizes=\"auto, (max-width: 297px) 100vw, 297px\" \/><\/a>Por su parte, Mar\u00eda Losada Friend, ha dado la bienvenida a este evento que se celebra \u201cpara hacer visible el trabajo de las mujeres en la investigaci\u00f3n, a valorar los a\u00f1os, los siglos que ha costado promover iniciativas de progreso que permiten que las mujeres tengan la oportunidad de descubrir nuevos campos de la ciencia, de las humanidades o de \u00e1reas multidisciplinares que las combinan para hacernos m\u00e1s conscientes del mundo donde vivimos y mejores para cuidarlo\u201d. La decana ha presentado a la conferenciante, \u201cmodelo de una carrera que muchas mujeres pueden seguir hoy demostrando la potencia de una mente femenina\u201d, Rosario Moreno, \u201cuno de los mejores valores de la Facultad de Humanidades y ejemplo del trabajo constante, concienzudo, preciso y precioso\u201d.<\/p>\n<p>En su conferencia, la profesora Moreno Soldevila ha destacado el papel de las mujeres en la producci\u00f3n y transmisi\u00f3n del conocimiento en lat\u00edn: \u00abEn la historia de filolog\u00eda y en el imaginario colectivo no vemos a mujeres copiando y estudiando textos en los <em>scriptoria<\/em> medievales, pero una lectura de los textos conservados nos demuestra que en los monasterios femeninos hab\u00eda la misma vida intelectual y cultural que en los masculinos y que las mujeres tambi\u00e9n fueron clave en \u00e1mbitos literarios, educativos y cient\u00edficos\u00bb.<\/p>\n<figure id=\"attachment_30885139\" aria-describedby=\"caption-attachment-30885139\" style=\"width: 420px\" class=\"wp-caption alignright\"><a href=\"https:\/\/www.upo.es\/diario\/wp-content\/uploads\/2025\/02\/especial_11F_Radio.jpeg\"><img loading=\"lazy\" decoding=\"async\" class=\"size-medium wp-image-30885139\" src=\"https:\/\/www.upo.es\/diario\/wp-content\/uploads\/2025\/02\/especial_11F_Radio-420x356.jpeg\" alt=\"\" width=\"420\" height=\"356\" srcset=\"https:\/\/www.upo.es\/diario\/wp-content\/uploads\/2025\/02\/especial_11F_Radio-420x356.jpeg 420w, https:\/\/www.upo.es\/diario\/wp-content\/uploads\/2025\/02\/especial_11F_Radio-619x525.jpeg 619w, https:\/\/www.upo.es\/diario\/wp-content\/uploads\/2025\/02\/especial_11F_Radio-768x651.jpeg 768w, https:\/\/www.upo.es\/diario\/wp-content\/uploads\/2025\/02\/especial_11F_Radio-1320x1119.jpeg 1320w, https:\/\/www.upo.es\/diario\/wp-content\/uploads\/2025\/02\/especial_11F_Radio.jpeg 1496w\" sizes=\"auto, (max-width: 420px) 100vw, 420px\" \/><\/a><figcaption id=\"caption-attachment-30885139\" class=\"wp-caption-text\">RadiOlavide lanza un a\u00f1o m\u00e1s el especial &#8216;Investigadoras y Cient\u00edficas de la UPO&#8217;, en el marco del programa Mundo Sostenible.<\/figcaption><\/figure>\n<p><strong>Talleres, conferencias, radio y espacios de divulgaci\u00f3n<\/strong><\/p>\n<p>A trav\u00e9s de las acciones programadas el d\u00eda de hoy y a lo largo de este mes, la Universidad Pablo de Olavide reafirma su compromiso con la igualdad de g\u00e9nero en la ciencia y la educaci\u00f3n, impulsando la participaci\u00f3n de las mujeres en el \u00e1mbito cient\u00edfico y promoviendo una comunidad universitaria m\u00e1s equitativa e inclusiva.<\/p>\n<p>As\u00ed, se han celebrado talleres, conferencias, campa\u00f1as en redes sociales, <a href=\"https:\/\/radiolavide.org\/mundo-sostenible-11f-referentes-cientificas-de-la-upo-que-inspiran\/\">programas de radio<\/a> y espacios de divulgaci\u00f3n cient\u00edfica reconociendo el papel clave que desempe\u00f1an las mujeres en la comunidad cient\u00edfica y la tecnolog\u00eda y promoviendo el acceso de las mujeres y las ni\u00f1as a la educaci\u00f3n, la capacitaci\u00f3n y la investigaci\u00f3n en los \u00e1mbitos de la ciencia.<\/p>\n<p><strong>M\u00e1s informaci\u00f3n:<\/strong><strong>\u00a0<\/strong><\/p>\n<ul>\n<li><a href=\"https:\/\/www.upo.es\/upsc\/igualdad\/dia-internacional-de-la-mujer-y-la-nina-en-la-ciencia\/\"><strong>Programa<\/strong> <strong>D\u00eda Internacional de la Mujer y la Ni\u00f1a en la Ciencia<\/strong><\/a><\/li>\n<li><strong>\u00a0<\/strong><a href=\"https:\/\/11defebrero.org\/\"><strong>https:\/\/11defebrero.org\/<\/strong><\/a><\/li>\n<li><strong>\u00a0<\/strong><strong><a href=\"https:\/\/www.un.org\/es\/observances\/women-and-girls-in-science-day\">un.org\/es\/observances\/women-and-girls-in-science-day<\/a><\/strong><\/li>\n<\/ul>\n<p>&nbsp;<\/p>\n","protected":false},"excerpt":{"rendered":"<p>Un a\u00f1o m\u00e1s, la Universidad Pablo de Olavide se suma a la conmemoraci\u00f3n del D\u00eda Internacional de la Mujer y la Ni\u00f1a en la Ciencia, reafirmando su compromiso con la igualdad de g\u00e9nero en el \u00e1mbito cient\u00edfico y acad\u00e9mico. A trav\u00e9s de talleres, conferencias y espacios de divulgaci\u00f3n, la UPO busca reconocer la labor de las mujeres en la ciencia, fomentar vocaciones cient\u00edficas en ni\u00f1as y j\u00f3venes, y contribuir a la construcci\u00f3n de referentes no estereotipados para ni\u00f1as y ni\u00f1os en todos los campos.<\/p>\n","protected":false},"author":2,"featured_media":30885137,"comment_status":"closed","ping_status":"open","sticky":false,"template":"","format":"standard","meta":{"_monsterinsights_skip_tracking":false,"_monsterinsights_sitenote_active":false,"_monsterinsights_sitenote_note":"","_monsterinsights_sitenote_category":0,"footnotes":""},"categories":[2779],"tags":[6539,6530,2645,96,5883,8720],"class_list":["post-30885140","post","type-post","status-publish","format-standard","has-post-thumbnail","hentry","category-docencia-formacion","tag-11-de-febrero","tag-dia-internacional-de-la-mujer-y-la-nina-en-la-ciencia","tag-divulgacion-cientifica","tag-facultad-de-humanidades","tag-igualdad-de-genero","tag-monica-dominguez-serrano"],"_links":{"self":[{"href":"https:\/\/www.upo.es\/diario\/wp-json\/wp\/v2\/posts\/30885140","targetHints":{"allow":["GET"]}}],"collection":[{"href":"https:\/\/www.upo.es\/diario\/wp-json\/wp\/v2\/posts"}],"about":[{"href":"https:\/\/www.upo.es\/diario\/wp-json\/wp\/v2\/types\/post"}],"author":[{"embeddable":true,"href":"https:\/\/www.upo.es\/diario\/wp-json\/wp\/v2\/users\/2"}],"replies":[{"embeddable":true,"href":"https:\/\/www.upo.es\/diario\/wp-json\/wp\/v2\/comments?post=30885140"}],"version-history":[{"count":5,"href":"https:\/\/www.upo.es\/diario\/wp-json\/wp\/v2\/posts\/30885140\/revisions"}],"predecessor-version":[{"id":30885269,"href":"https:\/\/www.upo.es\/diario\/wp-json\/wp\/v2\/posts\/30885140\/revisions\/30885269"}],"wp:featuredmedia":[{"embeddable":true,"href":"https:\/\/www.upo.es\/diario\/wp-json\/wp\/v2\/media\/30885137"}],"wp:attachment":[{"href":"https:\/\/www.upo.es\/diario\/wp-json\/wp\/v2\/media?parent=30885140"}],"wp:term":[{"taxonomy":"category","embeddable":true,"href":"https:\/\/www.upo.es\/diario\/wp-json\/wp\/v2\/categories?post=30885140"},{"taxonomy":"post_tag","embeddable":true,"href":"https:\/\/www.upo.es\/diario\/wp-json\/wp\/v2\/tags?post=30885140"}],"curies":[{"name":"wp","href":"https:\/\/api.w.org\/{rel}","templated":true}]}}