{"id":30885151,"date":"2025-02-11T15:20:43","date_gmt":"2025-02-11T14:20:43","guid":{"rendered":"https:\/\/www.upo.es\/diario\/?p=30885151"},"modified":"2025-02-11T15:20:43","modified_gmt":"2025-02-11T14:20:43","slug":"la-upo-participa-en-una-edicion-especial-de-cafe-con-ciencia-en-el-parlamento-de-andalucia-para-celebrar-el-dia-internacional-de-la-mujer-y-la-nina-en-la-ciencia","status":"publish","type":"post","link":"https:\/\/www.upo.es\/diario\/docencia-formacion\/2025\/02\/la-upo-participa-en-una-edicion-especial-de-cafe-con-ciencia-en-el-parlamento-de-andalucia-para-celebrar-el-dia-internacional-de-la-mujer-y-la-nina-en-la-ciencia\/","title":{"rendered":"La UPO participa en una edici\u00f3n especial de Caf\u00e9 con Ciencia en el Parlamento de Andaluc\u00eda para celebrar el D\u00eda Internacional de la Mujer y la Ni\u00f1a en la Ciencia"},"content":{"rendered":"<header class=\"headline\">\n<figure id=\"attachment_30885153\" aria-describedby=\"caption-attachment-30885153\" style=\"width: 703px\" class=\"wp-caption aligncenter\"><a href=\"https:\/\/www.upo.es\/diario\/wp-content\/uploads\/2025\/02\/Investigadoras_Cafe-Parlamento-11F.jpg\"><img loading=\"lazy\" decoding=\"async\" class=\"size-large wp-image-30885153\" src=\"https:\/\/www.upo.es\/diario\/wp-content\/uploads\/2025\/02\/Investigadoras_Cafe-Parlamento-11F-703x525.jpg\" alt=\"\" width=\"703\" height=\"525\" srcset=\"https:\/\/www.upo.es\/diario\/wp-content\/uploads\/2025\/02\/Investigadoras_Cafe-Parlamento-11F-703x525.jpg 703w, https:\/\/www.upo.es\/diario\/wp-content\/uploads\/2025\/02\/Investigadoras_Cafe-Parlamento-11F-420x314.jpg 420w, https:\/\/www.upo.es\/diario\/wp-content\/uploads\/2025\/02\/Investigadoras_Cafe-Parlamento-11F-768x573.jpg 768w, https:\/\/www.upo.es\/diario\/wp-content\/uploads\/2025\/02\/Investigadoras_Cafe-Parlamento-11F.jpg 1069w\" sizes=\"auto, (max-width: 703px) 100vw, 703px\" \/><\/a><figcaption id=\"caption-attachment-30885153\" class=\"wp-caption-text\">La investigadora del \u00c1rea de Fisiolog\u00eda de la UPO, Roc\u00edo Leal Campanario, abajo a la izquierda.<\/figcaption><\/figure>\n<p class=\"title\">El <strong>Parlamento de Andaluc\u00eda<\/strong>\u00a0ha acogido por primera vez una<strong>\u00a0edici\u00f3n especial de Caf\u00e9 con Ciencia<\/strong>\u00a0con\u00a0<strong>alumnado de educaci\u00f3n Secundaria<\/strong>\u00a0junto a\u00a0<strong>ocho investigadoras andaluzas.<\/strong>\u00a0En concreto, han participado\u00a0<strong>Roc\u00edo Leal Campanario (Universidad Pablo de Olavide)<\/strong>,\u00a0Carmen Gonz\u00e1lez Guti\u00e9rrez (Universidad de C\u00f3rdoba), Berta de los Santos Garc\u00eda de Paredes (IFAPA), Mar\u00eda Victoria L\u00f3pez Ram\u00f3n (Universidad de Ja\u00e9n), RGloria Ortega L\u00f3pez (Universidad de Almer\u00eda), Blanca Biel Ruiz (Universidad de Granada), Cristina Alcaraz (Universidad de M\u00e1laga) y Marta Same\u00f1o Puerto (Instituto Andaluz del Patrimonio Hist\u00f3rico, IAPH). Las investigadoras han compartido su experiencia vital y profesional con estudiantes de dos centros de Educaci\u00f3n Secundaria de Sevilla, el IES Miguel de Cervantes y el Colegio Nuestra Se\u00f1ora de las Mercedes.<\/p>\n<\/header>\n<div id=\"\" class=\"contentblock\">\n<div class=\"contentblock-texto row\">\n<div class=\"container-fluid \">\n<p>Durante el desarrollo de la actividad, las expertas cuentan su labor investigadora o c\u00f3mo es su d\u00eda a d\u00eda. Los encuentros persiguen despertar vocaciones cient\u00edficas, sobre todo entre las alumnas, y presentar referentes femeninos actuales en este \u00e1mbito.<\/p>\n<p>Se trata de una iniciativa impulsada por la Fundaci\u00f3n Descubre, en colaboraci\u00f3n con las principales entidades de investigaci\u00f3n y divulgaci\u00f3n de la regi\u00f3n, que cuenta con la financiaci\u00f3n de la\u00a0<a role=\"link\" href=\"https:\/\/www.juntadeandalucia.es\/organismos\/universidadinvestigacioneinnovacion.html\" target=\"_blank\" rel=\"noopener\">Consejer\u00eda de Universidad, Investigaci\u00f3n e Innovaci\u00f3n de la Junta de Andaluc\u00eda<\/a>\u00a0y la\u00a0<a role=\"link\" href=\"https:\/\/www.fecyt.es\/\" target=\"_blank\" rel=\"noopener\">Fundaci\u00f3n Espa\u00f1ola para la Ciencia y la Tecnolog\u00eda (FECYT)<\/a>. Desde la Oficina de Transferencia de Resultados de Investigaci\u00f3n del Vicerrectorado de Investigaci\u00f3n, Transferencia y Doctorado de la Universidad Pablo de Olavide se ha promovido la participaci\u00f3n en esta actividad para conmemorar el D\u00eda Internacional de la Mujer y la Ni\u00f1a en la Ciencia.<\/p>\n<h3><strong>M\u00e1s informaci\u00f3n:\u00a0<\/strong><\/h3>\n<p><a href=\"https:\/\/fundaciondescubre.es\/noticias\/andalucia-lleva-la-ciencia-al-parlamento-autonomico-para-celebrar-el-dia-internacional-de-la-mujer-y-la-nina\/\">https:\/\/fundaciondescubre.es\/noticias\/andalucia-lleva-la-ciencia-al-parlamento-autonomico-para-celebrar-el-dia-internacional-de-la-mujer-y-la-nina\/<\/a><\/p>\n<\/div>\n<\/div>\n<\/div>\n","protected":false},"excerpt":{"rendered":"<p>La investigadora del \u00c1rea de Fisiolog\u00eda de la Universidad Pablo de Olavide, Roc\u00edo Leal Campanario, ha participado en esta iniciativa impulsada por la Fundaci\u00f3n Descubre y que persigue despertar vocaciones cient\u00edficas y presentar referentes femeninos actuales en este \u00e1mbito.\u00a0<\/p>\n","protected":false},"author":2,"featured_media":30885153,"comment_status":"closed","ping_status":"open","sticky":false,"template":"","format":"standard","meta":{"_monsterinsights_skip_tracking":false,"_monsterinsights_sitenote_active":false,"_monsterinsights_sitenote_note":"","_monsterinsights_sitenote_category":0,"footnotes":""},"categories":[2779],"tags":[9080,971,6530,5079,8742],"class_list":["post-30885151","post","type-post","status-publish","format-standard","has-post-thumbnail","hentry","category-docencia-formacion","tag-11f","tag-cafe-con-ciencia","tag-dia-internacional-de-la-mujer-y-la-nina-en-la-ciencia","tag-parlamento-de-andalucia","tag-rocio-leal-campanario"],"_links":{"self":[{"href":"https:\/\/www.upo.es\/diario\/wp-json\/wp\/v2\/posts\/30885151","targetHints":{"allow":["GET"]}}],"collection":[{"href":"https:\/\/www.upo.es\/diario\/wp-json\/wp\/v2\/posts"}],"about":[{"href":"https:\/\/www.upo.es\/diario\/wp-json\/wp\/v2\/types\/post"}],"author":[{"embeddable":true,"href":"https:\/\/www.upo.es\/diario\/wp-json\/wp\/v2\/users\/2"}],"replies":[{"embeddable":true,"href":"https:\/\/www.upo.es\/diario\/wp-json\/wp\/v2\/comments?post=30885151"}],"version-history":[{"count":1,"href":"https:\/\/www.upo.es\/diario\/wp-json\/wp\/v2\/posts\/30885151\/revisions"}],"predecessor-version":[{"id":30885155,"href":"https:\/\/www.upo.es\/diario\/wp-json\/wp\/v2\/posts\/30885151\/revisions\/30885155"}],"wp:featuredmedia":[{"embeddable":true,"href":"https:\/\/www.upo.es\/diario\/wp-json\/wp\/v2\/media\/30885153"}],"wp:attachment":[{"href":"https:\/\/www.upo.es\/diario\/wp-json\/wp\/v2\/media?parent=30885151"}],"wp:term":[{"taxonomy":"category","embeddable":true,"href":"https:\/\/www.upo.es\/diario\/wp-json\/wp\/v2\/categories?post=30885151"},{"taxonomy":"post_tag","embeddable":true,"href":"https:\/\/www.upo.es\/diario\/wp-json\/wp\/v2\/tags?post=30885151"}],"curies":[{"name":"wp","href":"https:\/\/api.w.org\/{rel}","templated":true}]}}