{"id":30885206,"date":"2025-02-12T07:34:21","date_gmt":"2025-02-12T06:34:21","guid":{"rendered":"https:\/\/www.upo.es\/diario\/?p=30885206"},"modified":"2025-02-12T16:57:34","modified_gmt":"2025-02-12T15:57:34","slug":"radiolavide-detras-del-filtro-no-eres-tu-son-las-redes-un-analisis-sobre-la-presion-en-las-redes-sociales","status":"publish","type":"post","link":"https:\/\/www.upo.es\/diario\/podcast\/2025\/02\/radiolavide-detras-del-filtro-no-eres-tu-son-las-redes-un-analisis-sobre-la-presion-en-las-redes-sociales\/","title":{"rendered":"RadiOlavide | &#8216;Detr\u00e1s del filtro: no eres t\u00fa, son las redes&#8217;, un an\u00e1lisis sobre la presi\u00f3n en las redes sociales"},"content":{"rendered":"<p><iframe loading=\"lazy\" id=\"pumukitiframe\" src=\"https:\/\/upotv.upo.es\/iframe\/67ab4993abe3c6ab0e8b4568\" width=\"560\" height=\"315\" frameborder=\"0\" allowfullscreen=\"allowfullscreen\"><\/iframe><\/p>\n<p><strong>&#8216;Sociolog\u00eda para el d\u00eda a d\u00eda: de la academia a la pr\u00e1ctica cotidiana&#8217;<\/strong> profundiza en este episodio en c\u00f3mo las redes sociales han transformado la percepci\u00f3n de lo que es normal y deseable. La comparaci\u00f3n constante con ideales irrealistas de perfecci\u00f3n puede generar sentimientos de frustraci\u00f3n, ansiedad y alienaci\u00f3n, especialmente entre los y las j\u00f3venes. Sin embargo, se destaca que, detr\u00e1s de los filtros y las im\u00e1genes editadas, se esconden muchas de las tragedias contempor\u00e1neas vinculadas a la salud mental y la falta de autenticidad. Es un recordatorio de que las normas sociales promovidas por las redes no reflejan la realidad de la vida cotidiana.<\/p>\n<p>El mensaje central del p\u00f3dcast es claro: <strong>la vida perfecta no est\u00e1 detr\u00e1s de una pantalla, sino en la autenticidad y el bienestar real<\/strong>. La clave est\u00e1 en aceptar qui\u00e9nes somos, m\u00e1s all\u00e1 de los filtros y las comparaciones, y enfocarnos en lo que realmente importa: nuestro bienestar, nuestras relaciones genuinas y nuestro sentido de identidad. Solo a trav\u00e9s de esta autenticidad podemos liberarnos de la presi\u00f3n de las redes y vivir una vida m\u00e1s plena y satisfactoria.<\/p>\n<figure id=\"attachment_30885207\" aria-describedby=\"caption-attachment-30885207\" style=\"width: 420px\" class=\"wp-caption alignleft\"><img loading=\"lazy\" decoding=\"async\" class=\"wp-image-30885207 size-medium\" src=\"https:\/\/www.upo.es\/diario\/wp-content\/uploads\/2025\/02\/Geralt2-420x241.jpg\" alt=\"Imagen que muestra un hombre mayor y su retrato idealizado como un beb\u00e9\" width=\"420\" height=\"241\" srcset=\"https:\/\/www.upo.es\/diario\/wp-content\/uploads\/2025\/02\/Geralt2-420x241.jpg 420w, https:\/\/www.upo.es\/diario\/wp-content\/uploads\/2025\/02\/Geralt2-750x429.jpg 750w, https:\/\/www.upo.es\/diario\/wp-content\/uploads\/2025\/02\/Geralt2-768x440.jpg 768w, https:\/\/www.upo.es\/diario\/wp-content\/uploads\/2025\/02\/Geralt2.jpg 1280w\" sizes=\"auto, (max-width: 420px) 100vw, 420px\" \/><figcaption id=\"caption-attachment-30885207\" class=\"wp-caption-text\">Imagen: Geralt<\/figcaption><\/figure>\n<p><a href=\"https:\/\/www.upo.es\/diario\/wp-content\/uploads\/2025\/02\/Geralt2.jpg\"><strong>Cr\u00e9ditos<\/strong><\/a><\/p>\n<p>Presenta: <strong>Luis Navarro Ardoy<\/strong><\/p>\n<p>Locuci\u00f3n: <strong>David \u00c1lvarez Parrado, Luc\u00eda M\u00e1rquez Garc\u00eda y Luc\u00eda V\u00e1zquez Rodr\u00edguez<\/strong><\/p>\n<p>Realizaci\u00f3n y edici\u00f3n: <strong>Luis Navarro Ardoy y Javier \u00c1guila<\/strong><\/p>\n<hr \/>\n<h3>M\u00e1s estrenos de RadiOlavide:<\/h3>\n<p>Voces deso\u00eddas: La Mujer en la Antig\u00fcedad: &#8216;<strong>Agripina la Menor, emperatriz, madre y tejedora de poder<\/strong>&#8216;<br \/>\n<a href=\"https:\/\/upotv.upo.es\/video\/67a9cfc2abe3c655fb8b456a\">https:\/\/upotv.upo.es\/video\/67a9cfc2abe3c655fb8b456a<\/a><\/p>\n<p>Especial Mundo Sostenible 11F: &#8216;<strong>Investigadoras y Cient\u00edficas de la UPO<\/strong>&#8216;<br \/>\n<a href=\"https:\/\/upotv.upo.es\/video\/67a9ce9dabe3c62bfb8b456b\">https:\/\/upotv.upo.es\/video\/67a9ce9dabe3c62bfb8b456b<\/a><\/p>\n<p>De primer\u00edsimo orden: &#8216;<strong>Especial f\u00fatbol<\/strong>&#8216;<br \/>\n<a href=\"https:\/\/upotv.upo.es\/video\/67a20e09abe3c6c8b18b4568\">https:\/\/upotv.upo.es\/video\/67a20e09abe3c6c8b18b4568<\/a><\/p>\n","protected":false},"excerpt":{"rendered":"<p>El programa &#8216;Sociolog\u00eda para el d\u00eda a d\u00eda: de la academia a la pr\u00e1ctica cotidiana&#8217; aborda una de las principales problem\u00e1ticas de nuestra era digital: la presi\u00f3n de las redes sociales para cumplir con est\u00e1ndares inalcanzables de belleza, \u00e9xito y felicidad.<\/p>\n","protected":false},"author":6,"featured_media":30885207,"comment_status":"closed","ping_status":"open","sticky":false,"template":"","format":"video","meta":{"_monsterinsights_skip_tracking":false,"_monsterinsights_sitenote_active":false,"_monsterinsights_sitenote_note":"","_monsterinsights_sitenote_category":0,"footnotes":""},"categories":[8145],"tags":[7066,142,3784,20,104],"class_list":["post-30885206","post","type-post","status-publish","format-video","has-post-thumbnail","hentry","category-podcast","tag-luis-navarro-ardoy","tag-psicologia","tag-radiolavide","tag-redes-sociales","tag-sociologia","post_format-post-format-video"],"_links":{"self":[{"href":"https:\/\/www.upo.es\/diario\/wp-json\/wp\/v2\/posts\/30885206","targetHints":{"allow":["GET"]}}],"collection":[{"href":"https:\/\/www.upo.es\/diario\/wp-json\/wp\/v2\/posts"}],"about":[{"href":"https:\/\/www.upo.es\/diario\/wp-json\/wp\/v2\/types\/post"}],"author":[{"embeddable":true,"href":"https:\/\/www.upo.es\/diario\/wp-json\/wp\/v2\/users\/6"}],"replies":[{"embeddable":true,"href":"https:\/\/www.upo.es\/diario\/wp-json\/wp\/v2\/comments?post=30885206"}],"version-history":[{"count":1,"href":"https:\/\/www.upo.es\/diario\/wp-json\/wp\/v2\/posts\/30885206\/revisions"}],"predecessor-version":[{"id":30885208,"href":"https:\/\/www.upo.es\/diario\/wp-json\/wp\/v2\/posts\/30885206\/revisions\/30885208"}],"wp:featuredmedia":[{"embeddable":true,"href":"https:\/\/www.upo.es\/diario\/wp-json\/wp\/v2\/media\/30885207"}],"wp:attachment":[{"href":"https:\/\/www.upo.es\/diario\/wp-json\/wp\/v2\/media?parent=30885206"}],"wp:term":[{"taxonomy":"category","embeddable":true,"href":"https:\/\/www.upo.es\/diario\/wp-json\/wp\/v2\/categories?post=30885206"},{"taxonomy":"post_tag","embeddable":true,"href":"https:\/\/www.upo.es\/diario\/wp-json\/wp\/v2\/tags?post=30885206"}],"curies":[{"name":"wp","href":"https:\/\/api.w.org\/{rel}","templated":true}]}}