{"id":30885290,"date":"2025-02-17T11:24:01","date_gmt":"2025-02-17T10:24:01","guid":{"rendered":"https:\/\/www.upo.es\/diario\/?p=30885290"},"modified":"2025-02-21T10:08:50","modified_gmt":"2025-02-21T09:08:50","slug":"upo-abre-este-miercoles-inscripcion-de-las-pruebas-de-acceso-a-la-universidad-mayores-de-25-y-45-anos","status":"publish","type":"post","link":"https:\/\/www.upo.es\/diario\/institucional\/2025\/02\/upo-abre-este-miercoles-inscripcion-de-las-pruebas-de-acceso-a-la-universidad-mayores-de-25-y-45-anos\/","title":{"rendered":"La UPO abre este mi\u00e9rcoles la inscripci\u00f3n de las pruebas de acceso a la universidad para mayores de 25 y 45 a\u00f1os"},"content":{"rendered":"<figure id=\"attachment_30885305\" aria-describedby=\"caption-attachment-30885305\" style=\"width: 420px\" class=\"wp-caption alignright\"><a href=\"https:\/\/www.upo.es\/diario\/wp-content\/uploads\/2025\/02\/1.png\"><img loading=\"lazy\" decoding=\"async\" class=\"size-medium wp-image-30885305\" src=\"https:\/\/www.upo.es\/diario\/wp-content\/uploads\/2025\/02\/1-420x352.png\" alt=\"\" width=\"420\" height=\"352\" srcset=\"https:\/\/www.upo.es\/diario\/wp-content\/uploads\/2025\/02\/1-420x352.png 420w, https:\/\/www.upo.es\/diario\/wp-content\/uploads\/2025\/02\/1-626x525.png 626w, https:\/\/www.upo.es\/diario\/wp-content\/uploads\/2025\/02\/1-768x644.png 768w, https:\/\/www.upo.es\/diario\/wp-content\/uploads\/2025\/02\/1.png 940w\" sizes=\"auto, (max-width: 420px) 100vw, 420px\" \/><\/a><figcaption id=\"caption-attachment-30885305\" class=\"wp-caption-text\">Imagen de las Pruebas de Acceso a la Universidad para Mayores de 25 y 45 a\u00f1os celebradas el pasado a\u00f1o.<\/figcaption><\/figure>\n<p>La Universidad Pablo de Olavide abre el <strong>plazo de inscripci\u00f3n entre el 19 de febrero al 10 de marzo para la convocatoria 2025 de las pruebas de acceso para mayores de 25 y 45 a\u00f1os<\/strong>. Organizadas por el <strong>Vicerrectorado de Estudiantes, Empleabilidad y Emprendimiento<\/strong>, estas pruebas tendr\u00e1n lugar en el campus de la UPO los d\u00edas 4 y 5 de abril.<\/p>\n<p>Este sistema de acceso a la universidad tiene como requisito <strong>tener cumplidos o cumplir 25 o 45 a\u00f1os en el a\u00f1o natural en que se celebre la prueba y no poseer ninguna otra v\u00eda de acceso<\/strong>.<\/p>\n<p>La inscripci\u00f3n se efect\u00faa en dos pasos: en primer lugar, se rellena el <strong>formulario online<\/strong> que estar\u00e1 disponible entre el 19 de febrero al 10 de marzo en la <a href=\"https:\/\/www.upo.es\/asistencia-estudiante\/acceso-admision\/\">web del \u00c1rea de Acceso y Asistencia al Estudiante de Grado<\/a>; y, en segundo lugar y una vez comprobados los datos personales, la Universidad enviar\u00e1 un correo confirmando la inscripci\u00f3n y con la indicaci\u00f3n de la forma de <strong>efectuar el pago de las tasas.<\/strong> Estas son de 88,10 euros con car\u00e1cter general, 44,05 euros para el caso de familia numerosa general, y exenci\u00f3n de pago para familia numerosa especial, personas con grado de discapacidad reconocido igual o superior al 33%, y v\u00edctimas de violencia de g\u00e9nero.<\/p>\n<p>La inscripci\u00f3n <strong>tambi\u00e9n se puede realizar de manera presencial en la Unidad de Orientaci\u00f3n y Acceso<\/strong>, situada en la primera planta del edificio 18, en horario de 9:00 a 14:00 horas de lunes a viernes.<\/p>\n<p>Las personas que superen la Prueba de Acceso para Mayores de 25 y 45 a\u00f1os y deseen cursar estudios de Grado en cualquier universidad p\u00fablica andaluza, deber\u00e1n participar en el <strong>proceso de preinscripci\u00f3n que regula el ingreso en los centros universitarios andaluces<\/strong>. Para ello, la Comisi\u00f3n de <a href=\"https:\/\/www.juntadeandalucia.es\/economiaconocimientoempresasyuniversidad\/sguit\/\">Distrito \u00danico Universitario Andaluz<\/a> establece anualmente los procedimientos y plazos, el n\u00famero de plazas y el porcentaje de reserva de cada uno de los cupos de acceso.<\/p>\n<h3><strong>Fases diferentes en cada caso<\/strong><\/h3>\n<p>En el supuesto de <strong>mayores de 25 a\u00f1os<\/strong>, la prueba tiene como objetivo valorar la capacidad y madurez de las personas candidatas para acceder a los estudios universitarios. En este caso, <strong>la prueba es \u00fanica y se estructura en una Fase General y una Espec\u00edfica<\/strong>. En ning\u00fan caso, una persona se podr\u00e1 presentar en un mismo curso acad\u00e9mico en m\u00e1s de una universidad, aunque no existe l\u00edmite de convocatorias y la superaci\u00f3n de la misma tiene validez indefinida.<\/p>\n<p>La prueba comenzar\u00e1 <u>el viernes 4 de abril a las 16:30 horas<\/u> y el primer ejercicio ser\u00e1 el comentario de texto, al que seguir\u00e1n el de Lengua Espa\u00f1ola y el de Lengua Extranjera. Ya <u>el s\u00e1bado 5 de abril, la citaci\u00f3n tendr\u00e1 lugar a las 8:30 horas<\/u> y la prueba se desarrollar\u00e1 hasta las 12:00 horas para los ex\u00e1menes de las dos materias elegidas entre Biolog\u00eda, Dibujo T\u00e9cnico, Econom\u00eda de la Empresa, F\u00edsica, Geograf\u00eda, Historia de la Filosof\u00eda, Historia General y del Arte, Lat\u00edn, Matem\u00e1ticas, Matem\u00e1ticas Aplicadas y Qu\u00edmica. En este caso, el examen se basar\u00e1 en un temario del que se extraer\u00e1n las cuestiones a plantear.<\/p>\n<p>En el caso del acceso para <strong>mayores de 45 a\u00f1os<\/strong>, el proceso consta de dos fases: <strong>Prueba de Acceso, que se desarrollar\u00e1 el <u>viernes 4 de abril a partir de las 16:30<\/u> horas, y Entrevista, ambas obligatorias<\/strong>. La primera cuenta con un primer ejercicio de comentario de texto y un segundo de Lengua Castellana. Posteriormente, la segunda, con la participaci\u00f3n en una entrevista, se valorar\u00e1n aspectos generales sobre la madurez e idoneidad para cursar con \u00e9xito estudios universitarios.<\/p>\n","protected":false},"excerpt":{"rendered":"<p>La Universidad Pablo de Olavide abre el plazo de inscripci\u00f3n entre el 19 de febrero al 10 de marzo para la convocatoria 2025 de las pruebas de acceso para mayores de 25 y 45 a\u00f1os. Organizadas por el Vicerrectorado de Estudiantes, Empleabilidad y Emprendimiento, estas pruebas tendr\u00e1n lugar en el campus de la UPO los d\u00edas 4 y 5 de abril.<\/p>\n","protected":false},"author":2,"featured_media":30885305,"comment_status":"closed","ping_status":"open","sticky":false,"template":"","format":"standard","meta":{"_monsterinsights_skip_tracking":false,"_monsterinsights_sitenote_active":false,"_monsterinsights_sitenote_note":"","_monsterinsights_sitenote_category":0,"footnotes":""},"categories":[6],"tags":[8265,2503,3208,3209,743,690,2114],"class_list":["post-30885290","post","type-post","status-publish","format-standard","has-post-thumbnail","hentry","category-institucional","tag-area-de-acceso","tag-estudiar","tag-mayores-de-25-anos","tag-mayores-de-45-anos","tag-preinscripcion","tag-prueba-de-acceso-a-la-universidad","tag-vicerrectorado-de-estudiantes"],"_links":{"self":[{"href":"https:\/\/www.upo.es\/diario\/wp-json\/wp\/v2\/posts\/30885290","targetHints":{"allow":["GET"]}}],"collection":[{"href":"https:\/\/www.upo.es\/diario\/wp-json\/wp\/v2\/posts"}],"about":[{"href":"https:\/\/www.upo.es\/diario\/wp-json\/wp\/v2\/types\/post"}],"author":[{"embeddable":true,"href":"https:\/\/www.upo.es\/diario\/wp-json\/wp\/v2\/users\/2"}],"replies":[{"embeddable":true,"href":"https:\/\/www.upo.es\/diario\/wp-json\/wp\/v2\/comments?post=30885290"}],"version-history":[{"count":2,"href":"https:\/\/www.upo.es\/diario\/wp-json\/wp\/v2\/posts\/30885290\/revisions"}],"predecessor-version":[{"id":30885306,"href":"https:\/\/www.upo.es\/diario\/wp-json\/wp\/v2\/posts\/30885290\/revisions\/30885306"}],"wp:featuredmedia":[{"embeddable":true,"href":"https:\/\/www.upo.es\/diario\/wp-json\/wp\/v2\/media\/30885305"}],"wp:attachment":[{"href":"https:\/\/www.upo.es\/diario\/wp-json\/wp\/v2\/media?parent=30885290"}],"wp:term":[{"taxonomy":"category","embeddable":true,"href":"https:\/\/www.upo.es\/diario\/wp-json\/wp\/v2\/categories?post=30885290"},{"taxonomy":"post_tag","embeddable":true,"href":"https:\/\/www.upo.es\/diario\/wp-json\/wp\/v2\/tags?post=30885290"}],"curies":[{"name":"wp","href":"https:\/\/api.w.org\/{rel}","templated":true}]}}