{"id":30885307,"date":"2025-02-17T13:27:14","date_gmt":"2025-02-17T12:27:14","guid":{"rendered":"https:\/\/www.upo.es\/diario\/?p=30885307"},"modified":"2025-02-19T09:58:21","modified_gmt":"2025-02-19T08:58:21","slug":"la-universidad-pablo-de-olavide-consigue-seis-medallas-en-las-primeras-competiciones-cau-en-almeria","status":"publish","type":"post","link":"https:\/\/www.upo.es\/diario\/comunidad\/2025\/02\/la-universidad-pablo-de-olavide-consigue-seis-medallas-en-las-primeras-competiciones-cau-en-almeria\/","title":{"rendered":"La Universidad Pablo de Olavide consigue ocho medallas en las primeras competiciones CAU en Almer\u00eda"},"content":{"rendered":"<div class=\"mceTemp\"><\/div>\n<figure id=\"attachment_30885309\" aria-describedby=\"caption-attachment-30885309\" style=\"width: 389px\" class=\"wp-caption alignright\"><a href=\"https:\/\/www.upo.es\/diario\/wp-content\/uploads\/2025\/02\/EQUIPO-NATACION-scaled-e1739795120391.jpg\"><img loading=\"lazy\" decoding=\"async\" class=\"size-medium wp-image-30885309\" src=\"https:\/\/www.upo.es\/diario\/wp-content\/uploads\/2025\/02\/EQUIPO-NATACION-scaled-e1739795120391-389x420.jpg\" alt=\"\" width=\"389\" height=\"420\" srcset=\"https:\/\/www.upo.es\/diario\/wp-content\/uploads\/2025\/02\/EQUIPO-NATACION-scaled-e1739795120391-389x420.jpg 389w, https:\/\/www.upo.es\/diario\/wp-content\/uploads\/2025\/02\/EQUIPO-NATACION-scaled-e1739795120391-486x525.jpg 486w, https:\/\/www.upo.es\/diario\/wp-content\/uploads\/2025\/02\/EQUIPO-NATACION-scaled-e1739795120391-768x830.jpg 768w, https:\/\/www.upo.es\/diario\/wp-content\/uploads\/2025\/02\/EQUIPO-NATACION-scaled-e1739795120391-1422x1536.jpg 1422w, https:\/\/www.upo.es\/diario\/wp-content\/uploads\/2025\/02\/EQUIPO-NATACION-scaled-e1739795120391-1896x2048.jpg 1896w, https:\/\/www.upo.es\/diario\/wp-content\/uploads\/2025\/02\/EQUIPO-NATACION-scaled-e1739795120391-1320x1426.jpg 1320w, https:\/\/www.upo.es\/diario\/wp-content\/uploads\/2025\/02\/EQUIPO-NATACION-scaled-e1739795120391.jpg 1920w\" sizes=\"auto, (max-width: 389px) 100vw, 389px\" \/><\/a><figcaption id=\"caption-attachment-30885309\" class=\"wp-caption-text\">Equipo de nataci\u00f3n.<\/figcaption><\/figure>\n<p>La primera fase de los <strong>Campeonatos de Andaluc\u00eda Universitarios<\/strong> (CAU) ha dado comienzo este fin de semana con las competiciones de taekwondo, nataci\u00f3n y campo a trav\u00e9s, con excelentes resultados para los deportistas de la Universidad Pablo de Olavide.<\/p>\n<p>En nataci\u00f3n, han destacado por parte de la UPO <strong>Andrea Mei<\/strong>, medalla de <strong>oro<\/strong> en 50 metros mariposa, medalla de <strong>plata<\/strong> en 50 metros libre femenino, en 50 metros espalda y en 200 metros mariposa, \u00a0mientras que la medalla de <strong>bronce<\/strong> en el relevo 4&#215;50 metros espalda ha sido para <strong>Andrea Mei<\/strong>, <strong>Ra\u00fal Ca\u00f1ero<\/strong>, <strong>Pablo Cabello<\/strong> y <strong>Aroa Silva<\/strong>.<\/p>\n<p><span style=\"text-align: center;\">En taekwondo,<\/span><strong style=\"font-style: italic; text-align: center;\"> \u00c1lvaro Hidalgo <\/strong><span style=\"text-align: center;\">se hizo con la medalla de<\/span><strong style=\"font-style: italic; text-align: center;\"> oro <\/strong><span style=\"text-align: center;\">en -68 kg<\/span><strong style=\"font-style: italic; text-align: center;\">; Pablo<\/strong><span style=\"text-align: center;\"> Luque, medalla de <\/span><strong style=\"font-style: italic; text-align: center;\">plata<\/strong><span style=\"text-align: center;\"> en -58 kg; y <\/span><strong style=\"font-style: italic; text-align: center;\">Jes\u00fas G\u00f3mez, <\/strong><span style=\"text-align: center;\">medalla de <\/span><strong style=\"font-style: italic; text-align: center;\">bronce<\/strong><span style=\"text-align: center;\"> en 80 kg.<\/span><\/p>\n<p>Menci\u00f3n especial merece <strong>Pablo Crespo<\/strong>, de nataci\u00f3n, por su esfuerzo y dedicaci\u00f3n, as\u00ed como a <strong>Pablo Garc\u00eda Solano<\/strong>, de campo a trav\u00e9s, por su entrega en estos CAU. La Universidad Pablo de Olavide manda todo su apoyo a <strong>Claudia Rodr\u00edguez<\/strong>, quien sufri\u00f3 una ca\u00edda que le impidi\u00f3 finalizar su competici\u00f3n.<\/p>\n<figure id=\"attachment_30885310\" aria-describedby=\"caption-attachment-30885310\" style=\"width: 420px\" class=\"wp-caption alignright\"><a href=\"https:\/\/www.upo.es\/diario\/wp-content\/uploads\/2025\/02\/EQUIPO-TAEKWONDO.jpg\"><img loading=\"lazy\" decoding=\"async\" class=\"size-medium wp-image-30885310\" src=\"https:\/\/www.upo.es\/diario\/wp-content\/uploads\/2025\/02\/EQUIPO-TAEKWONDO-420x347.jpg\" alt=\"\" width=\"420\" height=\"347\" srcset=\"https:\/\/www.upo.es\/diario\/wp-content\/uploads\/2025\/02\/EQUIPO-TAEKWONDO-420x347.jpg 420w, https:\/\/www.upo.es\/diario\/wp-content\/uploads\/2025\/02\/EQUIPO-TAEKWONDO-636x525.jpg 636w, https:\/\/www.upo.es\/diario\/wp-content\/uploads\/2025\/02\/EQUIPO-TAEKWONDO-768x634.jpg 768w, https:\/\/www.upo.es\/diario\/wp-content\/uploads\/2025\/02\/EQUIPO-TAEKWONDO-1536x1268.jpg 1536w, https:\/\/www.upo.es\/diario\/wp-content\/uploads\/2025\/02\/EQUIPO-TAEKWONDO-1320x1089.jpg 1320w, https:\/\/www.upo.es\/diario\/wp-content\/uploads\/2025\/02\/EQUIPO-TAEKWONDO.jpg 2048w\" sizes=\"auto, (max-width: 420px) 100vw, 420px\" \/><\/a><figcaption id=\"caption-attachment-30885310\" class=\"wp-caption-text\">Equipo de taekwondo.<\/figcaption><\/figure>\n<h3><strong>Pr\u00f3ximas competiciones<\/strong><\/h3>\n<p>La actividad deportiva contin\u00faa con las previas de f\u00fatbol 11 y f\u00fatbol sala que se disputar\u00e1n el jueves 20 de febrero en el Campus de la UPO. Adem\u00e1s, el lunes 24 \u00a0de febrero tendr\u00e1n lugar las previas de voleibol masculino y baloncesto masculino en el CEU.<\/p>\n<p>Por otro lado, ya han asegurado su pase a los CAU, que se celebrar\u00e1n del 18 al 20 de marzo, los equipos de: p\u00e1del, f\u00fatbol 11 femenino, f\u00fatbol sala femenino, voleibol femenino y baloncesto femenino.<\/p>\n","protected":false},"excerpt":{"rendered":"<p>La primera fase de los Campeonatos de Andaluc\u00eda Universitarios (CAU) ha dado comienzo este fin de semana con las competiciones de taekwondo, nataci\u00f3n y campo a trav\u00e9s, con excelentes resultados para los deportistas de la Universidad Pablo de Olavide.<\/p>\n","protected":false},"author":2,"featured_media":30885309,"comment_status":"closed","ping_status":"open","sticky":false,"template":"","format":"standard","meta":{"_monsterinsights_skip_tracking":false,"_monsterinsights_sitenote_active":false,"_monsterinsights_sitenote_note":"","_monsterinsights_sitenote_category":0,"footnotes":""},"categories":[5842],"tags":[2132,255,324,430,8320],"class_list":["post-30885307","post","type-post","status-publish","format-standard","has-post-thumbnail","hentry","category-comunidad","tag-campeonatos-de-andalucia-universitarios","tag-campo-a-traves","tag-cau","tag-natacion","tag-taekwondo"],"_links":{"self":[{"href":"https:\/\/www.upo.es\/diario\/wp-json\/wp\/v2\/posts\/30885307","targetHints":{"allow":["GET"]}}],"collection":[{"href":"https:\/\/www.upo.es\/diario\/wp-json\/wp\/v2\/posts"}],"about":[{"href":"https:\/\/www.upo.es\/diario\/wp-json\/wp\/v2\/types\/post"}],"author":[{"embeddable":true,"href":"https:\/\/www.upo.es\/diario\/wp-json\/wp\/v2\/users\/2"}],"replies":[{"embeddable":true,"href":"https:\/\/www.upo.es\/diario\/wp-json\/wp\/v2\/comments?post=30885307"}],"version-history":[{"count":8,"href":"https:\/\/www.upo.es\/diario\/wp-json\/wp\/v2\/posts\/30885307\/revisions"}],"predecessor-version":[{"id":30885337,"href":"https:\/\/www.upo.es\/diario\/wp-json\/wp\/v2\/posts\/30885307\/revisions\/30885337"}],"wp:featuredmedia":[{"embeddable":true,"href":"https:\/\/www.upo.es\/diario\/wp-json\/wp\/v2\/media\/30885309"}],"wp:attachment":[{"href":"https:\/\/www.upo.es\/diario\/wp-json\/wp\/v2\/media?parent=30885307"}],"wp:term":[{"taxonomy":"category","embeddable":true,"href":"https:\/\/www.upo.es\/diario\/wp-json\/wp\/v2\/categories?post=30885307"},{"taxonomy":"post_tag","embeddable":true,"href":"https:\/\/www.upo.es\/diario\/wp-json\/wp\/v2\/tags?post=30885307"}],"curies":[{"name":"wp","href":"https:\/\/api.w.org\/{rel}","templated":true}]}}