{"id":30885371,"date":"2025-02-18T16:24:05","date_gmt":"2025-02-18T15:24:05","guid":{"rendered":"https:\/\/www.upo.es\/diario\/?p=30885371"},"modified":"2025-02-19T09:30:48","modified_gmt":"2025-02-19T08:30:48","slug":"la-universidad-pablo-de-olavide-celebra-la-graduacion-de-la-octava-promocion-del-master-international-bim","status":"publish","type":"post","link":"https:\/\/www.upo.es\/diario\/comunidad\/2025\/02\/la-universidad-pablo-de-olavide-celebra-la-graduacion-de-la-octava-promocion-del-master-international-bim\/","title":{"rendered":"La Universidad Pablo de Olavide celebra la graduaci\u00f3n de la octava promoci\u00f3n del M\u00e1ster International BIM"},"content":{"rendered":"<p><a href=\"https:\/\/www.upo.es\/diario\/wp-content\/uploads\/2025\/02\/IMG_8311-scaled.jpg\"><img loading=\"lazy\" decoding=\"async\" class=\"aligncenter size-large wp-image-30885373\" src=\"https:\/\/www.upo.es\/diario\/wp-content\/uploads\/2025\/02\/IMG_8311-750x500.jpg\" alt=\"Estudiantes de la octava promoci\u00f3n del \u2018M\u00e1ster de Formaci\u00f3n Permanente International BIM Manager for Project Management according to ISO 19650: Building Information Modelling\u2019 \" width=\"750\" height=\"500\" srcset=\"https:\/\/www.upo.es\/diario\/wp-content\/uploads\/2025\/02\/IMG_8311-750x500.jpg 750w, https:\/\/www.upo.es\/diario\/wp-content\/uploads\/2025\/02\/IMG_8311-420x280.jpg 420w, https:\/\/www.upo.es\/diario\/wp-content\/uploads\/2025\/02\/IMG_8311-768x512.jpg 768w, https:\/\/www.upo.es\/diario\/wp-content\/uploads\/2025\/02\/IMG_8311-1536x1024.jpg 1536w, https:\/\/www.upo.es\/diario\/wp-content\/uploads\/2025\/02\/IMG_8311-2048x1365.jpg 2048w, https:\/\/www.upo.es\/diario\/wp-content\/uploads\/2025\/02\/IMG_8311-165x109.jpg 165w, https:\/\/www.upo.es\/diario\/wp-content\/uploads\/2025\/02\/IMG_8311-1320x880.jpg 1320w\" sizes=\"auto, (max-width: 750px) 100vw, 750px\" \/><\/a>La Universidad Pablo de Olavide ha celebrado el <strong>acto de graduaci\u00f3n de la octava promoci\u00f3n del \u2018M\u00e1ster de Formaci\u00f3n Permanente International BIM Manager for Project Management according to ISO 19650: Building Information Modelling\u2019<\/strong> en modalidad presencial. Un t\u00edtulo propio de la UPO que, en esta edici\u00f3n, ha formado a estudiantes de pa\u00edses como Espa\u00f1a, Colombia, Chile y Argentina.<\/p>\n<p>El acto de clausura de este programa, celebrado en la Sala de Grados de la Biblioteca CRAI-UPO, ha contado con la presencia de la directora acad\u00e9mica del t\u00edtulo, <strong>Macarena Hern\u00e1ndez<\/strong>; de la responsable de calidad, <strong>Macarena Tejada<\/strong>; y del director ejecutivo, <strong>Carlos Lucena<\/strong>. As\u00ed, como profesorado, representantes de entidades colaboradoras y alumnado.<\/p>\n<p>Durante el acto, los alumnos y alumnas que finalizan esta formaci\u00f3n han podido escuchar la <strong>ponencia de Luis Madruga<\/strong>, jefe de secci\u00f3n de <em>Digital Engineering<\/em> en Ayesa, entidad colaboradora, titulada \u2018<strong>BIM como herramienta de digitalizaci\u00f3n del sector: caso de \u00e9xito de proyectos de Ayesa y los Gemelos Digitales en activos de ingenier\u00eda<\/strong>\u2019 y en la que se ha destacado la importancia de la formaci\u00f3n en BIM para el desarrollo de proyectos de ingenier\u00eda y arquitectura en el mundo actual.<\/p>\n<p>El \u2018M\u00e1ster de Formaci\u00f3n Permanente International BIM Manager for Project Management according to ISO 19650: Building Information Modelling\u2019 es un t\u00edtulo propio de la UPO, gestionado por la Fundaci\u00f3n Universidad Pablo de Olavide, y <strong>que cuenta con la colaboraci\u00f3n de entidades como: Ayesa, RF AECO Competence Center, 360BIM, Cype, Atbim, MV-BIM o SaPro<\/strong>. Este t\u00edtulo, \u00fanico en Andaluc\u00eda, forma a su estudiantado en una de las profesiones m\u00e1s requeridas en el sector AECO y adem\u00e1s ofrece la posibilidad de cursar cada uno de los m\u00f3dulos de los que consta el programa formativo de manera independiente o conjunta.<\/p>\n<p>Desde la puesta en marcha de este programa formativo, que se imparte en modalidad presencial desde 2015 y en modalidad online desde 2016, se han especializado en BIM m\u00e1s de 320 estudiantes; que se han formado para ejercer diferentes roles y perfiles t\u00e9cnicos BIM que son solicitados en estas nuevas profesiones por el Plan BIM Chile (2016-2024), la Estrategia Nacional de Colombia (2020-2026), el Plan BIM Mexico (2025-2032) y, por supuesto tambi\u00e9n el Plan BIM Espa\u00f1a 2024-2030 desde su entrada en vigor el pasado 1 abril 2024: BIM Manager, BIM Coordinator, BIM Modeler, BIM Specialist, T\u00e9cnico BIM, Programador BIM, BIM Legal, BIM Project Manager, BIM Leader, BIM Head, Animador BIM, Auditor BIM, BIM Data Analyst, CDE Administrator, Gestor de la Informaci\u00f3n en BIM, Information Manager, Especialista en Interoperabilidad, IFC Specialist, BIM Construction Manager, T\u00e9cnico Experto en BIM, BIM Scheduler, BIM Quantity Surveyor, BIM Facilitator, BIM Researcher, BIM Consultant, BIM Expert, etc.<\/p>\n<h3><strong>Inicio de las pr\u00f3ximas ediciones en octubre<\/strong><\/h3>\n<p>Tanto la modalidad presencial de este t\u00edtulo, como la modalidad online, tienen previsto el comienzo de una nueva edici\u00f3n para el pr\u00f3ximo mes de octubre. Las personas interesadas en esta formaci\u00f3n, pueden consultar el avance de la oferta de t\u00edtulos propios para el curso 2025\/2026 en el que se encuentran estos programas aqu\u00ed: <a href=\"https:\/\/www.upo.es\/formacionpermanente\/titulos-propios\/oferta-academica-2025-2026\/\">https:\/\/www.upo.es\/formacionpermanente\/titulos-propios\/oferta-academica-2025-2026\/<\/a><\/p>\n<p>El plan de estudios de este programa se divide en tres m\u00f3dulos: Diploma de Experto en BIM (Building Information Modeling) y Arquitectura Sostenible, con una carga lectiva de 15 ECTS; Diploma de Especializaci\u00f3n en BIM (Building Information Modeling) &amp; VDC (Virtual Design and Construction), con una carga lectiva de 40 ECTS; y el Trabajo Fin de M\u00e1ster (5 ECTS).<\/p>\n<p>M\u00e1s informaci\u00f3n: <a href=\"https:\/\/www.upo.es\/formacionpermanente\/titulos-propios\/cursos-en-bim-y-vdc\/\">https:\/\/www.upo.es\/formacionpermanente\/titulos-propios\/cursos-en-bim-y-vdc\/<\/a><\/p>\n<p>Fuente: Fundaci\u00f3n Universidad Pablo de Olavide<\/p>\n","protected":false},"excerpt":{"rendered":"<p>La Universidad Pablo de Olavide ha celebrado el acto de graduaci\u00f3n de la octava promoci\u00f3n del \u2018M\u00e1ster de Formaci\u00f3n Permanente International BIM Manager for Project Management according to ISO 19650: Building Information Modelling\u2019 en modalidad presencial. Un t\u00edtulo propio de la UPO que, en esta edici\u00f3n, ha formado a estudiantes de pa\u00edses como Espa\u00f1a, Colombia, Chile y Argentina. <\/p>\n","protected":false},"author":6,"featured_media":30885373,"comment_status":"closed","ping_status":"open","sticky":false,"template":"","format":"standard","meta":{"_monsterinsights_skip_tracking":false,"_monsterinsights_sitenote_active":false,"_monsterinsights_sitenote_note":"","_monsterinsights_sitenote_category":0,"footnotes":""},"categories":[5842],"tags":[2474,5042,118,166],"class_list":["post-30885371","post","type-post","status-publish","format-standard","has-post-thumbnail","hentry","category-comunidad","tag-fundacion-universidad-pablo-de-olavide","tag-graduacion","tag-master","tag-titulo-propio"],"_links":{"self":[{"href":"https:\/\/www.upo.es\/diario\/wp-json\/wp\/v2\/posts\/30885371","targetHints":{"allow":["GET"]}}],"collection":[{"href":"https:\/\/www.upo.es\/diario\/wp-json\/wp\/v2\/posts"}],"about":[{"href":"https:\/\/www.upo.es\/diario\/wp-json\/wp\/v2\/types\/post"}],"author":[{"embeddable":true,"href":"https:\/\/www.upo.es\/diario\/wp-json\/wp\/v2\/users\/6"}],"replies":[{"embeddable":true,"href":"https:\/\/www.upo.es\/diario\/wp-json\/wp\/v2\/comments?post=30885371"}],"version-history":[{"count":2,"href":"https:\/\/www.upo.es\/diario\/wp-json\/wp\/v2\/posts\/30885371\/revisions"}],"predecessor-version":[{"id":30885374,"href":"https:\/\/www.upo.es\/diario\/wp-json\/wp\/v2\/posts\/30885371\/revisions\/30885374"}],"wp:featuredmedia":[{"embeddable":true,"href":"https:\/\/www.upo.es\/diario\/wp-json\/wp\/v2\/media\/30885373"}],"wp:attachment":[{"href":"https:\/\/www.upo.es\/diario\/wp-json\/wp\/v2\/media?parent=30885371"}],"wp:term":[{"taxonomy":"category","embeddable":true,"href":"https:\/\/www.upo.es\/diario\/wp-json\/wp\/v2\/categories?post=30885371"},{"taxonomy":"post_tag","embeddable":true,"href":"https:\/\/www.upo.es\/diario\/wp-json\/wp\/v2\/tags?post=30885371"}],"curies":[{"name":"wp","href":"https:\/\/api.w.org\/{rel}","templated":true}]}}