{"id":30885375,"date":"2025-02-19T09:58:06","date_gmt":"2025-02-19T08:58:06","guid":{"rendered":"https:\/\/www.upo.es\/diario\/?p=30885375"},"modified":"2025-03-10T09:22:41","modified_gmt":"2025-03-10T08:22:41","slug":"victor-lopez-ministro-defensa-simulacion-consejo-union-europea","status":"publish","type":"post","link":"https:\/\/www.upo.es\/diario\/comunidad\/2025\/02\/victor-lopez-ministro-defensa-simulacion-consejo-union-europea\/","title":{"rendered":"V\u00edctor L\u00f3pez, estudiante de la UPO, ser\u00e1 el ministro de Defensa espa\u00f1ol en la Simulaci\u00f3n del Consejo de la Uni\u00f3n Europea"},"content":{"rendered":"<figure id=\"attachment_30885376\" aria-describedby=\"caption-attachment-30885376\" style=\"width: 750px\" class=\"wp-caption aligncenter\"><a href=\"https:\/\/www.upo.es\/diario\/wp-content\/uploads\/2025\/02\/Victor-Lopez-scaled.jpg\"><img loading=\"lazy\" decoding=\"async\" class=\"size-large wp-image-30885376\" src=\"https:\/\/www.upo.es\/diario\/wp-content\/uploads\/2025\/02\/Victor-Lopez-750x500.jpg\" alt=\"V\u00edctor L\u00f3pez Ru\u00edz\" width=\"750\" height=\"500\" srcset=\"https:\/\/www.upo.es\/diario\/wp-content\/uploads\/2025\/02\/Victor-Lopez-750x500.jpg 750w, https:\/\/www.upo.es\/diario\/wp-content\/uploads\/2025\/02\/Victor-Lopez-420x280.jpg 420w, https:\/\/www.upo.es\/diario\/wp-content\/uploads\/2025\/02\/Victor-Lopez-768x512.jpg 768w, https:\/\/www.upo.es\/diario\/wp-content\/uploads\/2025\/02\/Victor-Lopez-1536x1024.jpg 1536w, https:\/\/www.upo.es\/diario\/wp-content\/uploads\/2025\/02\/Victor-Lopez-2048x1365.jpg 2048w, https:\/\/www.upo.es\/diario\/wp-content\/uploads\/2025\/02\/Victor-Lopez-165x109.jpg 165w, https:\/\/www.upo.es\/diario\/wp-content\/uploads\/2025\/02\/Victor-Lopez-1320x880.jpg 1320w\" sizes=\"auto, (max-width: 750px) 100vw, 750px\" \/><\/a><figcaption id=\"caption-attachment-30885376\" class=\"wp-caption-text\">V\u00edctor L\u00f3pez Ru\u00edz, estudiante seleccionado para participar en CONSIMIUN<\/figcaption><\/figure>\n<p>El estudiante del Doble Grado en Relaciones Internacionales y Traducci\u00f3n e Interpretaci\u00f3n de la Pablo de Olavide <strong>V\u00edctor L\u00f3pez Ru\u00edz ha sido seleccionado a nivel nacional para formar parte del equipo de seis j\u00f3venes universitarios que representar\u00e1n a Espa\u00f1a en la Simulaci\u00f3n del Consejo de la Uni\u00f3n Europea (ConSIMium), que se celebra los d\u00edas 20 y 21 de febrero en Bruselas<\/strong>.<\/p>\n<p>En <a href=\"https:\/\/www.consilium.europa.eu\/es\/events\/consimium\/\">ConSIMium<\/a> participar\u00e1n 27 equipos que, en representaci\u00f3n de sus respectivos pa\u00edses, negociar\u00e1n en la toma de decisiones y adopci\u00f3n de nuevas normas para la Uni\u00f3n Europea. <strong>El equipo espa\u00f1ol est\u00e1 conformado por seis estudiantes<\/strong>: dos expertos nacionales, un periodista, un embajador, un jefe de Estado o de Gobierno y un ministro de Defensa, rol que representar\u00e1 V\u00edctor L\u00f3pez.<\/p>\n<p>Los equipos de estudiantes universitarios negociar\u00e1n, tal como si estuviesen en el Consejo de la UE, sobre dos temas de actualidad: <strong>medidas para asegurar el aprovisionamiento de materias primas cr\u00edticas en Europa y la creaci\u00f3n de un organismo para adquirir armamento de manera conjunta entre los Estados miembros<\/strong>. Una vez en el Consejo, los equipos simular\u00e1n su trabajo siguiendo las distintas instancias y fases de una negociaci\u00f3n europea, con reuniones de expertos y expertas nacionales, de los embajadores y, finalmente, de representantes de los ministerios, que adoptar\u00e1n o rechazar\u00e1n las propuestas.<\/p>\n<p>El equipo de seis estudiantes que representar\u00e1 a Espa\u00f1a en esta tercera edici\u00f3n ConSIMium (<em>Council Simulation Experience<\/em>) ha sido seleccionado entre universidades de todo el pa\u00eds en base a su expediente acad\u00e9mico, su conocimiento acerca del funcionamiento de la Uni\u00f3n Europea y el dominio de idiomas.<\/p>\n","protected":false},"excerpt":{"rendered":"<p>El estudiante del Doble Grado en Relaciones Internacionales y Traducci\u00f3n e Interpretaci\u00f3n de la Pablo de Olavide V\u00edctor L\u00f3pez Ru\u00edz ha sido seleccionado a nivel nacional para formar parte del equipo de seis j\u00f3venes universitarios que representar\u00e1n a Espa\u00f1a en la Simulaci\u00f3n del Consejo de la Uni\u00f3n Europea (ConSIMium), que se celebra los d\u00edas 20 y 21 de febrero en Bruselas.<\/p>\n","protected":false},"author":6,"featured_media":30885376,"comment_status":"closed","ping_status":"open","sticky":false,"template":"","format":"standard","meta":{"_monsterinsights_skip_tracking":false,"_monsterinsights_sitenote_active":false,"_monsterinsights_sitenote_note":"","_monsterinsights_sitenote_category":0,"footnotes":""},"categories":[5842],"tags":[3577,3270,21,5987,925,68],"class_list":["post-30885375","post","type-post","status-publish","format-standard","has-post-thumbnail","hentry","category-comunidad","tag-area-de-relaciones-internacionales","tag-bruselas","tag-estudiantes","tag-grado-en-traduccion-e-interpretacion-en-frances","tag-internacionalizacion","tag-union-europea"],"_links":{"self":[{"href":"https:\/\/www.upo.es\/diario\/wp-json\/wp\/v2\/posts\/30885375","targetHints":{"allow":["GET"]}}],"collection":[{"href":"https:\/\/www.upo.es\/diario\/wp-json\/wp\/v2\/posts"}],"about":[{"href":"https:\/\/www.upo.es\/diario\/wp-json\/wp\/v2\/types\/post"}],"author":[{"embeddable":true,"href":"https:\/\/www.upo.es\/diario\/wp-json\/wp\/v2\/users\/6"}],"replies":[{"embeddable":true,"href":"https:\/\/www.upo.es\/diario\/wp-json\/wp\/v2\/comments?post=30885375"}],"version-history":[{"count":1,"href":"https:\/\/www.upo.es\/diario\/wp-json\/wp\/v2\/posts\/30885375\/revisions"}],"predecessor-version":[{"id":30885377,"href":"https:\/\/www.upo.es\/diario\/wp-json\/wp\/v2\/posts\/30885375\/revisions\/30885377"}],"wp:featuredmedia":[{"embeddable":true,"href":"https:\/\/www.upo.es\/diario\/wp-json\/wp\/v2\/media\/30885376"}],"wp:attachment":[{"href":"https:\/\/www.upo.es\/diario\/wp-json\/wp\/v2\/media?parent=30885375"}],"wp:term":[{"taxonomy":"category","embeddable":true,"href":"https:\/\/www.upo.es\/diario\/wp-json\/wp\/v2\/categories?post=30885375"},{"taxonomy":"post_tag","embeddable":true,"href":"https:\/\/www.upo.es\/diario\/wp-json\/wp\/v2\/tags?post=30885375"}],"curies":[{"name":"wp","href":"https:\/\/api.w.org\/{rel}","templated":true}]}}