{"id":30885392,"date":"2025-02-19T20:56:18","date_gmt":"2025-02-19T19:56:18","guid":{"rendered":"https:\/\/www.upo.es\/diario\/?p=30885392"},"modified":"2025-02-19T20:56:18","modified_gmt":"2025-02-19T19:56:18","slug":"una-mesa-redonda-resalta-en-el-campus-la-importancia-de-avanzar-en-igualdad-en-el-deporte","status":"publish","type":"post","link":"https:\/\/www.upo.es\/diario\/docencia-formacion\/2025\/02\/una-mesa-redonda-resalta-en-el-campus-la-importancia-de-avanzar-en-igualdad-en-el-deporte\/","title":{"rendered":"Una mesa redonda resalta en el campus la importancia de avanzar en igualdad en el deporte"},"content":{"rendered":"<p><a href=\"https:\/\/www.upo.es\/diario\/wp-content\/uploads\/2025\/02\/c81f59d1-1042-40b7-8203-cc898b580fb7-scaled.jpg\"><img loading=\"lazy\" decoding=\"async\" class=\"aligncenter size-large wp-image-30885396\" src=\"https:\/\/www.upo.es\/diario\/wp-content\/uploads\/2025\/02\/c81f59d1-1042-40b7-8203-cc898b580fb7-750x422.jpg\" alt=\"\" width=\"750\" height=\"422\" srcset=\"https:\/\/www.upo.es\/diario\/wp-content\/uploads\/2025\/02\/c81f59d1-1042-40b7-8203-cc898b580fb7-750x422.jpg 750w, https:\/\/www.upo.es\/diario\/wp-content\/uploads\/2025\/02\/c81f59d1-1042-40b7-8203-cc898b580fb7-420x236.jpg 420w, https:\/\/www.upo.es\/diario\/wp-content\/uploads\/2025\/02\/c81f59d1-1042-40b7-8203-cc898b580fb7-768x432.jpg 768w, https:\/\/www.upo.es\/diario\/wp-content\/uploads\/2025\/02\/c81f59d1-1042-40b7-8203-cc898b580fb7-1536x864.jpg 1536w, https:\/\/www.upo.es\/diario\/wp-content\/uploads\/2025\/02\/c81f59d1-1042-40b7-8203-cc898b580fb7-2048x1152.jpg 2048w, https:\/\/www.upo.es\/diario\/wp-content\/uploads\/2025\/02\/c81f59d1-1042-40b7-8203-cc898b580fb7-1320x743.jpg 1320w\" sizes=\"auto, (max-width: 750px) 100vw, 750px\" \/><\/a>La mesa redonda <strong>&#8216;Impulsando la Igualdad en el Deporte&#8217; <\/strong>se ha celebrado esta ma\u00f1ana en el campus UPO con el objetivo de fomentar la igualdad de g\u00e9nero en el deporte. La jornada, en el marco de un programa que est\u00e1 desarrollando el Comit\u00e9 Ol\u00edmpico Espa\u00f1ol e Iberdrola en las universidades espa\u00f1olas, incluy\u00f3 la <strong>proyecci\u00f3n del documental<\/strong> <strong>&#8216;Empoderamiento de mujeres en el deporte&#8217;<\/strong>.<\/p>\n<p>La presentaci\u00f3n del acto corri\u00f3 a cargo de <strong>Antonio Fern\u00e1ndez<\/strong>, vicerrector de Campus Saludable y Deporte, quien destac\u00f3 la necesidad de \u00abtrasladar al estudiantado que todav\u00eda hay que seguir trabajando para que haya una igualdad efectiva y real en el deporte\u00bb. <strong>I\u00f1igo Rueda<\/strong>, del departamento de marketing y sostenibilidad del COE, hizo tambi\u00e9n hincapi\u00e9 en el camino que a\u00fan queda por recorrer: \u00abcreemos que el Deporte es el veh\u00edculo perfecto para inspirar a la sociedad y promover el cambio, un cambio que consideramos ahora mismo imprescindible\u00bb. <strong>Andrea S\u00e1nchez<\/strong>, responsable de patrocinio deportivo en Iberdrola, resalt\u00f3 la importancia del papel que desempe\u00f1an las empresas: \u00aben 2016 comenzamos con esta aventura y nos dimos cuenta del desastre. No entend\u00edamos c\u00f3mo era posible que existiese talento pero que las deportistas no tuviesen voz. As\u00ed comenzamos a trabajar muy duro para darle esa visibilidad a las deportistas, todas las oportunidades que se merec\u00edan\u00bb.<\/p>\n<h3>Deportistas de \u00e9lite como referentes de igualdad<\/h3>\n<p><a href=\"https:\/\/www.upo.es\/diario\/wp-content\/uploads\/2025\/02\/190409.jpe\"><img loading=\"lazy\" decoding=\"async\" class=\"alignright size-medium wp-image-30885252\" src=\"https:\/\/www.upo.es\/diario\/wp-content\/uploads\/2025\/02\/190409-420x236.jpe\" alt=\"\" width=\"420\" height=\"236\" srcset=\"https:\/\/www.upo.es\/diario\/wp-content\/uploads\/2025\/02\/190409-420x236.jpe 420w, https:\/\/www.upo.es\/diario\/wp-content\/uploads\/2025\/02\/190409-750x421.jpe 750w, https:\/\/www.upo.es\/diario\/wp-content\/uploads\/2025\/02\/190409-768x432.jpe 768w, https:\/\/www.upo.es\/diario\/wp-content\/uploads\/2025\/02\/190409.jpe 920w\" sizes=\"auto, (max-width: 420px) 100vw, 420px\" \/><\/a>La mesa redonda cont\u00f3 con la participaci\u00f3n de Ant\u00eda Jacom\u00e9 y Pablo Mart\u00ednez, deportistas ol\u00edmpicos y referentes en sus disciplinas. <strong>Ant\u00eda Jacom\u00e9<\/strong> (Pontevedra, 1999), pirag\u00fcista profesional especialista en la modalidad de mujer canoa, cuenta con un diploma ol\u00edmpico en los Juegos Ol\u00edmpicos de Tokio 2020, un Campeonato de Europa Absoluto en C1 200m, y fue reconocida como Mejor Deportista 2023 en la Gala Anual del Comit\u00e9 Ol\u00edmpico Espa\u00f1ol. Actualmente compagina su carrera deportiva con sus estudios en Educaci\u00f3n Infantil en la UCAM. Por su parte, <strong>Pablo Mart\u00ednez<\/strong> (Sevilla, 1997), tambi\u00e9n pirag\u00fcista de alto rendimiento, es diploma ol\u00edmpico en Tokio 2021, tiene dos oros en copas del mundo, Oro en el Campeonato del Mundo 2022 y Plata en los Juegos Europeos 2023. Adem\u00e1s, ha logrado compaginar su carrera deportiva con sus estudios en Fisioterapia y CCAFyD, un postgrado en MBA y cursa actualmente el MAES.<\/p>\n<p><a href=\"https:\/\/www.upo.es\/diario\/wp-content\/uploads\/2025\/02\/57045249-6f7c-4ac2-bd2c-9759b65c4167-scaled.jpg\"><img loading=\"lazy\" decoding=\"async\" class=\"aligncenter wp-image-30885395 size-large\" src=\"https:\/\/www.upo.es\/diario\/wp-content\/uploads\/2025\/02\/57045249-6f7c-4ac2-bd2c-9759b65c4167-750x422.jpg\" alt=\"MESA REDONDA IMPULSANDO LA IGUALDAD EN EL DEPORTE\" width=\"750\" height=\"422\" srcset=\"https:\/\/www.upo.es\/diario\/wp-content\/uploads\/2025\/02\/57045249-6f7c-4ac2-bd2c-9759b65c4167-750x422.jpg 750w, https:\/\/www.upo.es\/diario\/wp-content\/uploads\/2025\/02\/57045249-6f7c-4ac2-bd2c-9759b65c4167-420x236.jpg 420w, https:\/\/www.upo.es\/diario\/wp-content\/uploads\/2025\/02\/57045249-6f7c-4ac2-bd2c-9759b65c4167-768x432.jpg 768w, https:\/\/www.upo.es\/diario\/wp-content\/uploads\/2025\/02\/57045249-6f7c-4ac2-bd2c-9759b65c4167-1536x864.jpg 1536w, https:\/\/www.upo.es\/diario\/wp-content\/uploads\/2025\/02\/57045249-6f7c-4ac2-bd2c-9759b65c4167-2048x1152.jpg 2048w, https:\/\/www.upo.es\/diario\/wp-content\/uploads\/2025\/02\/57045249-6f7c-4ac2-bd2c-9759b65c4167-1320x743.jpg 1320w\" sizes=\"auto, (max-width: 750px) 100vw, 750px\" \/><\/a><\/p>\n<p>&nbsp;<\/p>\n","protected":false},"excerpt":{"rendered":"<p>La mesa redonda titulada &#8216;Impulsando la Igualdad en el Deporte&#8217; se ha celebrado esta ma\u00f1ana en el campus UPO con el objetivo de fomentar la igualdad de g\u00e9nero en el deporte. La jornada, en el marco de un programa que est\u00e1 desarrollando el Comit\u00e9 Ol\u00edmpico Espa\u00f1ol e Iberdrola en las universidades espa\u00f1olas, incluy\u00f3 la proyecci\u00f3n del documental &#8216;Empoderamiento de mujeres en el deporte&#8217;.<\/p>\n","protected":false},"author":6,"featured_media":30885395,"comment_status":"closed","ping_status":"open","sticky":false,"template":"","format":"standard","meta":{"_monsterinsights_skip_tracking":false,"_monsterinsights_sitenote_active":false,"_monsterinsights_sitenote_note":"","_monsterinsights_sitenote_category":0,"footnotes":""},"categories":[2779],"tags":[7428,9096,541,2784,5883,221,7253],"class_list":["post-30885392","post","type-post","status-publish","format-standard","has-post-thumbnail","hentry","category-docencia-formacion","tag-antonio-fernandez-martinez","tag-coe-comite-olimpico-espanol","tag-deporte","tag-iberdrola","tag-igualdad-de-genero","tag-mesa-redonda","tag-vicerrectorado-de-campus-saludable-y-deporte"],"_links":{"self":[{"href":"https:\/\/www.upo.es\/diario\/wp-json\/wp\/v2\/posts\/30885392","targetHints":{"allow":["GET"]}}],"collection":[{"href":"https:\/\/www.upo.es\/diario\/wp-json\/wp\/v2\/posts"}],"about":[{"href":"https:\/\/www.upo.es\/diario\/wp-json\/wp\/v2\/types\/post"}],"author":[{"embeddable":true,"href":"https:\/\/www.upo.es\/diario\/wp-json\/wp\/v2\/users\/6"}],"replies":[{"embeddable":true,"href":"https:\/\/www.upo.es\/diario\/wp-json\/wp\/v2\/comments?post=30885392"}],"version-history":[{"count":4,"href":"https:\/\/www.upo.es\/diario\/wp-json\/wp\/v2\/posts\/30885392\/revisions"}],"predecessor-version":[{"id":30885398,"href":"https:\/\/www.upo.es\/diario\/wp-json\/wp\/v2\/posts\/30885392\/revisions\/30885398"}],"wp:featuredmedia":[{"embeddable":true,"href":"https:\/\/www.upo.es\/diario\/wp-json\/wp\/v2\/media\/30885395"}],"wp:attachment":[{"href":"https:\/\/www.upo.es\/diario\/wp-json\/wp\/v2\/media?parent=30885392"}],"wp:term":[{"taxonomy":"category","embeddable":true,"href":"https:\/\/www.upo.es\/diario\/wp-json\/wp\/v2\/categories?post=30885392"},{"taxonomy":"post_tag","embeddable":true,"href":"https:\/\/www.upo.es\/diario\/wp-json\/wp\/v2\/tags?post=30885392"}],"curies":[{"name":"wp","href":"https:\/\/api.w.org\/{rel}","templated":true}]}}