{"id":30885417,"date":"2025-02-19T20:46:30","date_gmt":"2025-02-19T19:46:30","guid":{"rendered":"https:\/\/www.upo.es\/diario\/?p=30885417"},"modified":"2025-02-20T15:54:59","modified_gmt":"2025-02-20T14:54:59","slug":"crue-y-france-universites-refuerzan-su-cooperacion-con-la-firma-de-un-memorando-de-entendimiento-en-la-ocde","status":"publish","type":"post","link":"https:\/\/www.upo.es\/diario\/institucional\/2025\/02\/crue-y-france-universites-refuerzan-su-cooperacion-con-la-firma-de-un-memorando-de-entendimiento-en-la-ocde\/","title":{"rendered":"CRUE y France Universit\u00e9s refuerzan su cooperaci\u00f3n con la firma de un Memorando de Entendimiento en la OCDE"},"content":{"rendered":"<p><a href=\"https:\/\/www.upo.es\/diario\/wp-content\/uploads\/2025\/02\/WhatsApp-Image-2025-02-19-at-17.01.35-768x432-1-e1740063097546.jpeg\"><img loading=\"lazy\" decoding=\"async\" class=\"aligncenter wp-image-30885419 size-large\" src=\"https:\/\/www.upo.es\/diario\/wp-content\/uploads\/2025\/02\/WhatsApp-Image-2025-02-19-at-17.01.35-768x432-1-750x422.jpeg\" alt=\"Representantes de Conferencia de Rectores y Rectoras de las Universidades Espa\u00f1olas (CRUE) y France Universit\u00e9s\" width=\"750\" height=\"422\" \/><\/a>La Conferencia de Rectores y Rectoras de las Universidades Espa\u00f1olas (CRUE) y France Universit\u00e9s han firmado hoy un Memorando de Entendimiento (MoU) en la sede de la Organizaci\u00f3n para la Cooperaci\u00f3n y el Desarrollo Econ\u00f3micos (OCDE) en Par\u00eds. <strong>Este acuerdo viene a ratificar los lazos entre ambas instituciones y a reafirmar su compromiso con la cooperaci\u00f3n internacional en los \u00e1mbitos de la educaci\u00f3n superior y la investigaci\u00f3n<\/strong>.<\/p>\n<p>El acto institucional de firma ha contado con la presencia del Embajador de Espa\u00f1a ante la OCDE, <strong>Ximo Puig<\/strong>, y de <strong>Andreas Schleicher<\/strong>, director de Educaci\u00f3n y Competencias de la OCDE. <strong>Lamri Adoui<\/strong>, presidente de France Universit\u00e9s y rector de la Universit\u00e9 de Caen Normandie; y <strong>Eva Alc\u00f3n<\/strong>, presidenta de CRUE y rectora de la Universitat Jaume I, estuvieron acompa\u00f1ados por sus respectivas delegaciones y representantes de Francia y Espa\u00f1a ante la OCDE.<\/p>\n<figure id=\"attachment_30885420\" aria-describedby=\"caption-attachment-30885420\" style=\"width: 420px\" class=\"wp-caption alignright\"><a href=\"https:\/\/www.upo.es\/diario\/wp-content\/uploads\/2025\/02\/WhatsApp-Image-2025-02-19-at-17.01.37-3-1-768x432-1.jpeg\"><img loading=\"lazy\" decoding=\"async\" class=\"size-medium wp-image-30885420\" src=\"https:\/\/www.upo.es\/diario\/wp-content\/uploads\/2025\/02\/WhatsApp-Image-2025-02-19-at-17.01.37-3-1-768x432-1-420x236.jpeg\" alt=\"Eva Alc\u00f3n y Lamri Adoui\" width=\"420\" height=\"236\" srcset=\"https:\/\/www.upo.es\/diario\/wp-content\/uploads\/2025\/02\/WhatsApp-Image-2025-02-19-at-17.01.37-3-1-768x432-1-420x236.jpeg 420w, https:\/\/www.upo.es\/diario\/wp-content\/uploads\/2025\/02\/WhatsApp-Image-2025-02-19-at-17.01.37-3-1-768x432-1-750x422.jpeg 750w, https:\/\/www.upo.es\/diario\/wp-content\/uploads\/2025\/02\/WhatsApp-Image-2025-02-19-at-17.01.37-3-1-768x432-1-765x432.jpeg 765w, https:\/\/www.upo.es\/diario\/wp-content\/uploads\/2025\/02\/WhatsApp-Image-2025-02-19-at-17.01.37-3-1-768x432-1.jpeg 768w\" sizes=\"auto, (max-width: 420px) 100vw, 420px\" \/><\/a><figcaption id=\"caption-attachment-30885420\" class=\"wp-caption-text\">Eva Alc\u00f3n y Lamri Adoui<\/figcaption><\/figure>\n<p><strong>La firma de este MoU en la OCDE responde a la voluntad de CRUE y France Universit\u00e9s de explorar nuevas v\u00edas de colaboraci\u00f3n con esta organizaci\u00f3n multilateral<\/strong>, contribuyendo al an\u00e1lisis y dise\u00f1o de pol\u00edticas p\u00fablicas en \u00e1mbitos clave como la cooperaci\u00f3n acad\u00e9mica, la formaci\u00f3n a lo largo de la vida, el desarrollo de habilidades de aprendizaje, la colaboraci\u00f3n en proyectos de investigaci\u00f3n e innovaci\u00f3n, la transformaci\u00f3n digital y la promoci\u00f3n de una educaci\u00f3n superior inclusiva en ambos pa\u00edses.<\/p>\n<p>La presidenta de CRUE, Eva Alc\u00f3n, ha subrayado que este acuerdo es un compromiso con el futuro y con el fortalecimiento de la cooperaci\u00f3n universitaria entre Espa\u00f1a y Francia. \u00abAcordamos impulsar la participaci\u00f3n conjunta en las Alianzas de Universidades Europeas y fomentar la diplomacia cient\u00edfica. Queremos construir un ecosistema de excelencia compartida, con universidades que lideren la innovaci\u00f3n en el contexto de la transformaci\u00f3n digital y la transici\u00f3n ecol\u00f3gica, aline\u00e1ndonos con las recomendaciones de la OCDE para integrar la tecnolog\u00eda y la digitalizaci\u00f3n en el proceso educativo\u00bb, ha afirmado Alc\u00f3n.<\/p>\n<p>Por su parte, el presidente de France Universit\u00e9s, Lamri Adoui, ha destacado que el texto del acuerdo es, a su juicio, \u00abambicioso, m\u00e1s ambicioso incluso que cualquier otro acuerdo de asociaci\u00f3n bilateral firmado por France Universit\u00e9s en la \u00faltima d\u00e9cada, porque si bien reconoce la confianza mutua que se ha establecido entre nuestras dos organizaciones a lo largo de los a\u00f1os, tambi\u00e9n establece objetivos precisos, que requerir\u00e1n la movilizaci\u00f3n de nuestros respectivos equipos a trav\u00e9s de intercambios peri\u00f3dicos\u00bb.<\/p>\n<p>Con este MoU, CRUE y France Universit\u00e9s refuerzan su cooperaci\u00f3n y siguen contribuyendo al desarrollo de un Espacio Europeo de Educaci\u00f3n Superior m\u00e1s integrado y competitivo.<\/p>\n<p>Fuente: CRUE Universidades Espa\u00f1olas<\/p>\n","protected":false},"excerpt":{"rendered":"<p>La Conferencia de Rectores y Rectoras de las Universidades Espa\u00f1olas (CRUE) y France Universit\u00e9s han firmado hoy un Memorando de Entendimiento (MoU) en la sede de la Organizaci\u00f3n para la Cooperaci\u00f3n y el Desarrollo Econ\u00f3micos (OCDE) en Par\u00eds. Este acuerdo viene a ratificar los lazos entre ambas instituciones y a reafirmar su compromiso con la cooperaci\u00f3n internacional en los \u00e1mbitos de la educaci\u00f3n superior y la investigaci\u00f3n.<\/p>\n","protected":false},"author":6,"featured_media":30885419,"comment_status":"closed","ping_status":"open","sticky":false,"template":"","format":"standard","meta":{"_monsterinsights_skip_tracking":false,"_monsterinsights_sitenote_active":false,"_monsterinsights_sitenote_note":"","_monsterinsights_sitenote_category":0,"footnotes":""},"categories":[6],"tags":[8833,4124,2499,925,39],"class_list":["post-30885417","post","type-post","status-publish","format-standard","has-post-thumbnail","hentry","category-institucional","tag-cooperacion-academica","tag-crue-universidades-espanolas","tag-francia","tag-internacionalizacion","tag-universidades"],"_links":{"self":[{"href":"https:\/\/www.upo.es\/diario\/wp-json\/wp\/v2\/posts\/30885417","targetHints":{"allow":["GET"]}}],"collection":[{"href":"https:\/\/www.upo.es\/diario\/wp-json\/wp\/v2\/posts"}],"about":[{"href":"https:\/\/www.upo.es\/diario\/wp-json\/wp\/v2\/types\/post"}],"author":[{"embeddable":true,"href":"https:\/\/www.upo.es\/diario\/wp-json\/wp\/v2\/users\/6"}],"replies":[{"embeddable":true,"href":"https:\/\/www.upo.es\/diario\/wp-json\/wp\/v2\/comments?post=30885417"}],"version-history":[{"count":2,"href":"https:\/\/www.upo.es\/diario\/wp-json\/wp\/v2\/posts\/30885417\/revisions"}],"predecessor-version":[{"id":30885421,"href":"https:\/\/www.upo.es\/diario\/wp-json\/wp\/v2\/posts\/30885417\/revisions\/30885421"}],"wp:featuredmedia":[{"embeddable":true,"href":"https:\/\/www.upo.es\/diario\/wp-json\/wp\/v2\/media\/30885419"}],"wp:attachment":[{"href":"https:\/\/www.upo.es\/diario\/wp-json\/wp\/v2\/media?parent=30885417"}],"wp:term":[{"taxonomy":"category","embeddable":true,"href":"https:\/\/www.upo.es\/diario\/wp-json\/wp\/v2\/categories?post=30885417"},{"taxonomy":"post_tag","embeddable":true,"href":"https:\/\/www.upo.es\/diario\/wp-json\/wp\/v2\/tags?post=30885417"}],"curies":[{"name":"wp","href":"https:\/\/api.w.org\/{rel}","templated":true}]}}