{"id":30885452,"date":"2025-02-25T06:09:01","date_gmt":"2025-02-25T05:09:01","guid":{"rendered":"https:\/\/www.upo.es\/diario\/?p=30885452"},"modified":"2025-02-25T10:13:59","modified_gmt":"2025-02-25T09:13:59","slug":"german-del-real-director-de-ayesa-nuevo-miembro-del-consejo-social-de-la-upo","status":"publish","type":"post","link":"https:\/\/www.upo.es\/diario\/institucional\/2025\/02\/german-del-real-director-de-ayesa-nuevo-miembro-del-consejo-social-de-la-upo\/","title":{"rendered":"Germ\u00e1n del Real, director de Ayesa, nuevo miembro del Consejo Social de la UPO"},"content":{"rendered":"<figure id=\"attachment_30885454\" aria-describedby=\"caption-attachment-30885454\" style=\"width: 420px\" class=\"wp-caption alignright\"><img loading=\"lazy\" decoding=\"async\" class=\"size-medium wp-image-30885454\" src=\"https:\/\/www.upo.es\/diario\/wp-content\/uploads\/2025\/02\/G-Del-Real-420x416.jpg\" alt=\"Germ\u00e1n del Real Urbano \" width=\"420\" height=\"416\" srcset=\"https:\/\/www.upo.es\/diario\/wp-content\/uploads\/2025\/02\/G-Del-Real-420x416.jpg 420w, https:\/\/www.upo.es\/diario\/wp-content\/uploads\/2025\/02\/G-Del-Real-530x525.jpg 530w, https:\/\/www.upo.es\/diario\/wp-content\/uploads\/2025\/02\/G-Del-Real-768x760.jpg 768w, https:\/\/www.upo.es\/diario\/wp-content\/uploads\/2025\/02\/G-Del-Real.jpg 912w\" sizes=\"auto, (max-width: 420px) 100vw, 420px\" \/><figcaption id=\"caption-attachment-30885454\" class=\"wp-caption-text\">Germ\u00e1n del Real Urbano | C\u00edculo de Empresarios<\/figcaption><\/figure>\n<p>Germ\u00e1n del Real Urbano ha sido <a href=\"https:\/\/www.juntadeandalucia.es\/eboja\/2025\/37\/BOJA25-037-00001-2489-01_00316098.pdf\">nombrado por el consejero de Universidad, Investigaci\u00f3n e Innovaci\u00f3n de la Junta de Andaluc\u00eda<\/a>, Jos\u00e9 Carlos G\u00f3mez Villamandos, y a propuesta del Consejo de Gobierno de la Universidad, miembro del Consejo Social de la Pablo de Olavide, por el sector de representantes de los intereses sociales. El nuevo consejero sustituye a Jos\u00e9 Mar\u00eda Cruz de Andr\u00e9s.<\/p>\n<p>Germ\u00e1n del Real, con formaci\u00f3n de\u00a0 Econom\u00eda, Derecho y MBA, es director general de Ayesa, empresa fundada por el ingeniero sevillano Jos\u00e9 Luis Manzanares, firma dedicada a los servicios integrados de ingenier\u00eda y tecnolog\u00eda, con 12.000 profesionales bajo su techo y una cifra de negocio de m\u00e1s de 700 millones de euros. Del Real Urbano es un directivo con experiencia en desarrollo de negocio, gesti\u00f3n del cambio y de equipos, y expansi\u00f3n internacional.<\/p>\n<p>Fuente: Europa Press<\/p>\n","protected":false},"excerpt":{"rendered":"<p>Germ\u00e1n del Real Urbano ha sido nombrado por el consejero de Universidad, Investigaci\u00f3n e Innovaci\u00f3n de la Junta de Andaluc\u00eda, Jos\u00e9 Carlos G\u00f3mez Villamandos, y ha propuesta del Consejo de Gobierno de la Universidad, miembro del Consejo Social de la Pablo de Olavide, por el sector de representantes de los intereses sociales. El nuevo consejero sustituye a Jos\u00e9 Mar\u00eda Cruz de Andr\u00e9s.<\/p>\n","protected":false},"author":6,"featured_media":30885454,"comment_status":"closed","ping_status":"open","sticky":false,"template":"","format":"standard","meta":{"_monsterinsights_skip_tracking":false,"_monsterinsights_sitenote_active":false,"_monsterinsights_sitenote_note":"","_monsterinsights_sitenote_category":0,"footnotes":""},"categories":[6],"tags":[],"class_list":["post-30885452","post","type-post","status-publish","format-standard","has-post-thumbnail","hentry","category-institucional"],"_links":{"self":[{"href":"https:\/\/www.upo.es\/diario\/wp-json\/wp\/v2\/posts\/30885452","targetHints":{"allow":["GET"]}}],"collection":[{"href":"https:\/\/www.upo.es\/diario\/wp-json\/wp\/v2\/posts"}],"about":[{"href":"https:\/\/www.upo.es\/diario\/wp-json\/wp\/v2\/types\/post"}],"author":[{"embeddable":true,"href":"https:\/\/www.upo.es\/diario\/wp-json\/wp\/v2\/users\/6"}],"replies":[{"embeddable":true,"href":"https:\/\/www.upo.es\/diario\/wp-json\/wp\/v2\/comments?post=30885452"}],"version-history":[{"count":3,"href":"https:\/\/www.upo.es\/diario\/wp-json\/wp\/v2\/posts\/30885452\/revisions"}],"predecessor-version":[{"id":30885456,"href":"https:\/\/www.upo.es\/diario\/wp-json\/wp\/v2\/posts\/30885452\/revisions\/30885456"}],"wp:featuredmedia":[{"embeddable":true,"href":"https:\/\/www.upo.es\/diario\/wp-json\/wp\/v2\/media\/30885454"}],"wp:attachment":[{"href":"https:\/\/www.upo.es\/diario\/wp-json\/wp\/v2\/media?parent=30885452"}],"wp:term":[{"taxonomy":"category","embeddable":true,"href":"https:\/\/www.upo.es\/diario\/wp-json\/wp\/v2\/categories?post=30885452"},{"taxonomy":"post_tag","embeddable":true,"href":"https:\/\/www.upo.es\/diario\/wp-json\/wp\/v2\/tags?post=30885452"}],"curies":[{"name":"wp","href":"https:\/\/api.w.org\/{rel}","templated":true}]}}